{"id":7593,"date":"2023-08-25T11:45:32","date_gmt":"2023-08-25T16:45:32","guid":{"rendered":"https:\/\/www.radioactiva.com.pe\/blogs\/?p=7593"},"modified":"2023-08-25T11:45:32","modified_gmt":"2023-08-25T16:45:32","slug":"contraloria-deficiencias-proyecto-kuelap","status":"publish","type":"post","link":"https:\/\/www.radioactiva.com.pe\/blogs\/contraloria-deficiencias-proyecto-kuelap-noticia","title":{"rendered":"Contralor\u00eda alerta sobre deficiencias en el expediente t\u00e9cnico del proyecto Ku\u00e9lap"},"content":{"rendered":"<p>La Contralor\u00eda General de la Rep\u00fablica revel\u00f3 que hay falta de sustento t\u00e9cnico en la propuesta del expediente para el proyecto del Complejo Arqueol\u00f3gico de Ku\u00e9lap. Estos puntos encontrados incluyen la memoria descriptiva, planos, metrados, an\u00e1lisis de costos unitarios y valorizaci\u00f3n mensual, entre otros.<\/p>\n<p><a href=\"https:\/\/www.radioactiva.com.pe\/blogs\/wp-content\/uploads\/2023\/08\/Ministra-de-Cultura-Kuelap-sera-reabierto-parcialmente-en-la-quincena-de-agosto-para-el-uso-ciudadano-4.jpeg\"><img loading=\"lazy\" decoding=\"async\" class=\"alignnone size-full wp-image-7517\" src=\"https:\/\/www.radioactiva.com.pe\/blogs\/wp-content\/uploads\/2023\/08\/Ministra-de-Cultura-Kuelap-sera-reabierto-parcialmente-en-la-quincena-de-agosto-para-el-uso-ciudadano-4.jpeg\" alt=\"\" width=\"1024\" height=\"768\" \/><\/a><\/p>\n<p>Este proyecto de intervenci\u00f3n tiene un costo de inversi\u00f3n de S\/ 15,608,963, para lo cual el Ministerio de Cultura suscribi\u00f3 el contrato con la consultora por S\/ 868,782 para la elaboraci\u00f3n del expediente t\u00e9cnico sobre la intervenci\u00f3n en el acceso 1 de la zona arqueol\u00f3gica.<\/p>\n<p>El plazo para la ejecuci\u00f3n fue de 90 d\u00edas calendario, el cual viene siendo extendido a la fecha por las alertas formuladas respecto a la propuesta del expediente t\u00e9cnico.<\/p>\n<p><strong>Deficiencias identificadas<\/strong><\/p>\n<p>La Comisi\u00f3n de Control de la Contralor\u00eda, respecto al planteamiento t\u00e9cnico encontr\u00f3 que la propuesta t\u00e9cnica relacionada al drenaje pluvial considera que las aguas de lluvia se viertan sobre los muros arqueol\u00f3gicos, condici\u00f3n que puede afectar la estabilidad de los mismos en el sector a intervenir.<\/p>\n<p>Asimismo, se advirti\u00f3 que no se desarroll\u00f3 el an\u00e1lisis de la estabilidad de la estructura existente sobre el planteamiento t\u00e9cnico para la estabilidad de la b\u00f3veda del acceso, en el que se propone la construcci\u00f3n de una estructura provisional de soporte lateral, evidenci\u00e1ndose informaci\u00f3n incompleta respecto al estudio estructural.<\/p>\n<p>Tambi\u00e9n la propuesta de intervenciones en los muros que forman la b\u00f3veda del acceso 1 no especifica la fundamentaci\u00f3n t\u00e9cnica para ejecutar el desmontaje de los muros arqueol\u00f3gicos; as\u00ed tambi\u00e9n, el dise\u00f1o de mezcla de morteros para conservaci\u00f3n no muestra estudios de compatibilidad material.<\/p>\n<p>Por otro lado, la Comisi\u00f3n tambi\u00e9n hall\u00f3 \u00f3 inconsistencias en el resumen ejecutivo de la propuesta de expediente t\u00e9cnico, que contiene la evaluaci\u00f3n geol\u00f3gica e hidrogeol\u00f3gica para la intervenci\u00f3n del acceso 1, b\u00f3veda y sectores adyacentes.<\/p>\n<p>La Contralor\u00eda revel\u00f3 que la propuesta de la empresa contratista presenta inconsistencias respecto al tipo de intervenci\u00f3n que corresponde a esta modalidad de obra.<\/p>\n<p>Por ejemplo, no se incluyeron las actividades de intervenciones arqueol\u00f3gicas, pese a que \u00e9stas s\u00ed fueron incluidas en el cuadro de gastos desagregados.<\/p>\n<p><strong>Datos:<\/strong><\/p>\n<p>La Contralor\u00eda, por intermedio del \u00d3rgano de Control Institucional del Ministerio de Cultura, se encuentra realizando permanentes servicios de control en el Complejo Arqueol\u00f3gico de Ku\u00e9lap, y desde agosto de 2019 a la fecha se han emitido 10 informes de control.<\/p>\n","protected":false},"excerpt":{"rendered":"<p>La Contralor\u00eda General de la Rep\u00fablica revel\u00f3 que hay falta de sustento t\u00e9cnico en la propuesta del expediente para el proyecto del Complejo Arqueol\u00f3gico de Ku\u00e9lap. Estos puntos encontrados incluyen la memoria descriptiva, planos, metrados, an\u00e1lisis de costos unitarios y [&hellip;]<\/p>\n","protected":false},"author":3,"featured_media":7518,"comment_status":"closed","ping_status":"open","sticky":false,"template":"","format":"standard","meta":{"footnotes":""},"categories":[1174,29,5,1022],"tags":[],"class_list":["post-7593","post","type-post","status-publish","format-standard","has-post-thumbnail","hentry","category-cultura","category-destacamos","category-ultimas-noticias","category-turismo"],"featured_image_urls":{"full":["https:\/\/www.radioactiva.com.pe\/blogs\/wp-content\/uploads\/2023\/08\/Ministra-de-Cultura-Kuelap-sera-reabierto-parcialmente-en-la-quincena-de-agosto-para-el-uso-ciudadano-3.jpeg",1024,768,false],"thumbnail":["https:\/\/www.radioactiva.com.pe\/blogs\/wp-content\/uploads\/2023\/08\/Ministra-de-Cultura-Kuelap-sera-reabierto-parcialmente-en-la-quincena-de-agosto-para-el-uso-ciudadano-3-150x150.jpeg",150,150,true],"medium":["https:\/\/www.radioactiva.com.pe\/blogs\/wp-content\/uploads\/2023\/08\/Ministra-de-Cultura-Kuelap-sera-reabierto-parcialmente-en-la-quincena-de-agosto-para-el-uso-ciudadano-3-300x225.jpeg",300,225,true],"medium_large":["https:\/\/www.radioactiva.com.pe\/blogs\/wp-content\/uploads\/2023\/08\/Ministra-de-Cultura-Kuelap-sera-reabierto-parcialmente-en-la-quincena-de-agosto-para-el-uso-ciudadano-3-768x576.jpeg",768,576,true],"large":["https:\/\/www.radioactiva.com.pe\/blogs\/wp-content\/uploads\/2023\/08\/Ministra-de-Cultura-Kuelap-sera-reabierto-parcialmente-en-la-quincena-de-agosto-para-el-uso-ciudadano-3.jpeg",1024,768,false],"wpsimplegallery_admin_thumb":["https:\/\/www.radioactiva.com.pe\/blogs\/wp-content\/uploads\/2023\/08\/Ministra-de-Cultura-Kuelap-sera-reabierto-parcialmente-en-la-quincena-de-agosto-para-el-uso-ciudadano-3.jpeg",109,82,false],"wpsimplegallery_thumb":["https:\/\/www.radioactiva.com.pe\/blogs\/wp-content\/uploads\/2023\/08\/Ministra-de-Cultura-Kuelap-sera-reabierto-parcialmente-en-la-quincena-de-agosto-para-el-uso-ciudadano-3.jpeg",100,75,false],"1536x1536":["https:\/\/www.radioactiva.com.pe\/blogs\/wp-content\/uploads\/2023\/08\/Ministra-de-Cultura-Kuelap-sera-reabierto-parcialmente-en-la-quincena-de-agosto-para-el-uso-ciudadano-3.jpeg",1024,768,false],"2048x2048":["https:\/\/www.radioactiva.com.pe\/blogs\/wp-content\/uploads\/2023\/08\/Ministra-de-Cultura-Kuelap-sera-reabierto-parcialmente-en-la-quincena-de-agosto-para-el-uso-ciudadano-3.jpeg",1024,768,false],"wp_review_large":["https:\/\/www.radioactiva.com.pe\/blogs\/wp-content\/uploads\/2023\/08\/Ministra-de-Cultura-Kuelap-sera-reabierto-parcialmente-en-la-quincena-de-agosto-para-el-uso-ciudadano-3.jpeg",267,200,false],"wp_review_small":["https:\/\/www.radioactiva.com.pe\/blogs\/wp-content\/uploads\/2023\/08\/Ministra-de-Cultura-Kuelap-sera-reabierto-parcialmente-en-la-quincena-de-agosto-para-el-uso-ciudadano-3.jpeg",65,49,false],"grandmagazine_blog_classic":["https:\/\/www.radioactiva.com.pe\/blogs\/wp-content\/uploads\/2023\/08\/Ministra-de-Cultura-Kuelap-sera-reabierto-parcialmente-en-la-quincena-de-agosto-para-el-uso-ciudadano-3.jpeg",1024,768,false],"grandmagazine_blog":["https:\/\/www.radioactiva.com.pe\/blogs\/wp-content\/uploads\/2023\/08\/Ministra-de-Cultura-Kuelap-sera-reabierto-parcialmente-en-la-quincena-de-agosto-para-el-uso-ciudadano-3.jpeg",600,450,false],"woocommerce_thumbnail":["https:\/\/www.radioactiva.com.pe\/blogs\/wp-content\/uploads\/2023\/08\/Ministra-de-Cultura-Kuelap-sera-reabierto-parcialmente-en-la-quincena-de-agosto-para-el-uso-ciudadano-3-300x300.jpeg",300,300,true],"woocommerce_single":["https:\/\/www.radioactiva.com.pe\/blogs\/wp-content\/uploads\/2023\/08\/Ministra-de-Cultura-Kuelap-sera-reabierto-parcialmente-en-la-quincena-de-agosto-para-el-uso-ciudadano-3-600x450.jpeg",600,450,true],"woocommerce_gallery_thumbnail":["https:\/\/www.radioactiva.com.pe\/blogs\/wp-content\/uploads\/2023\/08\/Ministra-de-Cultura-Kuelap-sera-reabierto-parcialmente-en-la-quincena-de-agosto-para-el-uso-ciudadano-3-100x100.jpeg",100,100,true]},"author_info":{"display_name":"Radioactiva","author_link":"https:\/\/www.radioactiva.com.pe\/blogs\/author\/percytv"},"category_info":"<a href=\"https:\/\/www.radioactiva.com.pe\/blogs\/secciones\/cultura\" rel=\"category tag\">Cultura<\/a> <a href=\"https:\/\/www.radioactiva.com.pe\/blogs\/secciones\/destacamos\" rel=\"category tag\">Destacamos<\/a> <a href=\"https:\/\/www.radioactiva.com.pe\/blogs\/secciones\/ultimas-noticias\" rel=\"category tag\">Noticias<\/a> <a href=\"https:\/\/www.radioactiva.com.pe\/blogs\/secciones\/turismo\" rel=\"category tag\">Turismo<\/a>","tag_info":"Turismo","comment_count":0,"_links":{"self":[{"href":"https:\/\/www.radioactiva.com.pe\/blogs\/wp-json\/wp\/v2\/posts\/7593","targetHints":{"allow":["GET"]}}],"collection":[{"href":"https:\/\/www.radioactiva.com.pe\/blogs\/wp-json\/wp\/v2\/posts"}],"about":[{"href":"https:\/\/www.radioactiva.com.pe\/blogs\/wp-json\/wp\/v2\/types\/post"}],"author":[{"embeddable":true,"href":"https:\/\/www.radioactiva.com.pe\/blogs\/wp-json\/wp\/v2\/users\/3"}],"replies":[{"embeddable":true,"href":"https:\/\/www.radioactiva.com.pe\/blogs\/wp-json\/wp\/v2\/comments?post=7593"}],"version-history":[{"count":0,"href":"https:\/\/www.radioactiva.com.pe\/blogs\/wp-json\/wp\/v2\/posts\/7593\/revisions"}],"wp:featuredmedia":[{"embeddable":true,"href":"https:\/\/www.radioactiva.com.pe\/blogs\/wp-json\/wp\/v2\/media\/7518"}],"wp:attachment":[{"href":"https:\/\/www.radioactiva.com.pe\/blogs\/wp-json\/wp\/v2\/media?parent=7593"}],"wp:term":[{"taxonomy":"category","embeddable":true,"href":"https:\/\/www.radioactiva.com.pe\/blogs\/wp-json\/wp\/v2\/categories?post=7593"},{"taxonomy":"post_tag","embeddable":true,"href":"https:\/\/www.radioactiva.com.pe\/blogs\/wp-json\/wp\/v2\/tags?post=7593"}],"curies":[{"name":"wp","href":"https:\/\/api.w.org\/{rel}","templated":true}]}}