{"id":6299,"date":"2021-10-21T09:49:29","date_gmt":"2021-10-21T14:49:29","guid":{"rendered":"http:\/\/www.radioactiva.com.pe\/blogs\/?p=6299"},"modified":"2021-10-21T09:49:29","modified_gmt":"2021-10-21T14:49:29","slug":"covid-19-menores-de-12-a-17-anos-seran-vacunados-a-partir-de-noviembre","status":"publish","type":"post","link":"https:\/\/www.radioactiva.com.pe\/blogs\/covid-19-menores-de-12-a-17-anos-seran-vacunados-a-partir-de-noviembre-noticia","title":{"rendered":"COVID-19: Menores de 12 a 17 a\u00f1os ser\u00e1n vacunados a partir de noviembre"},"content":{"rendered":"<p style=\"background: white; margin: 0cm 0cm 19.5pt 0cm;\"><span style=\"font-size: 11.5pt; font-family: Montserrat; color: #222222;\">\u201cEl mes entrante empezaremos a vacunar a los m\u00e1s peque\u00f1os porque est\u00e1 debidamente comprobado que no hay ning\u00fan problema con la vacuna, en cualquiera de las marcas. La\u00a0<span style=\"font-family: Montserrat;\">AstraZeneca<\/span>\u00a0es aplicada en muchos pa\u00edses y tiene certificaci\u00f3n de la\u00a0<span style=\"font-family: Montserrat;\"><span style=\"color: #711b4c; text-decoration: none; text-underline: none;\">Organizaci\u00f3n Mundial de la Salud (OMS)<\/span><\/span>, manifest\u00f3 el principal del ministerio de salud.<\/span><\/p>\n<p style=\"background: white; margin: 0cm 0cm 19.5pt 0cm;\"><span style=\"font-size: 11.5pt; font-family: Montserrat; color: #222222;\">El titular del sector Salud mencion\u00f3 tambi\u00e9n que con la compra de nuevas vacunas se continuar\u00e1 disminuyendo el rango de edad para lograr que m\u00e1s peruanos est\u00e9n protegidos.<\/span><\/p>\n<p style=\"background: white; box-sizing: border-box; overflow-wrap: break-word; font-variant-ligatures: normal; font-variant-caps: normal; orphans: 2; text-align: start; widows: 2; -webkit-text-stroke-width: 0px; text-decoration-thickness: initial; text-decoration-style: initial; text-decoration-color: initial; word-spacing: 0px; margin: 0cm 0cm 19.5pt 0cm;\"><span style=\"font-size: 11.5pt; font-family: Montserrat; color: #222222;\">As\u00ed mismo, record\u00f3 que el 90% de las personas que actualmente ocupan las camas en las unidades de cuidados intensivos (UCI) son aquellos que han recibido las dos dosis, por lo que reiter\u00f3 el llamado a todos los mayores de 18 a\u00f1os a que acudan al centro de vacunaci\u00f3n m\u00e1s cercano a fin de evitar la propagaci\u00f3n del virus.<\/span><\/p>\n","protected":false},"excerpt":{"rendered":"<p>El ministro de Salud, Hernando Cevallos, inform\u00f3 que en noviembre se iniciar\u00e1 la inoculaci\u00f3n contra el covid-19 a menores entre 12 a 17 a\u00f1os. De igual forma, para los pr\u00f3ximos d\u00edas se espera el arribo de 328,770 dosis de Pfizer.<\/p>\n","protected":false},"author":3,"featured_media":6302,"comment_status":"open","ping_status":"open","sticky":false,"template":"","format":"standard","meta":{"footnotes":""},"categories":[1026,29,1024],"tags":[],"class_list":["post-6299","post","type-post","status-publish","format-standard","has-post-thumbnail","hentry","category-deportes","category-destacamos","category-sociedad"],"featured_image_urls":{"full":["https:\/\/www.radioactiva.com.pe\/blogs\/wp-content\/uploads\/2021\/10\/Vacunacion-adolescentes.width-1920-1-e1634827734927.jpg",1200,800,false],"thumbnail":["https:\/\/www.radioactiva.com.pe\/blogs\/wp-content\/uploads\/2021\/10\/Vacunacion-adolescentes.width-1920-1-150x150.jpg",150,150,true],"medium":["https:\/\/www.radioactiva.com.pe\/blogs\/wp-content\/uploads\/2021\/10\/Vacunacion-adolescentes.width-1920-1-300x200.jpg",300,200,true],"medium_large":["https:\/\/www.radioactiva.com.pe\/blogs\/wp-content\/uploads\/2021\/10\/Vacunacion-adolescentes.width-1920-1-768x512.jpg",768,512,true],"large":["https:\/\/www.radioactiva.com.pe\/blogs\/wp-content\/uploads\/2021\/10\/Vacunacion-adolescentes.width-1920-1-1024x683.jpg",1024,683,true],"wpsimplegallery_admin_thumb":["https:\/\/www.radioactiva.com.pe\/blogs\/wp-content\/uploads\/2021\/10\/Vacunacion-adolescentes.width-1920-1-e1634827734927.jpg",109,73,false],"wpsimplegallery_thumb":["https:\/\/www.radioactiva.com.pe\/blogs\/wp-content\/uploads\/2021\/10\/Vacunacion-adolescentes.width-1920-1-e1634827734927.jpg",100,67,false],"1536x1536":["https:\/\/www.radioactiva.com.pe\/blogs\/wp-content\/uploads\/2021\/10\/Vacunacion-adolescentes.width-1920-1-1536x1024.jpg",1536,1024,true],"2048x2048":["https:\/\/www.radioactiva.com.pe\/blogs\/wp-content\/uploads\/2021\/10\/Vacunacion-adolescentes.width-1920-1-e1634827734927.jpg",1200,800,false],"wp_review_large":["https:\/\/www.radioactiva.com.pe\/blogs\/wp-content\/uploads\/2021\/10\/Vacunacion-adolescentes.width-1920-1-e1634827734927.jpg",300,200,false],"wp_review_small":["https:\/\/www.radioactiva.com.pe\/blogs\/wp-content\/uploads\/2021\/10\/Vacunacion-adolescentes.width-1920-1-e1634827734927.jpg",65,43,false],"grandmagazine_blog_classic":["https:\/\/www.radioactiva.com.pe\/blogs\/wp-content\/uploads\/2021\/10\/Vacunacion-adolescentes.width-1920-1-e1634827734927.jpg",1024,683,false],"grandmagazine_blog":["https:\/\/www.radioactiva.com.pe\/blogs\/wp-content\/uploads\/2021\/10\/Vacunacion-adolescentes.width-1920-1-e1634827734927.jpg",600,400,false],"woocommerce_thumbnail":["https:\/\/www.radioactiva.com.pe\/blogs\/wp-content\/uploads\/2021\/10\/Vacunacion-adolescentes.width-1920-1-e1634827734927-300x300.jpg",300,300,true],"woocommerce_single":["https:\/\/www.radioactiva.com.pe\/blogs\/wp-content\/uploads\/2021\/10\/Vacunacion-adolescentes.width-1920-1-e1634827734927-600x400.jpg",600,400,true],"woocommerce_gallery_thumbnail":["https:\/\/www.radioactiva.com.pe\/blogs\/wp-content\/uploads\/2021\/10\/Vacunacion-adolescentes.width-1920-1-e1634827734927-100x100.jpg",100,100,true]},"author_info":{"display_name":"Radioactiva","author_link":"https:\/\/www.radioactiva.com.pe\/blogs\/author\/percytv"},"category_info":"<a href=\"https:\/\/www.radioactiva.com.pe\/blogs\/secciones\/deportes\" rel=\"category tag\">Deportes<\/a> <a href=\"https:\/\/www.radioactiva.com.pe\/blogs\/secciones\/destacamos\" rel=\"category tag\">Destacamos<\/a> <a href=\"https:\/\/www.radioactiva.com.pe\/blogs\/secciones\/sociedad\" rel=\"category tag\">Sociedad<\/a>","tag_info":"Sociedad","comment_count":0,"_links":{"self":[{"href":"https:\/\/www.radioactiva.com.pe\/blogs\/wp-json\/wp\/v2\/posts\/6299","targetHints":{"allow":["GET"]}}],"collection":[{"href":"https:\/\/www.radioactiva.com.pe\/blogs\/wp-json\/wp\/v2\/posts"}],"about":[{"href":"https:\/\/www.radioactiva.com.pe\/blogs\/wp-json\/wp\/v2\/types\/post"}],"author":[{"embeddable":true,"href":"https:\/\/www.radioactiva.com.pe\/blogs\/wp-json\/wp\/v2\/users\/3"}],"replies":[{"embeddable":true,"href":"https:\/\/www.radioactiva.com.pe\/blogs\/wp-json\/wp\/v2\/comments?post=6299"}],"version-history":[{"count":1,"href":"https:\/\/www.radioactiva.com.pe\/blogs\/wp-json\/wp\/v2\/posts\/6299\/revisions"}],"predecessor-version":[{"id":6303,"href":"https:\/\/www.radioactiva.com.pe\/blogs\/wp-json\/wp\/v2\/posts\/6299\/revisions\/6303"}],"wp:featuredmedia":[{"embeddable":true,"href":"https:\/\/www.radioactiva.com.pe\/blogs\/wp-json\/wp\/v2\/media\/6302"}],"wp:attachment":[{"href":"https:\/\/www.radioactiva.com.pe\/blogs\/wp-json\/wp\/v2\/media?parent=6299"}],"wp:term":[{"taxonomy":"category","embeddable":true,"href":"https:\/\/www.radioactiva.com.pe\/blogs\/wp-json\/wp\/v2\/categories?post=6299"},{"taxonomy":"post_tag","embeddable":true,"href":"https:\/\/www.radioactiva.com.pe\/blogs\/wp-json\/wp\/v2\/tags?post=6299"}],"curies":[{"name":"wp","href":"https:\/\/api.w.org\/{rel}","templated":true}]}}