{"id":5974,"date":"2021-04-06T11:12:15","date_gmt":"2021-04-06T16:12:15","guid":{"rendered":"http:\/\/www.radioactiva.com.pe\/blogs\/?p=5974"},"modified":"2021-04-06T11:12:15","modified_gmt":"2021-04-06T16:12:15","slug":"pinedo-comeca-retorno-a-las-clases-presenciales-no-es-obligatorio-si-asi-se-desea","status":"publish","type":"post","link":"https:\/\/www.radioactiva.com.pe\/blogs\/pinedo-comeca-retorno-a-las-clases-presenciales-no-es-obligatorio-si-asi-se-desea-noticia","title":{"rendered":"Pinedo Comeca: \u00abRetorno a las clases presenciales no es obligatorio si as\u00ed se desea\u00bb"},"content":{"rendered":"<p>El Director de la UGEL Chachapoyas, Juan Pinedo Comeca, mediante una entrevista con Radioactiva, declar\u00f3 con respecto al inicio de clases escolares en modalidad presencial, noticia que fue anunciada el pasado s\u00e1bado 3 de abril por el ministro de educaci\u00f3n Ricardo Cuenca.<\/p>\n<p>\u201cPara el retorno a la presencialidad, a partir del segundo mes de iniciado el a\u00f1o acad\u00e9mico, hay condiciones que deben cumplirse, una de ellas es que el Ministerio de Educaci\u00f3n emita una resoluci\u00f3n de conformidad basada en datos proporcionados por el Minsa con respecto a decesos, contagiados, recuperados, hospitalizados, situaci\u00f3n de aislamiento, etc. de cada uno de los distritos. Esta es la fuente para que el Minedu tome una decisi\u00f3n\u201d<\/p>\n<p>Seg\u00fan la fuente de datos mencionados, en Chachapoyas, los primeros distritos habilitados para el retorno a la presencialidad fueron: Cheto, Granada, Levanto y Maino. Esta informaci\u00f3n es actualizada cada 15 d\u00edas por lo que, a d\u00eda de hoy, hay un total de 8 distritos habilitados.<\/p>\n<p>La tarea de la UGEL Y DRE es verificar las condiciones de las Instituciones Educativas, con respecto a las normas de bioseguridad: El uso obligatorio de mascarilla para estudiantes y protector facial para docentes y directivos, adem\u00e1s de contar con acceso al agua potable e implementos de desinfecci\u00f3n y sanitizaci\u00f3n.<\/p>\n<p><a href=\"https:\/\/www.radioactiva.com.pe\/blogs\/wp-content\/uploads\/2021\/04\/CUEVANAK7JGONOXHOE44VHX5KE.jpg\"><img loading=\"lazy\" decoding=\"async\" class=\"aligncenter size-full wp-image-5985\" src=\"https:\/\/www.radioactiva.com.pe\/blogs\/wp-content\/uploads\/2021\/04\/CUEVANAK7JGONOXHOE44VHX5KE.jpg\" alt=\"\" width=\"600\" height=\"400\" \/><\/a><\/p>\n<p>Para Luis Chuqui Servan, Presidente de la APAFA del colegio \u201cSan Juan\u201d, se debe primero pensar en la salud de los hijos y de los docentes, pues se arriesgar\u00edan a contagiarse de las diferentes cepas del coronavirus. \u201cTodos somos humanos, la pandemia ha servido para mejorar la empat\u00eda entre seres humanos y no podemos avanzar si no hemos aprendido ello. Los maestros no son robots, son humanos, tengamos la conciencia del caso\u201d, expres\u00f3.<\/p>\n<p>El retorno a la I.E. lo pueden autorizar \u00fanicamente las mismas instituciones con previa reuni\u00f3n de padres de familia, profesores, directores, etc. Al respecto, Pinedo Comeca afirma que los estudiantes no se encuentran obligados a retomar las clases presenciales si es que sus padres o apoderados as\u00ed lo decidieran.<\/p>\n<p>\u201cPara regresar a las aulas debe cumplirse tambi\u00e9n la tercera condici\u00f3n que es la condici\u00f3n social, consiste en que los directivos del colegio, profesores y miembros de la Apafa firmen un acta de conformidad,\u2026, los padres tienen entera libertad de decidir si sus hijos asisten o no a la instituci\u00f3n. En ese caso de no desearlo, los estudiantes tienen todo el derecho de continuar su educaci\u00f3n v\u00eda virtual\u201d<\/p>\n","protected":false},"excerpt":{"rendered":"<p>Aforo permitido ser\u00eda de 4 m por estudiante.<\/p>\n","protected":false},"author":3,"featured_media":5984,"comment_status":"open","ping_status":"open","sticky":false,"template":"","format":"standard","meta":{"footnotes":""},"categories":[29,5,1024],"tags":[75,1109,1110],"class_list":["post-5974","post","type-post","status-publish","format-standard","has-post-thumbnail","hentry","category-destacamos","category-ultimas-noticias","category-sociedad","tag-amazonas","tag-aprendo-en-casa","tag-ugel-chachapoyas"],"featured_image_urls":{"full":["https:\/\/www.radioactiva.com.pe\/blogs\/wp-content\/uploads\/2021\/04\/peru-clases-presenciales-vuelven-en-los-colegios-desde-el-19-de-abril-907574.jpg",1200,650,false],"thumbnail":["https:\/\/www.radioactiva.com.pe\/blogs\/wp-content\/uploads\/2021\/04\/peru-clases-presenciales-vuelven-en-los-colegios-desde-el-19-de-abril-907574-150x150.jpg",150,150,true],"medium":["https:\/\/www.radioactiva.com.pe\/blogs\/wp-content\/uploads\/2021\/04\/peru-clases-presenciales-vuelven-en-los-colegios-desde-el-19-de-abril-907574-300x163.jpg",300,163,true],"medium_large":["https:\/\/www.radioactiva.com.pe\/blogs\/wp-content\/uploads\/2021\/04\/peru-clases-presenciales-vuelven-en-los-colegios-desde-el-19-de-abril-907574-768x416.jpg",768,416,true],"large":["https:\/\/www.radioactiva.com.pe\/blogs\/wp-content\/uploads\/2021\/04\/peru-clases-presenciales-vuelven-en-los-colegios-desde-el-19-de-abril-907574-1024x555.jpg",1024,555,true],"wpsimplegallery_admin_thumb":["https:\/\/www.radioactiva.com.pe\/blogs\/wp-content\/uploads\/2021\/04\/peru-clases-presenciales-vuelven-en-los-colegios-desde-el-19-de-abril-907574.jpg",109,59,false],"wpsimplegallery_thumb":["https:\/\/www.radioactiva.com.pe\/blogs\/wp-content\/uploads\/2021\/04\/peru-clases-presenciales-vuelven-en-los-colegios-desde-el-19-de-abril-907574.jpg",100,54,false],"1536x1536":["https:\/\/www.radioactiva.com.pe\/blogs\/wp-content\/uploads\/2021\/04\/peru-clases-presenciales-vuelven-en-los-colegios-desde-el-19-de-abril-907574.jpg",1200,650,false],"2048x2048":["https:\/\/www.radioactiva.com.pe\/blogs\/wp-content\/uploads\/2021\/04\/peru-clases-presenciales-vuelven-en-los-colegios-desde-el-19-de-abril-907574.jpg",1200,650,false],"wp_review_large":["https:\/\/www.radioactiva.com.pe\/blogs\/wp-content\/uploads\/2021\/04\/peru-clases-presenciales-vuelven-en-los-colegios-desde-el-19-de-abril-907574.jpg",320,173,false],"wp_review_small":["https:\/\/www.radioactiva.com.pe\/blogs\/wp-content\/uploads\/2021\/04\/peru-clases-presenciales-vuelven-en-los-colegios-desde-el-19-de-abril-907574.jpg",65,35,false],"grandmagazine_blog_classic":["https:\/\/www.radioactiva.com.pe\/blogs\/wp-content\/uploads\/2021\/04\/peru-clases-presenciales-vuelven-en-los-colegios-desde-el-19-de-abril-907574.jpg",1024,555,false],"grandmagazine_blog":["https:\/\/www.radioactiva.com.pe\/blogs\/wp-content\/uploads\/2021\/04\/peru-clases-presenciales-vuelven-en-los-colegios-desde-el-19-de-abril-907574.jpg",600,325,false],"woocommerce_thumbnail":["https:\/\/www.radioactiva.com.pe\/blogs\/wp-content\/uploads\/2021\/04\/peru-clases-presenciales-vuelven-en-los-colegios-desde-el-19-de-abril-907574-300x300.jpg",300,300,true],"woocommerce_single":["https:\/\/www.radioactiva.com.pe\/blogs\/wp-content\/uploads\/2021\/04\/peru-clases-presenciales-vuelven-en-los-colegios-desde-el-19-de-abril-907574-600x325.jpg",600,325,true],"woocommerce_gallery_thumbnail":["https:\/\/www.radioactiva.com.pe\/blogs\/wp-content\/uploads\/2021\/04\/peru-clases-presenciales-vuelven-en-los-colegios-desde-el-19-de-abril-907574-100x100.jpg",100,100,true]},"author_info":{"display_name":"Radioactiva","author_link":"https:\/\/www.radioactiva.com.pe\/blogs\/author\/percytv"},"category_info":"<a href=\"https:\/\/www.radioactiva.com.pe\/blogs\/secciones\/destacamos\" rel=\"category tag\">Destacamos<\/a> <a href=\"https:\/\/www.radioactiva.com.pe\/blogs\/secciones\/ultimas-noticias\" rel=\"category tag\">Noticias<\/a> <a href=\"https:\/\/www.radioactiva.com.pe\/blogs\/secciones\/sociedad\" rel=\"category tag\">Sociedad<\/a>","tag_info":"Sociedad","comment_count":0,"_links":{"self":[{"href":"https:\/\/www.radioactiva.com.pe\/blogs\/wp-json\/wp\/v2\/posts\/5974","targetHints":{"allow":["GET"]}}],"collection":[{"href":"https:\/\/www.radioactiva.com.pe\/blogs\/wp-json\/wp\/v2\/posts"}],"about":[{"href":"https:\/\/www.radioactiva.com.pe\/blogs\/wp-json\/wp\/v2\/types\/post"}],"author":[{"embeddable":true,"href":"https:\/\/www.radioactiva.com.pe\/blogs\/wp-json\/wp\/v2\/users\/3"}],"replies":[{"embeddable":true,"href":"https:\/\/www.radioactiva.com.pe\/blogs\/wp-json\/wp\/v2\/comments?post=5974"}],"version-history":[{"count":2,"href":"https:\/\/www.radioactiva.com.pe\/blogs\/wp-json\/wp\/v2\/posts\/5974\/revisions"}],"predecessor-version":[{"id":5987,"href":"https:\/\/www.radioactiva.com.pe\/blogs\/wp-json\/wp\/v2\/posts\/5974\/revisions\/5987"}],"wp:featuredmedia":[{"embeddable":true,"href":"https:\/\/www.radioactiva.com.pe\/blogs\/wp-json\/wp\/v2\/media\/5984"}],"wp:attachment":[{"href":"https:\/\/www.radioactiva.com.pe\/blogs\/wp-json\/wp\/v2\/media?parent=5974"}],"wp:term":[{"taxonomy":"category","embeddable":true,"href":"https:\/\/www.radioactiva.com.pe\/blogs\/wp-json\/wp\/v2\/categories?post=5974"},{"taxonomy":"post_tag","embeddable":true,"href":"https:\/\/www.radioactiva.com.pe\/blogs\/wp-json\/wp\/v2\/tags?post=5974"}],"curies":[{"name":"wp","href":"https:\/\/api.w.org\/{rel}","templated":true}]}}