{"id":5837,"date":"2021-03-21T20:41:46","date_gmt":"2021-03-22T01:41:46","guid":{"rendered":"http:\/\/www.radioactiva.com.pe\/blogs\/?p=5837"},"modified":"2021-03-21T20:41:46","modified_gmt":"2021-03-22T01:41:46","slug":"deslizamiento-de-cerro-acaba-con-la-vida-de-una-familia-en-amazonas","status":"publish","type":"post","link":"https:\/\/www.radioactiva.com.pe\/blogs\/deslizamiento-de-cerro-acaba-con-la-vida-de-una-familia-en-amazonas-noticia","title":{"rendered":"Deslizamiento de cerro acaba con la vida de una familia en Amazonas"},"content":{"rendered":"<p>El\u00a0deslizamiento de un cerro a causa de una de las tantas lluvias que viene afectando a la regi\u00f3n Amazonas, en el centro poblado de Juan Velasco Alvarado, provincia de Condorcanqui, fue el causante de cobrar la vida de una pareja de docentes y de sus tres menores hijos.<\/p>\n<p>Seg\u00fan las autoridades, las v\u00edctimas fueron identificadas como Juan Jos\u00e9 Ram\u00edrez Heredia (42), Marita Mili\u00e1n Bonilla (32), ambos docentes de profesi\u00f3n, as\u00ed como sus tres menores hijos de 8 a\u00f1os, 4 y un beb\u00e9 de seis meses. La \u00fanica sobreviviente fue la abuela de los peque\u00f1os, una mujer de 52 a\u00f1os, que fue llevada al hospital de Nieva.<\/p>\n<p>Otras familias que tambi\u00e9n se vieron afectadas por el\u00a0deslizamiento del cerro, fueron trasladadas al mismo centro hospitalario. Seg\u00fan la\u00a0Polic\u00eda Nacional, con maquinaria pesada, palas y picos en mano se trabaja en el rescate de las personas que quedaron sepultadas.<\/p>\n<p>Fuente: RPP<\/p>\n","protected":false},"excerpt":{"rendered":"<p>El hecho se registr\u00f3 la madrugada del domingo 21 de marzo, en medio de una torrencial lluvia que dur\u00f3 aproximadamente ocho horas.<\/p>\n","protected":false},"author":3,"featured_media":5839,"comment_status":"open","ping_status":"open","sticky":false,"template":"","format":"standard","meta":{"footnotes":""},"categories":[29,5,1024],"tags":[75,135,14,1104,87],"class_list":["post-5837","post","type-post","status-publish","format-standard","has-post-thumbnail","hentry","category-destacamos","category-ultimas-noticias","category-sociedad","tag-amazonas","tag-amazonas-chachapoyas","tag-bagua","tag-covid-amazonas","tag-gobierno-regional-amazonas"],"featured_image_urls":{"full":["https:\/\/www.radioactiva.com.pe\/blogs\/wp-content\/uploads\/2021\/03\/sepultan2.jpg",960,540,false],"thumbnail":["https:\/\/www.radioactiva.com.pe\/blogs\/wp-content\/uploads\/2021\/03\/sepultan2-150x150.jpg",150,150,true],"medium":["https:\/\/www.radioactiva.com.pe\/blogs\/wp-content\/uploads\/2021\/03\/sepultan2-300x169.jpg",300,169,true],"medium_large":["https:\/\/www.radioactiva.com.pe\/blogs\/wp-content\/uploads\/2021\/03\/sepultan2-768x432.jpg",768,432,true],"large":["https:\/\/www.radioactiva.com.pe\/blogs\/wp-content\/uploads\/2021\/03\/sepultan2.jpg",960,540,false],"wpsimplegallery_admin_thumb":["https:\/\/www.radioactiva.com.pe\/blogs\/wp-content\/uploads\/2021\/03\/sepultan2.jpg",109,61,false],"wpsimplegallery_thumb":["https:\/\/www.radioactiva.com.pe\/blogs\/wp-content\/uploads\/2021\/03\/sepultan2.jpg",100,56,false],"1536x1536":["https:\/\/www.radioactiva.com.pe\/blogs\/wp-content\/uploads\/2021\/03\/sepultan2.jpg",960,540,false],"2048x2048":["https:\/\/www.radioactiva.com.pe\/blogs\/wp-content\/uploads\/2021\/03\/sepultan2.jpg",960,540,false],"wp_review_large":["https:\/\/www.radioactiva.com.pe\/blogs\/wp-content\/uploads\/2021\/03\/sepultan2.jpg",320,180,false],"wp_review_small":["https:\/\/www.radioactiva.com.pe\/blogs\/wp-content\/uploads\/2021\/03\/sepultan2.jpg",65,37,false],"grandmagazine_blog_classic":["https:\/\/www.radioactiva.com.pe\/blogs\/wp-content\/uploads\/2021\/03\/sepultan2.jpg",960,540,false],"grandmagazine_blog":["https:\/\/www.radioactiva.com.pe\/blogs\/wp-content\/uploads\/2021\/03\/sepultan2.jpg",600,338,false],"woocommerce_thumbnail":["https:\/\/www.radioactiva.com.pe\/blogs\/wp-content\/uploads\/2021\/03\/sepultan2-300x300.jpg",300,300,true],"woocommerce_single":["https:\/\/www.radioactiva.com.pe\/blogs\/wp-content\/uploads\/2021\/03\/sepultan2-600x338.jpg",600,338,true],"woocommerce_gallery_thumbnail":["https:\/\/www.radioactiva.com.pe\/blogs\/wp-content\/uploads\/2021\/03\/sepultan2-100x100.jpg",100,100,true]},"author_info":{"display_name":"Radioactiva","author_link":"https:\/\/www.radioactiva.com.pe\/blogs\/author\/percytv"},"category_info":"<a href=\"https:\/\/www.radioactiva.com.pe\/blogs\/secciones\/destacamos\" rel=\"category tag\">Destacamos<\/a> <a href=\"https:\/\/www.radioactiva.com.pe\/blogs\/secciones\/ultimas-noticias\" rel=\"category tag\">Noticias<\/a> <a href=\"https:\/\/www.radioactiva.com.pe\/blogs\/secciones\/sociedad\" rel=\"category tag\">Sociedad<\/a>","tag_info":"Sociedad","comment_count":0,"_links":{"self":[{"href":"https:\/\/www.radioactiva.com.pe\/blogs\/wp-json\/wp\/v2\/posts\/5837","targetHints":{"allow":["GET"]}}],"collection":[{"href":"https:\/\/www.radioactiva.com.pe\/blogs\/wp-json\/wp\/v2\/posts"}],"about":[{"href":"https:\/\/www.radioactiva.com.pe\/blogs\/wp-json\/wp\/v2\/types\/post"}],"author":[{"embeddable":true,"href":"https:\/\/www.radioactiva.com.pe\/blogs\/wp-json\/wp\/v2\/users\/3"}],"replies":[{"embeddable":true,"href":"https:\/\/www.radioactiva.com.pe\/blogs\/wp-json\/wp\/v2\/comments?post=5837"}],"version-history":[{"count":1,"href":"https:\/\/www.radioactiva.com.pe\/blogs\/wp-json\/wp\/v2\/posts\/5837\/revisions"}],"predecessor-version":[{"id":5840,"href":"https:\/\/www.radioactiva.com.pe\/blogs\/wp-json\/wp\/v2\/posts\/5837\/revisions\/5840"}],"wp:featuredmedia":[{"embeddable":true,"href":"https:\/\/www.radioactiva.com.pe\/blogs\/wp-json\/wp\/v2\/media\/5839"}],"wp:attachment":[{"href":"https:\/\/www.radioactiva.com.pe\/blogs\/wp-json\/wp\/v2\/media?parent=5837"}],"wp:term":[{"taxonomy":"category","embeddable":true,"href":"https:\/\/www.radioactiva.com.pe\/blogs\/wp-json\/wp\/v2\/categories?post=5837"},{"taxonomy":"post_tag","embeddable":true,"href":"https:\/\/www.radioactiva.com.pe\/blogs\/wp-json\/wp\/v2\/tags?post=5837"}],"curies":[{"name":"wp","href":"https:\/\/api.w.org\/{rel}","templated":true}]}}