{"id":5558,"date":"2021-03-04T13:50:47","date_gmt":"2021-03-04T18:50:47","guid":{"rendered":"http:\/\/www.radioactiva.com.pe\/blogs\/?p=5558"},"modified":"2021-03-04T13:50:47","modified_gmt":"2021-03-04T18:50:47","slug":"inicia-el-censo-para-la-administracion-de-la-vacuna-contra-la-covid-19","status":"publish","type":"post","link":"https:\/\/www.radioactiva.com.pe\/blogs\/inicia-el-censo-para-la-administracion-de-la-vacuna-contra-la-covid-19-noticia","title":{"rendered":"Inicia el censo para la administraci\u00f3n de la vacuna contra la covid-19"},"content":{"rendered":"<p>A trav\u00e9s de un <a href=\"https:\/\/www.facebook.com\/hrvfch\/photos\/a.1641308399213788\/4139600282717908\/\">comunicado oficial<\/a>, el Hospital Regional Virgen de F\u00e1tima (HRVF) de Chachapoyas dio a conocer que el d\u00eda de hoy, jueves 4 de marzo del 2021, iniciar\u00e1 el censo de adultos mayores y personas con factor de morbilidad para la administraci\u00f3n de la vacuna contra la covid-19.<\/p>\n<p>Para poder cumplir con el registro correspondiente de los padrones, el HRVF ha fijado los d\u00edas hoy jueves 4 y ma\u00f1ana viernes 5 de marzo de 8:00 am a 1:00 pm y de 2:00 pm a 6:00 pm.<\/p>\n<p>El censo se har\u00e1 a personas mayores de 60 a\u00f1os que se encuentren adscritos al HRVF en las diversas modalidades (SIS, Saludpol), y a todos aquellos que no cuenten con un seguro.<\/p>\n<p>Dicha actividad tambi\u00e9n se encuentra abierta para aquellas personas que tengan entre 18 y 59 a\u00f1os y presenten alg\u00fan factor de morbilidad como enfermedades cardiovasculares, c\u00e1ncer, enfermedades respiratorias agudas, diabetes y otras enfermedades metab\u00f3licas. Obviamente estas deber\u00e1n ser acreditadas mediante un certificado m\u00e9dico o receta que lo avale.<\/p>\n<p>Para la elaborar\u00e1n el padr\u00f3n, un familiar o apoderado deber\u00e1 acudir al nosocomio chachapoyano portando una copia del DNI del adulto mayor, deber\u00e1 consignar un n\u00famero de tel\u00e9fono y una direcci\u00f3n actual.<\/p>\n<p><a href=\"https:\/\/www.radioactiva.com.pe\/blogs\/wp-content\/uploads\/2021\/03\/cronograma-de-vacunacion-covid19-en-Colombia.jpg\"><img loading=\"lazy\" decoding=\"async\" class=\"aligncenter size-large wp-image-5559\" src=\"https:\/\/www.radioactiva.com.pe\/blogs\/wp-content\/uploads\/2021\/03\/cronograma-de-vacunacion-covid19-en-Colombia-1024x576.jpg\" alt=\"\" width=\"1024\" height=\"576\" \/><\/a><\/p>\n<p><strong>Situaci\u00f3n del personal de salud<\/strong><\/p>\n<p>Gorqui Jave Poquioma, Director Regional de Salud, mencion\u00f3 que ya recibieron 1,513 vacunas que fueron distribuidas a los 10 puntos de vacunaci\u00f3n que tienen en la regi\u00f3n. Se estima que para el viernes se concluya el proceso de vacunaci\u00f3n para el personal de salud.<\/p>\n<p>As\u00ed mismo hace un llamado a la poblaci\u00f3n a seguir utilizando la mascarilla, el alcohol y todas las medidas de prevenci\u00f3n \u201cNo debemos bajar la guardia aunque nos digan que se est\u00e1 conteniendo la pandemia\u201d, sentenci\u00f3.<\/p>\n","protected":false},"excerpt":{"rendered":"<p>Se vacunar\u00edan mayores de 60 y personas con enfermedades cr\u00f3nicas.<\/p>\n","protected":false},"author":3,"featured_media":5560,"comment_status":"open","ping_status":"open","sticky":false,"template":"","format":"standard","meta":{"footnotes":""},"categories":[29,5,1024],"tags":[1104,676,1113],"class_list":["post-5558","post","type-post","status-publish","format-standard","has-post-thumbnail","hentry","category-destacamos","category-ultimas-noticias","category-sociedad","tag-covid-amazonas","tag-hospital-virgen-de-fatima","tag-minsa"],"featured_image_urls":{"full":["https:\/\/www.radioactiva.com.pe\/blogs\/wp-content\/uploads\/2021\/03\/peru-modifica-su-plan-de-vacunacion-covid-19.jpg",1200,675,false],"thumbnail":["https:\/\/www.radioactiva.com.pe\/blogs\/wp-content\/uploads\/2021\/03\/peru-modifica-su-plan-de-vacunacion-covid-19-150x150.jpg",150,150,true],"medium":["https:\/\/www.radioactiva.com.pe\/blogs\/wp-content\/uploads\/2021\/03\/peru-modifica-su-plan-de-vacunacion-covid-19-300x169.jpg",300,169,true],"medium_large":["https:\/\/www.radioactiva.com.pe\/blogs\/wp-content\/uploads\/2021\/03\/peru-modifica-su-plan-de-vacunacion-covid-19-768x432.jpg",768,432,true],"large":["https:\/\/www.radioactiva.com.pe\/blogs\/wp-content\/uploads\/2021\/03\/peru-modifica-su-plan-de-vacunacion-covid-19-1024x576.jpg",1024,576,true],"wpsimplegallery_admin_thumb":["https:\/\/www.radioactiva.com.pe\/blogs\/wp-content\/uploads\/2021\/03\/peru-modifica-su-plan-de-vacunacion-covid-19.jpg",109,61,false],"wpsimplegallery_thumb":["https:\/\/www.radioactiva.com.pe\/blogs\/wp-content\/uploads\/2021\/03\/peru-modifica-su-plan-de-vacunacion-covid-19.jpg",100,56,false],"1536x1536":["https:\/\/www.radioactiva.com.pe\/blogs\/wp-content\/uploads\/2021\/03\/peru-modifica-su-plan-de-vacunacion-covid-19.jpg",1200,675,false],"2048x2048":["https:\/\/www.radioactiva.com.pe\/blogs\/wp-content\/uploads\/2021\/03\/peru-modifica-su-plan-de-vacunacion-covid-19.jpg",1200,675,false],"wp_review_large":["https:\/\/www.radioactiva.com.pe\/blogs\/wp-content\/uploads\/2021\/03\/peru-modifica-su-plan-de-vacunacion-covid-19.jpg",320,180,false],"wp_review_small":["https:\/\/www.radioactiva.com.pe\/blogs\/wp-content\/uploads\/2021\/03\/peru-modifica-su-plan-de-vacunacion-covid-19.jpg",65,37,false],"grandmagazine_blog_classic":["https:\/\/www.radioactiva.com.pe\/blogs\/wp-content\/uploads\/2021\/03\/peru-modifica-su-plan-de-vacunacion-covid-19.jpg",1024,576,false],"grandmagazine_blog":["https:\/\/www.radioactiva.com.pe\/blogs\/wp-content\/uploads\/2021\/03\/peru-modifica-su-plan-de-vacunacion-covid-19.jpg",600,338,false],"woocommerce_thumbnail":["https:\/\/www.radioactiva.com.pe\/blogs\/wp-content\/uploads\/2021\/03\/peru-modifica-su-plan-de-vacunacion-covid-19-300x300.jpg",300,300,true],"woocommerce_single":["https:\/\/www.radioactiva.com.pe\/blogs\/wp-content\/uploads\/2021\/03\/peru-modifica-su-plan-de-vacunacion-covid-19-600x338.jpg",600,338,true],"woocommerce_gallery_thumbnail":["https:\/\/www.radioactiva.com.pe\/blogs\/wp-content\/uploads\/2021\/03\/peru-modifica-su-plan-de-vacunacion-covid-19-100x100.jpg",100,100,true]},"author_info":{"display_name":"Radioactiva","author_link":"https:\/\/www.radioactiva.com.pe\/blogs\/author\/percytv"},"category_info":"<a href=\"https:\/\/www.radioactiva.com.pe\/blogs\/secciones\/destacamos\" rel=\"category tag\">Destacamos<\/a> <a href=\"https:\/\/www.radioactiva.com.pe\/blogs\/secciones\/ultimas-noticias\" rel=\"category tag\">Noticias<\/a> <a href=\"https:\/\/www.radioactiva.com.pe\/blogs\/secciones\/sociedad\" rel=\"category tag\">Sociedad<\/a>","tag_info":"Sociedad","comment_count":0,"_links":{"self":[{"href":"https:\/\/www.radioactiva.com.pe\/blogs\/wp-json\/wp\/v2\/posts\/5558","targetHints":{"allow":["GET"]}}],"collection":[{"href":"https:\/\/www.radioactiva.com.pe\/blogs\/wp-json\/wp\/v2\/posts"}],"about":[{"href":"https:\/\/www.radioactiva.com.pe\/blogs\/wp-json\/wp\/v2\/types\/post"}],"author":[{"embeddable":true,"href":"https:\/\/www.radioactiva.com.pe\/blogs\/wp-json\/wp\/v2\/users\/3"}],"replies":[{"embeddable":true,"href":"https:\/\/www.radioactiva.com.pe\/blogs\/wp-json\/wp\/v2\/comments?post=5558"}],"version-history":[{"count":3,"href":"https:\/\/www.radioactiva.com.pe\/blogs\/wp-json\/wp\/v2\/posts\/5558\/revisions"}],"predecessor-version":[{"id":5563,"href":"https:\/\/www.radioactiva.com.pe\/blogs\/wp-json\/wp\/v2\/posts\/5558\/revisions\/5563"}],"wp:featuredmedia":[{"embeddable":true,"href":"https:\/\/www.radioactiva.com.pe\/blogs\/wp-json\/wp\/v2\/media\/5560"}],"wp:attachment":[{"href":"https:\/\/www.radioactiva.com.pe\/blogs\/wp-json\/wp\/v2\/media?parent=5558"}],"wp:term":[{"taxonomy":"category","embeddable":true,"href":"https:\/\/www.radioactiva.com.pe\/blogs\/wp-json\/wp\/v2\/categories?post=5558"},{"taxonomy":"post_tag","embeddable":true,"href":"https:\/\/www.radioactiva.com.pe\/blogs\/wp-json\/wp\/v2\/tags?post=5558"}],"curies":[{"name":"wp","href":"https:\/\/api.w.org\/{rel}","templated":true}]}}