{"id":5087,"date":"2020-02-21T07:31:52","date_gmt":"2020-02-21T12:31:52","guid":{"rendered":"http:\/\/www.radioactiva.com.pe\/blogs\/?p=5087"},"modified":"2020-02-21T15:31:20","modified_gmt":"2020-02-21T20:31:20","slug":"colegio-de-periodistas-del-peru-consejo-regional-entrega-primera-colegiatura-en-la-gestion-2020-2021","status":"publish","type":"post","link":"https:\/\/www.radioactiva.com.pe\/blogs\/colegio-de-periodistas-del-peru-consejo-regional-entrega-primera-colegiatura-en-la-gestion-2020-2021-noticia","title":{"rendered":"Colegio de Periodistas del Per\u00fa- Consejo Regional La Libertad entrega primera colegiatura en la  Gesti\u00f3n 2020-2021"},"content":{"rendered":"\n<p>Empezaron las colegiaturas en\nel Colegio de Periodistas del Per\u00fa- Consejo Regional La Libertad, gesti\u00f3n\n2020-2021 que tiene como Decano al Lic. P.C. Gilberto Reyna Mendoza.<\/p>\n\n\n\n<p>El acto se realiz\u00f3 el pasado martes\n18 de febrero 2020 y nuestro primer colegiado fue Percy Tuesta Vargas, periodista\ncon m\u00e1s de 32 a\u00f1os en el ejercicio profesional, actual Director de Prensa y Gerente\nGeneral de Radioactiva, de la ciudad de Chachapoyas.<\/p>\n\n\n\n<p>Como lo manifest\u00f3 tras brindar\nel juramento de estilo y recibir sus credenciales que lo acreditan como tal, \u00e9l\nprefiri\u00f3 hacerlo en nuestro Colegio por el prestigio ya que tiene un v\u00ednculo especial\ncon la ciudad de Trujillo, porque su esposa e hija son trujillanas.<\/p>\n\n\n\n<p>Fue una ceremonia corta y s\u00f3lo\npara \u00e9l teniendo en cuenta que proviene de Chachapoyas capital de la regi\u00f3n\nAmazonas, pero prometi\u00f3 estar al tanto de nuestra Orden y ofreci\u00f3 su\ncolaboraci\u00f3n en todo.<\/p>\n\n\n\n<p>El Decano Gilberto Reyna Mendoza destac\u00f3 la trayectoria del nuevo miembro de la Orden y lo felicit\u00f3 por haber decidido hacerlo por nuestro Colegio. En los pr\u00f3ximos d\u00edas tendremos otras colegiaturas.<\/p>\n\n\n\n<figure class=\"wp-block-image size-large\"><img loading=\"lazy\" decoding=\"async\" width=\"1024\" height=\"768\" src=\"https:\/\/www.radioactiva.com.pe\/blogs\/wp-content\/uploads\/2020\/02\/foto-5-OK-2-1024x768.jpg\" alt=\"\" class=\"wp-image-5088\"\/><\/figure>\n\n\n\n<p>Felicidades y muchos \u00e9xitos a nuestro Colegiado.<\/p>\n\n\n\n<p>Fuente: Colegio de Periodistas &#8211; Regi\u00f3n La Libertad.<\/p>\n","protected":false},"excerpt":{"rendered":"<p>Empezaron las colegiaturas en el Colegio de Periodistas del Per\u00fa- Consejo Regional La Libertad, gesti\u00f3n 2020-2021 que tiene como Decano al Lic. P.C. Gilberto Reyna Mendoza. El acto se realiz\u00f3 el pasado martes 18 de febrero 2020 y nuestro primer [&hellip;]<\/p>\n","protected":false},"author":3,"featured_media":5085,"comment_status":"open","ping_status":"open","sticky":false,"template":"","format":"standard","meta":{"footnotes":""},"categories":[5],"tags":[1101,223],"class_list":["post-5087","post","type-post","status-publish","format-standard","has-post-thumbnail","hentry","category-ultimas-noticias","tag-colegio-de-periodistas","tag-radioactiva"],"featured_image_urls":{"full":["https:\/\/www.radioactiva.com.pe\/blogs\/wp-content\/uploads\/2020\/02\/Foto-3-OK.jpg",1176,882,false],"thumbnail":["https:\/\/www.radioactiva.com.pe\/blogs\/wp-content\/uploads\/2020\/02\/Foto-3-OK-150x150.jpg",150,150,true],"medium":["https:\/\/www.radioactiva.com.pe\/blogs\/wp-content\/uploads\/2020\/02\/Foto-3-OK-300x225.jpg",300,225,true],"medium_large":["https:\/\/www.radioactiva.com.pe\/blogs\/wp-content\/uploads\/2020\/02\/Foto-3-OK-768x576.jpg",768,576,true],"large":["https:\/\/www.radioactiva.com.pe\/blogs\/wp-content\/uploads\/2020\/02\/Foto-3-OK-1024x768.jpg",1024,768,true],"wpsimplegallery_admin_thumb":["https:\/\/www.radioactiva.com.pe\/blogs\/wp-content\/uploads\/2020\/02\/Foto-3-OK.jpg",109,82,false],"wpsimplegallery_thumb":["https:\/\/www.radioactiva.com.pe\/blogs\/wp-content\/uploads\/2020\/02\/Foto-3-OK.jpg",100,75,false],"1536x1536":["https:\/\/www.radioactiva.com.pe\/blogs\/wp-content\/uploads\/2020\/02\/Foto-3-OK.jpg",1176,882,false],"2048x2048":["https:\/\/www.radioactiva.com.pe\/blogs\/wp-content\/uploads\/2020\/02\/Foto-3-OK.jpg",1176,882,false],"wp_review_large":["https:\/\/www.radioactiva.com.pe\/blogs\/wp-content\/uploads\/2020\/02\/Foto-3-OK.jpg",267,200,false],"wp_review_small":["https:\/\/www.radioactiva.com.pe\/blogs\/wp-content\/uploads\/2020\/02\/Foto-3-OK.jpg",65,49,false],"grandmagazine_blog_classic":["https:\/\/www.radioactiva.com.pe\/blogs\/wp-content\/uploads\/2020\/02\/Foto-3-OK.jpg",1024,768,false],"grandmagazine_blog":["https:\/\/www.radioactiva.com.pe\/blogs\/wp-content\/uploads\/2020\/02\/Foto-3-OK.jpg",600,450,false],"woocommerce_thumbnail":["https:\/\/www.radioactiva.com.pe\/blogs\/wp-content\/uploads\/2020\/02\/Foto-3-OK-300x300.jpg",300,300,true],"woocommerce_single":["https:\/\/www.radioactiva.com.pe\/blogs\/wp-content\/uploads\/2020\/02\/Foto-3-OK-600x450.jpg",600,450,true],"woocommerce_gallery_thumbnail":["https:\/\/www.radioactiva.com.pe\/blogs\/wp-content\/uploads\/2020\/02\/Foto-3-OK-100x100.jpg",100,100,true]},"author_info":{"display_name":"Radioactiva","author_link":"https:\/\/www.radioactiva.com.pe\/blogs\/author\/percytv"},"category_info":"<a href=\"https:\/\/www.radioactiva.com.pe\/blogs\/secciones\/ultimas-noticias\" rel=\"category tag\">Noticias<\/a>","tag_info":"Noticias","comment_count":0,"_links":{"self":[{"href":"https:\/\/www.radioactiva.com.pe\/blogs\/wp-json\/wp\/v2\/posts\/5087","targetHints":{"allow":["GET"]}}],"collection":[{"href":"https:\/\/www.radioactiva.com.pe\/blogs\/wp-json\/wp\/v2\/posts"}],"about":[{"href":"https:\/\/www.radioactiva.com.pe\/blogs\/wp-json\/wp\/v2\/types\/post"}],"author":[{"embeddable":true,"href":"https:\/\/www.radioactiva.com.pe\/blogs\/wp-json\/wp\/v2\/users\/3"}],"replies":[{"embeddable":true,"href":"https:\/\/www.radioactiva.com.pe\/blogs\/wp-json\/wp\/v2\/comments?post=5087"}],"version-history":[{"count":3,"href":"https:\/\/www.radioactiva.com.pe\/blogs\/wp-json\/wp\/v2\/posts\/5087\/revisions"}],"predecessor-version":[{"id":5109,"href":"https:\/\/www.radioactiva.com.pe\/blogs\/wp-json\/wp\/v2\/posts\/5087\/revisions\/5109"}],"wp:featuredmedia":[{"embeddable":true,"href":"https:\/\/www.radioactiva.com.pe\/blogs\/wp-json\/wp\/v2\/media\/5085"}],"wp:attachment":[{"href":"https:\/\/www.radioactiva.com.pe\/blogs\/wp-json\/wp\/v2\/media?parent=5087"}],"wp:term":[{"taxonomy":"category","embeddable":true,"href":"https:\/\/www.radioactiva.com.pe\/blogs\/wp-json\/wp\/v2\/categories?post=5087"},{"taxonomy":"post_tag","embeddable":true,"href":"https:\/\/www.radioactiva.com.pe\/blogs\/wp-json\/wp\/v2\/tags?post=5087"}],"curies":[{"name":"wp","href":"https:\/\/api.w.org\/{rel}","templated":true}]}}