{"id":4893,"date":"2018-05-25T10:34:54","date_gmt":"2018-05-25T15:34:54","guid":{"rendered":"http:\/\/www.radioactiva.com.pe\/blogs\/?p=4893"},"modified":"2018-05-25T10:34:54","modified_gmt":"2018-05-25T15:34:54","slug":"amazonas-vuelve-hacer-noticia-a-nivel-nacional-con-lamentables-casos-de-abuso-sexual-de-menores-en-imaza-provincia-de-bagua","status":"publish","type":"post","link":"https:\/\/www.radioactiva.com.pe\/blogs\/amazonas-vuelve-hacer-noticia-a-nivel-nacional-con-lamentables-casos-de-abuso-sexual-de-menores-en-imaza-provincia-de-bagua-noticia","title":{"rendered":"AMAZONAS VUELVE HACER NOTICIA A NIVEL NACIONAL CON LAMENTABLES CASOS DE ABUSO SEXUAL DE MENORES EN IMAZA PROVINCIA DE BAGUA"},"content":{"rendered":"<p>Alrededor de 21 ni\u00f1os de la escuela N\u00ba 17347 de la comunidad nativa Awaj\u00fan de Kusu Chapi, ubicada en el distrito de Imaza, provincia de Bagua (Amazonas), fueron v\u00edctimas de abuso de sexual, inform\u00f3 el lunes el director regional de Educaci\u00f3n de la regi\u00f3n, Edgar Julca Chuquista.<\/p>\n<p>El funcionario detall\u00f3 que una profesora de la escuela de la comunidad descub<span class=\"text_exposed_show\">ri\u00f3 que una de las alumnas fue violada por un familiar. Este hecho fue comunicado a la Unidad de Gesti\u00f3n Educativa Local (UGEL) de Ibir Imaza.<\/span><\/p>\n<div class=\"text_exposed_show\">\n<p>El jueves pasado su directora Gumercinda Duire Sunguinua viaj\u00f3 hasta el centro poblado para iniciar con las indagaciones y conoci\u00f3 que 18 ni\u00f1as y dos ni\u00f1os fueron v\u00edctimas de abuso, desde violencia sexual hasta tocamientos indebidos. \u201cCuando la directora visit\u00f3 la comunidad el jueves pasado comenzaron a salir casos adicionales\u201d, cont\u00f3 Julca Chuquista.<\/p>\n<p>\u00abNo hay garant\u00edas\u00bb<br \/>\nEl funcionario solicit\u00f3 la presencia de la Polic\u00eda Nacional, Ministerio de la Mujer y Fiscal\u00eda para la conformaci\u00f3n de una mesa t\u00e9cnica y di\u00e1logo con la comunidad nativa. Adem\u00e1s detall\u00f3 que la UGEL del distrito ha se\u00f1alado \u201cno hay garant\u00edas\u201d para el ingreso de las autoridades a la zona.<\/p>\n<p>Seg\u00fan el director regional, los ni\u00f1os de la comunidad nativa han dejado de asistir a la escuela y la profesora que denunci\u00f3 el caso es hostigada por parte de los agresores.<\/p>\n<p>Por otro lado la directora de la UGEL de Ibir Imaza (regi\u00f3n Amazonas), Gumercinda Duire, dijo la noche de este jueves que el hombre acusado de violar sexualmente a sus dos hijastras de siete y once a\u00f1os admiti\u00f3 haber cometido el delito.<\/p>\n<p>\u00abEn una reuni\u00f3n en la comunidad (sobre los casos de abusos), el agresor, el padrastro, estaba sentado y dijo: &#8216;Qui\u00e9n no se equivoca. Quiero que me disculpen. Yo acepto que s\u00ed hecho eso'\u00bb, cont\u00f3 en una entrevista con el programa Conexi\u00f3n de RPP Noticias.<\/p>\n<p>El director regional de Educaci\u00f3n de Amazonas, Edgar Julca Chuquista, inform\u00f3 d\u00edas atr\u00e1s que alrededor de veinte ni\u00f1os de la escuela N\u00ba 17347 de la comunidad nativa Awaj\u00fan de Kusu Chapi, provincia de Bagua, fueron v\u00edctimas de agresi\u00f3n sexual.<\/p>\n<p>Duire explic\u00f3 que, en el caso de las dos ni\u00f1as, fue el hermano de 14 a\u00f1os quien denunci\u00f3 la violaci\u00f3n. Detall\u00f3 tambi\u00e9n que una profesora de la escuela de la comunidad descubri\u00f3 tambi\u00e9n que una de las alumnas fue violada por un familiar.<\/p>\n<p>Agreg\u00f3 que los docentes y las madres de familia que dieron a conocer estos hechos han sido amenazados por el agresor.<\/p>\n<p>Minedu indagar\u00e1<br \/>\nA trav\u00e9s de su cuenta de Twitter, el Ministerio de Educaci\u00f3n (Minedu) anunci\u00f3 que investigar\u00e1 las denuncias de violaci\u00f3n sexual de menores en provincia de Bagua. \u00abEstamos coordinando con las autoridades educativas regionales e instituciones pertinentes para que se realicen las investigaciones y se tomen decisiones conforme al ordenamiento legal del pa\u00eds\u00bb, indic\u00f3.<\/p>\n<p><a class=\"_58cn\" href=\"https:\/\/web.facebook.com\/hashtag\/rpp?source=feed_text\" data-ft=\"{&quot;tn&quot;:&quot;*N&quot;,&quot;type&quot;:104}\"><span class=\"_5afx\"><span class=\"_58cl _5afz\" aria-label=\"numeral\">#<\/span><span class=\"_58cm\">rpp<\/span><\/span><\/a><br \/>\n<a href=\"http:\/\/www.radioactiva.com.pe\/\" target=\"_blank\" rel=\"noopener nofollow\" data-ft=\"{&quot;tn&quot;:&quot;-U&quot;}\" data-lynx-mode=\"asynclazy\" data-lynx-uri=\"https:\/\/l.facebook.com\/l.php?u=http%3A%2F%2Fwww.radioactiva.com.pe%2F&amp;h=ATOP85mLLb748P2oaoxNBfCFbZYprpn8d6a_Hkl7cw9m9SbnFO1zj0fnJApkv5cv8KPydsM9nG6QH4Oz0l0vdGFw51Lyp8mSqmYtdnua2yTjya3qR9Q_CtrGH1h5Ot7JDT1JNg\">www.radioactiva.com.pe<\/a><\/p>\n<\/div>\n","protected":false},"excerpt":{"rendered":"<p>Alrededor de 21 ni\u00f1os de la escuela N\u00ba 17347 de la comunidad nativa Awaj\u00fan de Kusu Chapi, ubicada en el distrito de Imaza, provincia de Bagua (Amazonas), fueron v\u00edctimas de abuso de sexual, inform\u00f3 el lunes el director regional de [&hellip;]<\/p>\n","protected":false},"author":7,"featured_media":4894,"comment_status":"open","ping_status":"open","sticky":false,"template":"","format":"standard","meta":{"footnotes":""},"categories":[29,5,1024],"tags":[1081,1080],"class_list":["post-4893","post","type-post","status-publish","format-standard","has-post-thumbnail","hentry","category-destacamos","category-ultimas-noticias","category-sociedad","tag-abuso-sexual-de-ninos-en-imaza-bagua","tag-imaza-bagua"],"featured_image_urls":{"full":["https:\/\/www.radioactiva.com.pe\/blogs\/wp-content\/uploads\/2018\/05\/33486767_1732705360148370_665947482542309376_n.jpg",916,540,false],"thumbnail":["https:\/\/www.radioactiva.com.pe\/blogs\/wp-content\/uploads\/2018\/05\/33486767_1732705360148370_665947482542309376_n-150x150.jpg",150,150,true],"medium":["https:\/\/www.radioactiva.com.pe\/blogs\/wp-content\/uploads\/2018\/05\/33486767_1732705360148370_665947482542309376_n-300x177.jpg",300,177,true],"medium_large":["https:\/\/www.radioactiva.com.pe\/blogs\/wp-content\/uploads\/2018\/05\/33486767_1732705360148370_665947482542309376_n-768x453.jpg",768,453,true],"large":["https:\/\/www.radioactiva.com.pe\/blogs\/wp-content\/uploads\/2018\/05\/33486767_1732705360148370_665947482542309376_n.jpg",916,540,false],"wpsimplegallery_admin_thumb":["https:\/\/www.radioactiva.com.pe\/blogs\/wp-content\/uploads\/2018\/05\/33486767_1732705360148370_665947482542309376_n.jpg",109,64,false],"wpsimplegallery_thumb":["https:\/\/www.radioactiva.com.pe\/blogs\/wp-content\/uploads\/2018\/05\/33486767_1732705360148370_665947482542309376_n.jpg",100,59,false],"1536x1536":["https:\/\/www.radioactiva.com.pe\/blogs\/wp-content\/uploads\/2018\/05\/33486767_1732705360148370_665947482542309376_n.jpg",916,540,false],"2048x2048":["https:\/\/www.radioactiva.com.pe\/blogs\/wp-content\/uploads\/2018\/05\/33486767_1732705360148370_665947482542309376_n.jpg",916,540,false],"wp_review_large":["https:\/\/www.radioactiva.com.pe\/blogs\/wp-content\/uploads\/2018\/05\/33486767_1732705360148370_665947482542309376_n.jpg",320,189,false],"wp_review_small":["https:\/\/www.radioactiva.com.pe\/blogs\/wp-content\/uploads\/2018\/05\/33486767_1732705360148370_665947482542309376_n.jpg",65,38,false],"grandmagazine_blog_classic":["https:\/\/www.radioactiva.com.pe\/blogs\/wp-content\/uploads\/2018\/05\/33486767_1732705360148370_665947482542309376_n.jpg",916,540,false],"grandmagazine_blog":["https:\/\/www.radioactiva.com.pe\/blogs\/wp-content\/uploads\/2018\/05\/33486767_1732705360148370_665947482542309376_n.jpg",600,354,false],"woocommerce_thumbnail":["https:\/\/www.radioactiva.com.pe\/blogs\/wp-content\/uploads\/2018\/05\/33486767_1732705360148370_665947482542309376_n-300x300.jpg",300,300,true],"woocommerce_single":["https:\/\/www.radioactiva.com.pe\/blogs\/wp-content\/uploads\/2018\/05\/33486767_1732705360148370_665947482542309376_n-600x354.jpg",600,354,true],"woocommerce_gallery_thumbnail":["https:\/\/www.radioactiva.com.pe\/blogs\/wp-content\/uploads\/2018\/05\/33486767_1732705360148370_665947482542309376_n-100x100.jpg",100,100,true]},"author_info":{"display_name":"Manolo Tuesta Vargas","author_link":"https:\/\/www.radioactiva.com.pe\/blogs\/author\/manolotv"},"category_info":"<a href=\"https:\/\/www.radioactiva.com.pe\/blogs\/secciones\/destacamos\" rel=\"category tag\">Destacamos<\/a> <a href=\"https:\/\/www.radioactiva.com.pe\/blogs\/secciones\/ultimas-noticias\" rel=\"category tag\">Noticias<\/a> <a href=\"https:\/\/www.radioactiva.com.pe\/blogs\/secciones\/sociedad\" rel=\"category tag\">Sociedad<\/a>","tag_info":"Sociedad","comment_count":0,"_links":{"self":[{"href":"https:\/\/www.radioactiva.com.pe\/blogs\/wp-json\/wp\/v2\/posts\/4893","targetHints":{"allow":["GET"]}}],"collection":[{"href":"https:\/\/www.radioactiva.com.pe\/blogs\/wp-json\/wp\/v2\/posts"}],"about":[{"href":"https:\/\/www.radioactiva.com.pe\/blogs\/wp-json\/wp\/v2\/types\/post"}],"author":[{"embeddable":true,"href":"https:\/\/www.radioactiva.com.pe\/blogs\/wp-json\/wp\/v2\/users\/7"}],"replies":[{"embeddable":true,"href":"https:\/\/www.radioactiva.com.pe\/blogs\/wp-json\/wp\/v2\/comments?post=4893"}],"version-history":[{"count":1,"href":"https:\/\/www.radioactiva.com.pe\/blogs\/wp-json\/wp\/v2\/posts\/4893\/revisions"}],"predecessor-version":[{"id":4895,"href":"https:\/\/www.radioactiva.com.pe\/blogs\/wp-json\/wp\/v2\/posts\/4893\/revisions\/4895"}],"wp:featuredmedia":[{"embeddable":true,"href":"https:\/\/www.radioactiva.com.pe\/blogs\/wp-json\/wp\/v2\/media\/4894"}],"wp:attachment":[{"href":"https:\/\/www.radioactiva.com.pe\/blogs\/wp-json\/wp\/v2\/media?parent=4893"}],"wp:term":[{"taxonomy":"category","embeddable":true,"href":"https:\/\/www.radioactiva.com.pe\/blogs\/wp-json\/wp\/v2\/categories?post=4893"},{"taxonomy":"post_tag","embeddable":true,"href":"https:\/\/www.radioactiva.com.pe\/blogs\/wp-json\/wp\/v2\/tags?post=4893"}],"curies":[{"name":"wp","href":"https:\/\/api.w.org\/{rel}","templated":true}]}}