{"id":4514,"date":"2017-03-03T07:29:39","date_gmt":"2017-03-03T12:29:39","guid":{"rendered":"http:\/\/www.radioactiva.com.pe\/blogs\/?p=4514"},"modified":"2017-03-03T07:31:34","modified_gmt":"2017-03-03T12:31:34","slug":"presdiente-kuczynski-inauguro-el-sistema-de-telecabinas-de-kuelap","status":"publish","type":"post","link":"https:\/\/www.radioactiva.com.pe\/blogs\/presdiente-kuczynski-inauguro-el-sistema-de-telecabinas-de-kuelap-noticia","title":{"rendered":"Presdiente Kuczynski, inaugur\u00f3 el Sistema de Telecabinas de Ku\u00e9lap"},"content":{"rendered":"<p><span lang=\"ES-TRAD\">Con la presencia del presidente de la Rep\u00fablica, Pedro Pablo Kuczynski, y el ministro de Comercio Exterior y Turismo, Eduardo Ferreyros, el Gobierno Peruano inaugur\u00f3 hoy el Sistema de Telecabinas de Ku\u00e9lap, una importante obra que impulsar\u00e1 el turismo en la regi\u00f3n Amazonas.\u00a0<\/span><!--more--><\/p>\n<p><span lang=\"ES-TRAD\"><a href=\"https:\/\/www.radioactiva.com.pe\/blogs\/wp-content\/uploads\/2017\/03\/telecabinas-INFOGRAF\u00cdA.jpg\"><img loading=\"lazy\" decoding=\"async\" class=\"alignleft size-medium wp-image-4515\" src=\"https:\/\/www.radioactiva.com.pe\/blogs\/wp-content\/uploads\/2017\/03\/telecabinas-INFOGRAF\u00cdA-300x150.jpg\" alt=\"\" width=\"300\" height=\"150\" \/><\/a><\/span><span lang=\"ES-TRAD\">Este es el primer sistema de telecabinas del Per\u00fa. Para ello, el Ministerio de Comercio Exterior y Turismo (Mincetur) invirti\u00f3, a trav\u00e9s de su entidad ejecutora Plan Copesco Nacional, cerca de S\/ 71 millones en su construcci\u00f3n, bajo la modalidad de Asociaci\u00f3n P\u00fablico Privada (APP).<\/span><\/p>\n<p><span lang=\"ES-TRAD\">El ministro Eduardo Ferreyros indic\u00f3 que esta obra permitir\u00e1 que los turistas tengan un medio de transporte que facilitar\u00e1 la visita a la Fortaleza de Ku\u00e9lap, uno de los m\u00e1s importantes sitios arqueol\u00f3gicos del pa\u00eds. Adem\u00e1s, promover\u00e1 el desarrollo tur\u00edstico de Amazonas y contribuir\u00e1 a la consolidaci\u00f3n del circuito tur\u00edstico nororiental del Per\u00fa.<\/span><\/p>\n<p><span lang=\"X-NONE\">\u201cEl Sistema de Telecabinas de Ku\u00e9lap impulsar\u00e1 al desarrollo tur\u00edstico de Amazonas, propiciar\u00e1 la creaci\u00f3n y mejoramiento de emprendimientos tur\u00edsticos y otros relacionados con la actividad tur\u00edstica que contribuyan al desarrollo social y econ\u00f3mico de la regi\u00f3n. Adem\u00e1s, apoyar\u00e1 la diversificaci\u00f3n de la oferta tur\u00edstica nacional\u201d, se\u00f1al\u00f3.<\/span><\/p>\n<p><span lang=\"X-NONE\">En ese sentido, destac\u00f3 que en el 2016 visitaron la Fortaleza de Ku\u00e9lap un total de 56 010 visitantes, un incremento del 54% en comparaci\u00f3n con el a\u00f1o anterior. As\u00ed<\/span>,<span lang=\"X-NONE\"> se alcanz\u00f3 el arribo de 45 397 turistas nacionales y 10 613 visitantes extranjeros.<\/span><\/p>\n<p><span lang=\"X-NONE\">\u201cCon la puesta en marcha del Sistema de Telecabinas Ku\u00e9lap se estima que se lograr\u00e1 en el d\u00e9cimo a\u00f1o un incremento de casi el 90% de visitantes al sitio arqueol\u00f3gico de Ku\u00e9lap y a los dem\u00e1s atractivos de la zona\u201d, sostuvo el ministro Ferreyros.<\/span><\/p>\n<p><b>\u00daLTIMA TECNOLOG\u00cdA<\/b><\/p>\n<p><span lang=\"ES-TRAD\">El titular del Mincetur mencion\u00f3 que se utiliz\u00f3 la \u00faltima tecnolog\u00eda para esta obra. Por ejemplo, cada telecabina posee paneles solares para sistema de comunicaci\u00f3n. Tambi\u00e9n, se han instalado sensores que miden la velocidad del viento a lo largo del recorrido, entre otros.<\/span><\/p>\n<p><span lang=\"ES-TRAD\">Adem\u00e1s, anteriormente se realizaba un recorrido por auto que tardaba 90 minutos a una distancia de 32 kil\u00f3metros. Ahora, con las telecabinas, el viaje llevar\u00e1 \u00fanicamente 20 minutos a lo largo de 4 kil\u00f3metros. En una primera etapa operar\u00e1n 26 telecabinas de 8 pasajeros cada una.<\/span><\/p>\n<p><span lang=\"ES-TRAD\">\u201cVisitar la Fortaleza de Ku\u00e9lap a trav\u00e9s del primer sistema de telecabinas que se instala en el Per\u00fa, permitir\u00e1 a los visitantes realizar un recorrido de 4 kil\u00f3metros en 20 minutos, y a una altura de hasta 3,000 msnm. Se trata de un transporte moderno, r\u00e1pido y seguro\u201d, destac\u00f3 el ministro Ferreyros.<\/span><\/p>\n<p><span lang=\"ES-TRAD\">De esta manera, los viajeros que deseen arribar a la Fortaleza de Ku\u00e9lap, desde el distrito de Nuevo Tingo (ubicado en la provincia de Luya), tendr\u00e1n una nueva alternativa.<\/span><\/p>\n<p><span lang=\"ES-TRAD\">El soporte del sistema de las telecabinas son 23 pilonas de l\u00ednea, las cuales fueron colocadas estrat\u00e9gicamente. Mencion\u00f3, adem\u00e1s, que el recorrido total se realizar\u00e1 a trav\u00e9s de un cable de alta tecnolog\u00eda de una extensi\u00f3n de 8,200 metros. La velocidad de recorrido ser\u00e1 de 6 metros por segundo.<\/span><\/p>\n<p><b><span lang=\"ES-TRAD\">SISTEMA DE TELECABINAS<\/span><\/b><\/p>\n<p><span lang=\"ES-TRAD\">Es importante destacar que el Sistema de Telecabinas de Ku\u00e9lap consta de diversas edificaciones. As\u00ed tenemos:<\/span><\/p>\n<p><span lang=\"ES-TRAD\">ESTACI\u00d3N DE EMBARQUE: Est\u00e1 ubicado a 5 minutos de la localidad de Nuevo Tingo, este complejo tiene 2 niveles destinados a la recepci\u00f3n de turistas que usar\u00e1n el sistema de telecabinas. \u00c9ste contar\u00e1 con ambientes administrativos y de servicio, elevador para personas discapacitadas, cafeter\u00eda, souvenir, sala de usos m\u00faltiples, estacionamiento y zona de embarque para buses con los que el turista se desplazar\u00e1 hacia el And\u00e9n de Salida.<\/span><\/p>\n<p><span lang=\"ES-TRAD\">AND\u00c9N DE SALIDA: Esta edificaci\u00f3n consta de dos zonas: a) zona con ambientes administrativos y de controles del sistema, en dos niveles; b) zona de garaje de las 26 telecabinas; adem\u00e1s de una terraza de embarque y\/o desembarque. Asimismo, se ubica la nave de la Estaci\u00f3n Motriz que contiene un sistema electromec\u00e1nico de impulsi\u00f3n del sistema de telecabinas.<\/span><\/p>\n<p><span lang=\"ES-TRAD\">AND\u00c9N DE LLEGADA: Est\u00e1 compuesta de una edificaci\u00f3n administrativa y control, una terraza de embarque o desembarque, rampas de acceso vehicular. Asimismo, contiene el sistema electromec\u00e1nico de retorno al And\u00e9n de Salida.<\/span><\/p>\n<p><span lang=\"ES-TRAD\">Cabe mencionar que esta obra fue construida por el consorcio Telecabinas Ku\u00e9lap, con una concesi\u00f3n de 20 a\u00f1os que incluye operaci\u00f3n y mantenimiento de la infraestructura.<\/span><\/p>\n<p>Fuente: MINCETUR<\/p>\n","protected":false},"excerpt":{"rendered":"<p>Con la presencia del presidente de la Rep\u00fablica, Pedro Pablo Kuczynski, y el ministro de Comercio Exterior y Turismo, Eduardo Ferreyros, el Gobierno Peruano inaugur\u00f3 hoy el Sistema de Telecabinas de Ku\u00e9lap, una importante obra que impulsar\u00e1 el turismo en [&hellip;]<\/p>\n","protected":false},"author":3,"featured_media":4517,"comment_status":"open","ping_status":"open","sticky":false,"template":"","format":"standard","meta":{"footnotes":""},"categories":[29,5],"tags":[75,19,985,272],"class_list":["post-4514","post","type-post","status-publish","format-standard","has-post-thumbnail","hentry","category-destacamos","category-ultimas-noticias","tag-amazonas","tag-kuelap","tag-telecabinas-kuelap","tag-teleferico"],"featured_image_urls":{"full":["https:\/\/www.radioactiva.com.pe\/blogs\/wp-content\/uploads\/2017\/03\/Telecabinas-inauguracion-ok.jpg",765,511,false],"thumbnail":["https:\/\/www.radioactiva.com.pe\/blogs\/wp-content\/uploads\/2017\/03\/Telecabinas-inauguracion-ok-150x150.jpg",150,150,true],"medium":["https:\/\/www.radioactiva.com.pe\/blogs\/wp-content\/uploads\/2017\/03\/Telecabinas-inauguracion-ok-300x200.jpg",300,200,true],"medium_large":["https:\/\/www.radioactiva.com.pe\/blogs\/wp-content\/uploads\/2017\/03\/Telecabinas-inauguracion-ok.jpg",765,511,false],"large":["https:\/\/www.radioactiva.com.pe\/blogs\/wp-content\/uploads\/2017\/03\/Telecabinas-inauguracion-ok.jpg",765,511,false],"wpsimplegallery_admin_thumb":["https:\/\/www.radioactiva.com.pe\/blogs\/wp-content\/uploads\/2017\/03\/Telecabinas-inauguracion-ok.jpg",109,73,false],"wpsimplegallery_thumb":["https:\/\/www.radioactiva.com.pe\/blogs\/wp-content\/uploads\/2017\/03\/Telecabinas-inauguracion-ok.jpg",100,67,false],"1536x1536":["https:\/\/www.radioactiva.com.pe\/blogs\/wp-content\/uploads\/2017\/03\/Telecabinas-inauguracion-ok.jpg",765,511,false],"2048x2048":["https:\/\/www.radioactiva.com.pe\/blogs\/wp-content\/uploads\/2017\/03\/Telecabinas-inauguracion-ok.jpg",765,511,false],"wp_review_large":["https:\/\/www.radioactiva.com.pe\/blogs\/wp-content\/uploads\/2017\/03\/Telecabinas-inauguracion-ok.jpg",299,200,false],"wp_review_small":["https:\/\/www.radioactiva.com.pe\/blogs\/wp-content\/uploads\/2017\/03\/Telecabinas-inauguracion-ok.jpg",65,43,false],"grandmagazine_blog_classic":["https:\/\/www.radioactiva.com.pe\/blogs\/wp-content\/uploads\/2017\/03\/Telecabinas-inauguracion-ok.jpg",765,511,false],"grandmagazine_blog":["https:\/\/www.radioactiva.com.pe\/blogs\/wp-content\/uploads\/2017\/03\/Telecabinas-inauguracion-ok.jpg",600,401,false],"woocommerce_thumbnail":["https:\/\/www.radioactiva.com.pe\/blogs\/wp-content\/uploads\/2017\/03\/Telecabinas-inauguracion-ok.jpg",300,200,false],"woocommerce_single":["https:\/\/www.radioactiva.com.pe\/blogs\/wp-content\/uploads\/2017\/03\/Telecabinas-inauguracion-ok.jpg",600,401,false],"woocommerce_gallery_thumbnail":["https:\/\/www.radioactiva.com.pe\/blogs\/wp-content\/uploads\/2017\/03\/Telecabinas-inauguracion-ok.jpg",100,67,false]},"author_info":{"display_name":"Radioactiva","author_link":"https:\/\/www.radioactiva.com.pe\/blogs\/author\/percytv"},"category_info":"<a href=\"https:\/\/www.radioactiva.com.pe\/blogs\/secciones\/destacamos\" rel=\"category tag\">Destacamos<\/a> <a href=\"https:\/\/www.radioactiva.com.pe\/blogs\/secciones\/ultimas-noticias\" rel=\"category tag\">Noticias<\/a>","tag_info":"Noticias","comment_count":0,"_links":{"self":[{"href":"https:\/\/www.radioactiva.com.pe\/blogs\/wp-json\/wp\/v2\/posts\/4514","targetHints":{"allow":["GET"]}}],"collection":[{"href":"https:\/\/www.radioactiva.com.pe\/blogs\/wp-json\/wp\/v2\/posts"}],"about":[{"href":"https:\/\/www.radioactiva.com.pe\/blogs\/wp-json\/wp\/v2\/types\/post"}],"author":[{"embeddable":true,"href":"https:\/\/www.radioactiva.com.pe\/blogs\/wp-json\/wp\/v2\/users\/3"}],"replies":[{"embeddable":true,"href":"https:\/\/www.radioactiva.com.pe\/blogs\/wp-json\/wp\/v2\/comments?post=4514"}],"version-history":[{"count":2,"href":"https:\/\/www.radioactiva.com.pe\/blogs\/wp-json\/wp\/v2\/posts\/4514\/revisions"}],"predecessor-version":[{"id":4518,"href":"https:\/\/www.radioactiva.com.pe\/blogs\/wp-json\/wp\/v2\/posts\/4514\/revisions\/4518"}],"wp:featuredmedia":[{"embeddable":true,"href":"https:\/\/www.radioactiva.com.pe\/blogs\/wp-json\/wp\/v2\/media\/4517"}],"wp:attachment":[{"href":"https:\/\/www.radioactiva.com.pe\/blogs\/wp-json\/wp\/v2\/media?parent=4514"}],"wp:term":[{"taxonomy":"category","embeddable":true,"href":"https:\/\/www.radioactiva.com.pe\/blogs\/wp-json\/wp\/v2\/categories?post=4514"},{"taxonomy":"post_tag","embeddable":true,"href":"https:\/\/www.radioactiva.com.pe\/blogs\/wp-json\/wp\/v2\/tags?post=4514"}],"curies":[{"name":"wp","href":"https:\/\/api.w.org\/{rel}","templated":true}]}}