{"id":4445,"date":"2017-02-15T08:45:14","date_gmt":"2017-02-15T13:45:14","guid":{"rendered":"http:\/\/www.radioactiva.com.pe\/blogs\/?p=4445"},"modified":"2017-02-15T08:50:49","modified_gmt":"2017-02-15T13:50:49","slug":"la-amazonia-es-una-prioridad-en-la-politica-social-del-gobierno-senalo-ministra-cayetana-aljovin","status":"publish","type":"post","link":"https:\/\/www.radioactiva.com.pe\/blogs\/la-amazonia-es-una-prioridad-en-la-politica-social-del-gobierno-senalo-ministra-cayetana-aljovin-noticia","title":{"rendered":"Titular del Midis: La Amazon\u00eda es una prioridad en la pol\u00edtica social del Gobierno"},"content":{"rendered":"<p style=\"text-align: justify;\"><b>Titular del MIDIS agradeci\u00f3 a la Uni\u00f3n Europea y a la Cooperaci\u00f3n Alemana por su apoyo en favor de Amazonas, Jun\u00edn, Loreto, San Mart\u00edn y Ucayali<\/b><br \/>\nLa Ministra de Desarrollo e Inclusi\u00f3n Social, Cayetana Aljov\u00edn, la Embajadora de la Uni\u00f3n Europea en el Per\u00fa, Irene Horejs y el Embajador de la Rep\u00fablica Federal de Alemania, J\u00f6rg Ranau, suscribieron hoy un Memorando de Entendimiento para la Implementaci\u00f3n de la Asistencia T\u00e9cnica <b>\u201cGesti\u00f3n Descentralizada e Inclusi\u00f3n Social en la Amazon\u00eda\u201d<\/b>.<\/p>\n<p><b>\u201cDentro de los cinco pilares de la Pol\u00edtica Social del gobierno del Presidente Pedro Pablo Kuzcynski, la Amazon\u00eda es una prioridad y tiene un lugar especial porque en esta regi\u00f3n existen lamentablemente brechas imperdonables\u201d<\/b>, resalt\u00f3 la ministra.<\/p>\n<p>Este acuerdo est\u00e1 alineado con el Convenio de Financiaci\u00f3n firmado entre la Uni\u00f3n Europea y la Rep\u00fablica del Per\u00fa para el Programa de Apoyo a la implementaci\u00f3n de la Estrategia Nacional de Desarrollo e Inclusi\u00f3n Social en las regiones de la Amazon\u00eda (Amazonas, Jun\u00edn, Loreto, San Mart\u00edn y Ucayali).<\/p>\n<p><a href=\"https:\/\/www.radioactiva.com.pe\/blogs\/wp-content\/uploads\/2017\/02\/acuerdoue.jpg\"><img loading=\"lazy\" decoding=\"async\" class=\"alignleft size-medium wp-image-4447\" src=\"https:\/\/www.radioactiva.com.pe\/blogs\/wp-content\/uploads\/2017\/02\/acuerdoue-300x200.jpg\" alt=\"acuerdoue\" width=\"300\" height=\"200\" \/><\/a>El gobierno de Alemania a trav\u00e9s de su agencia de cooperaci\u00f3n GIZ prestar\u00e1 asistencia t\u00e9cnica para apoyar los esfuerzos de cierre de brechas y mejora de indicadores sociales como anemia y desnutrici\u00f3n cr\u00f3nica infantil emprendidos por el pa\u00eds.<br \/>\nEn ese sentido, la titular del MIDIS agradeci\u00f3 el aporte de la Uni\u00f3n Europea y la Cooperaci\u00f3n Alemana, el cual dijo contribuir\u00e1 a la implementaci\u00f3n de medidas concretas para reducir el nivel de anemia\u00a0 y desnutrici\u00f3n cr\u00f3nica infantil, incrementar el acceso de las poblaciones a agua segura, y aumentar la tasa de asistencia escolar, entre otros indicadores.<\/p>\n<p>Por su parte, la Embajadora de la Uni\u00f3n Europea, Irene Horejs refiri\u00f3 que la asistencia t\u00e9cnica de la GIZ busca fortalecer la gesti\u00f3n de los gobiernos locales y regionales para que de manera articulada con el MIDIS se implementen iniciativas que atiendan estas brechas sociales en favor de las poblaciones m\u00e1s vulnerables de la Amazon\u00eda peruana.<\/p>\n<p>En tanto, el Embajador de la Rep\u00fablica Federal de Alemania, J\u00f6rg Ranau subray\u00f3 la importancia de fortalecer la institucionalidad de la gesti\u00f3n de las municipalidades y las regiones, con el objetivo de lograr una mayor eficiencia en los resultados de sus intervenciones.<\/p>\n<p>En el acto que se realiz\u00f3 en el Despacho Ministerial, tambi\u00e9n participaron los Viceministros Mar\u00eda Eugenia Mujica y Michel Macara- chvili.<br \/>\n(Andina)<\/p>\n","protected":false},"excerpt":{"rendered":"<p>Titular del MIDIS agradeci\u00f3 a la Uni\u00f3n Europea y a la Cooperaci\u00f3n Alemana por su apoyo en favor de Amazonas, Jun\u00edn, Loreto, San Mart\u00edn y Ucayali La Ministra de Desarrollo e Inclusi\u00f3n Social, Cayetana Aljov\u00edn, la Embajadora de la Uni\u00f3n [&hellip;]<\/p>\n","protected":false},"author":3,"featured_media":4446,"comment_status":"open","ping_status":"open","sticky":false,"template":"","format":"standard","meta":{"footnotes":""},"categories":[29,5],"tags":[],"class_list":["post-4445","post","type-post","status-publish","format-standard","has-post-thumbnail","hentry","category-destacamos","category-ultimas-noticias"],"featured_image_urls":{"full":["https:\/\/www.radioactiva.com.pe\/blogs\/wp-content\/uploads\/2017\/02\/32069873214_148963da6d_b.jpg",640,419,false],"thumbnail":["https:\/\/www.radioactiva.com.pe\/blogs\/wp-content\/uploads\/2017\/02\/32069873214_148963da6d_b-150x150.jpg",150,150,true],"medium":["https:\/\/www.radioactiva.com.pe\/blogs\/wp-content\/uploads\/2017\/02\/32069873214_148963da6d_b-300x196.jpg",300,196,true],"medium_large":["https:\/\/www.radioactiva.com.pe\/blogs\/wp-content\/uploads\/2017\/02\/32069873214_148963da6d_b.jpg",640,419,false],"large":["https:\/\/www.radioactiva.com.pe\/blogs\/wp-content\/uploads\/2017\/02\/32069873214_148963da6d_b.jpg",640,419,false],"wpsimplegallery_admin_thumb":["https:\/\/www.radioactiva.com.pe\/blogs\/wp-content\/uploads\/2017\/02\/32069873214_148963da6d_b.jpg",109,71,false],"wpsimplegallery_thumb":["https:\/\/www.radioactiva.com.pe\/blogs\/wp-content\/uploads\/2017\/02\/32069873214_148963da6d_b.jpg",100,65,false],"1536x1536":["https:\/\/www.radioactiva.com.pe\/blogs\/wp-content\/uploads\/2017\/02\/32069873214_148963da6d_b.jpg",640,419,false],"2048x2048":["https:\/\/www.radioactiva.com.pe\/blogs\/wp-content\/uploads\/2017\/02\/32069873214_148963da6d_b.jpg",640,419,false],"wp_review_large":["https:\/\/www.radioactiva.com.pe\/blogs\/wp-content\/uploads\/2017\/02\/32069873214_148963da6d_b.jpg",305,200,false],"wp_review_small":["https:\/\/www.radioactiva.com.pe\/blogs\/wp-content\/uploads\/2017\/02\/32069873214_148963da6d_b.jpg",65,43,false],"grandmagazine_blog_classic":["https:\/\/www.radioactiva.com.pe\/blogs\/wp-content\/uploads\/2017\/02\/32069873214_148963da6d_b.jpg",640,419,false],"grandmagazine_blog":["https:\/\/www.radioactiva.com.pe\/blogs\/wp-content\/uploads\/2017\/02\/32069873214_148963da6d_b.jpg",600,393,false],"woocommerce_thumbnail":["https:\/\/www.radioactiva.com.pe\/blogs\/wp-content\/uploads\/2017\/02\/32069873214_148963da6d_b.jpg",300,196,false],"woocommerce_single":["https:\/\/www.radioactiva.com.pe\/blogs\/wp-content\/uploads\/2017\/02\/32069873214_148963da6d_b.jpg",600,393,false],"woocommerce_gallery_thumbnail":["https:\/\/www.radioactiva.com.pe\/blogs\/wp-content\/uploads\/2017\/02\/32069873214_148963da6d_b.jpg",100,65,false]},"author_info":{"display_name":"Radioactiva","author_link":"https:\/\/www.radioactiva.com.pe\/blogs\/author\/percytv"},"category_info":"<a href=\"https:\/\/www.radioactiva.com.pe\/blogs\/secciones\/destacamos\" rel=\"category tag\">Destacamos<\/a> <a href=\"https:\/\/www.radioactiva.com.pe\/blogs\/secciones\/ultimas-noticias\" rel=\"category tag\">Noticias<\/a>","tag_info":"Noticias","comment_count":0,"_links":{"self":[{"href":"https:\/\/www.radioactiva.com.pe\/blogs\/wp-json\/wp\/v2\/posts\/4445","targetHints":{"allow":["GET"]}}],"collection":[{"href":"https:\/\/www.radioactiva.com.pe\/blogs\/wp-json\/wp\/v2\/posts"}],"about":[{"href":"https:\/\/www.radioactiva.com.pe\/blogs\/wp-json\/wp\/v2\/types\/post"}],"author":[{"embeddable":true,"href":"https:\/\/www.radioactiva.com.pe\/blogs\/wp-json\/wp\/v2\/users\/3"}],"replies":[{"embeddable":true,"href":"https:\/\/www.radioactiva.com.pe\/blogs\/wp-json\/wp\/v2\/comments?post=4445"}],"version-history":[{"count":2,"href":"https:\/\/www.radioactiva.com.pe\/blogs\/wp-json\/wp\/v2\/posts\/4445\/revisions"}],"predecessor-version":[{"id":4451,"href":"https:\/\/www.radioactiva.com.pe\/blogs\/wp-json\/wp\/v2\/posts\/4445\/revisions\/4451"}],"wp:featuredmedia":[{"embeddable":true,"href":"https:\/\/www.radioactiva.com.pe\/blogs\/wp-json\/wp\/v2\/media\/4446"}],"wp:attachment":[{"href":"https:\/\/www.radioactiva.com.pe\/blogs\/wp-json\/wp\/v2\/media?parent=4445"}],"wp:term":[{"taxonomy":"category","embeddable":true,"href":"https:\/\/www.radioactiva.com.pe\/blogs\/wp-json\/wp\/v2\/categories?post=4445"},{"taxonomy":"post_tag","embeddable":true,"href":"https:\/\/www.radioactiva.com.pe\/blogs\/wp-json\/wp\/v2\/tags?post=4445"}],"curies":[{"name":"wp","href":"https:\/\/api.w.org\/{rel}","templated":true}]}}