{"id":4298,"date":"2016-11-08T07:32:13","date_gmt":"2016-11-08T12:32:13","guid":{"rendered":"http:\/\/www.radioactiva.com.pe\/blogs\/?p=4298"},"modified":"2016-11-08T07:32:13","modified_gmt":"2016-11-08T12:32:13","slug":"gore-ii-regiones-impulsan-agenda-basada-en-ejes-viales-salud-y-educacion","status":"publish","type":"post","link":"https:\/\/www.radioactiva.com.pe\/blogs\/gore-ii-regiones-impulsan-agenda-basada-en-ejes-viales-salud-y-educacion-noticia","title":{"rendered":"GORE II: Regiones impulsan agenda basada en ejes viales, salud y educaci\u00f3n."},"content":{"rendered":"<p>Desde ayer lunes 7 de noviembre y hasta hoy martes 8 se realiza en la ciudad de Lima la II Reuni\u00f3n GORE &#8211; Ejecutivo 2016 evento que se viene desarrollando en el Centro de Convenciones 27 de Enero, distrito de San Borja, Lima, con la presencia de 19 ministros de Estado y 25 gobernadores regionales, convocados por la Presidencia del Consejo de Ministros.<!--more--><\/p>\n<p><a href=\"https:\/\/www.radioactiva.com.pe\/blogs\/wp-content\/uploads\/2016\/11\/PDTE-REGIONAL-AMAZONAS.jpg\"><img loading=\"lazy\" decoding=\"async\" class=\"alignleft size-full wp-image-4299\" src=\"https:\/\/www.radioactiva.com.pe\/blogs\/wp-content\/uploads\/2016\/11\/PDTE-REGIONAL-AMAZONAS.jpg\" alt=\"pdte-regional-amazonas\" width=\"208\" height=\"180\" \/><\/a><\/p>\n<p>Los temas de Salud, Educaci\u00f3n y el impulso de los ejes viales, fueron los principales temas que diversos gobernadores regionales abordaron hoy con varios ministros de Estado, lo cual forma parte de una agenda de desarrollo regional que se viene trabajando en el GORE Ejecutivo.<\/p>\n<p>En la cita participan los gobernadores de todas las regiones del Per\u00fa, Amazonas est\u00e1 representado por Gilmer Horna Corrales, Gobernador Regional de Amazonas quien ayer expuso de manera general las necesidades y proyectos prioritarios para su regi\u00f3n, asimismo tuvo reuniones privadas con Ministros y viceministros de diferentes carteras buscando sustentar y lograr cristalizar con el apoyo del Gobierno Central los principales proyectos de inversi\u00f3n para la regi\u00f3n Amazonas entre ellos: la ampliaci\u00f3n del aeropuerto de la ciudad de Chachapoyas que permita conexi\u00f3n directa con la capital de la Rep\u00fablica impactando positivamente en el despegue de la actividad tur\u00edstica.<\/p>\n<p>Inversi\u00f3n en tecnolog\u00edas de la informaci\u00f3n con la instalaci\u00f3n de banda ancha para la conectividad integral y desarrollo social de la regi\u00f3n beneficiando a instituciones educativas, salud y dependencias policiales.<\/p>\n<p>Construcci\u00f3n del Hospital Santiago Ap\u00f3stol de Bagua Grande que est\u00e1 a la espera de opini\u00f3n favorable por parte de MEF. Asfaltado bicapa del primer y tercer circuito vial que comprende las rutas Lonya Grande \u2013 Ocall\u00ed \u2013 Conila \u2013 Luya; y el tramo Puente Vilcaniza \u2013 Jumbilla \u2013 Molinopampa \u2013 Chachapoyas \u2013 Levanto \u2013 Magdalena \u2013 Tingo \u2013 Ku\u00e9lap.<\/p>\n<p>Agua potable para Utcubamba y Bagua. Proyectos agropecuarios, incremento de presupuesto para los sectores salud y educaci\u00f3n. Transferencia interestatal del predio San Juan ubicado en Chachapoyas actualmente de propiedad del INIA, entre otros pedidos debidamente sustentados.<\/p>\n<p>Seg\u00fan inform\u00f3 el Presidente del Consejo de Ministros, Fernando Zavala, adem\u00e1s de definir las prioridades por regiones, la reuni\u00f3n busca tambi\u00e9n continuar el desarrollo de pol\u00edtica de coordinaci\u00f3n intergubernamental. Por su parte los gobernadores regionales est\u00e1n satisfechos con la decisi\u00f3n del Ejecutivo de crear las reuniones GORE Ejecutivo pues permite estrechar coordinaciones de manera m\u00e1s directa para la ejecuci\u00f3n de proyectos de desarrollo.<\/p>\n<p>&nbsp;<\/p>\n<p>&nbsp;<\/p>\n","protected":false},"excerpt":{"rendered":"<p>Desde ayer lunes 7 de noviembre y hasta hoy martes 8 se realiza en la ciudad de Lima la II Reuni\u00f3n GORE &#8211; Ejecutivo 2016 evento que se viene desarrollando en el Centro de Convenciones 27 de Enero, distrito de [&hellip;]<\/p>\n","protected":false},"author":3,"featured_media":4300,"comment_status":"open","ping_status":"open","sticky":false,"template":"","format":"standard","meta":{"footnotes":""},"categories":[29,5],"tags":[970,972,971,969],"class_list":["post-4298","post","type-post","status-publish","format-standard","has-post-thumbnail","hentry","category-destacamos","category-ultimas-noticias","tag-gobernador-regional-amazonas","tag-gobernadores-regionales","tag-gore-ejecutivo","tag-gore-ii"],"featured_image_urls":{"full":["https:\/\/www.radioactiva.com.pe\/blogs\/wp-content\/uploads\/2016\/11\/GORE-2.jpg",500,333,false],"thumbnail":["https:\/\/www.radioactiva.com.pe\/blogs\/wp-content\/uploads\/2016\/11\/GORE-2-150x150.jpg",150,150,true],"medium":["https:\/\/www.radioactiva.com.pe\/blogs\/wp-content\/uploads\/2016\/11\/GORE-2-300x200.jpg",300,200,true],"medium_large":["https:\/\/www.radioactiva.com.pe\/blogs\/wp-content\/uploads\/2016\/11\/GORE-2.jpg",500,333,false],"large":["https:\/\/www.radioactiva.com.pe\/blogs\/wp-content\/uploads\/2016\/11\/GORE-2.jpg",500,333,false],"wpsimplegallery_admin_thumb":["https:\/\/www.radioactiva.com.pe\/blogs\/wp-content\/uploads\/2016\/11\/GORE-2.jpg",109,73,false],"wpsimplegallery_thumb":["https:\/\/www.radioactiva.com.pe\/blogs\/wp-content\/uploads\/2016\/11\/GORE-2.jpg",100,67,false],"1536x1536":["https:\/\/www.radioactiva.com.pe\/blogs\/wp-content\/uploads\/2016\/11\/GORE-2.jpg",500,333,false],"2048x2048":["https:\/\/www.radioactiva.com.pe\/blogs\/wp-content\/uploads\/2016\/11\/GORE-2.jpg",500,333,false],"wp_review_large":["https:\/\/www.radioactiva.com.pe\/blogs\/wp-content\/uploads\/2016\/11\/GORE-2.jpg",300,200,false],"wp_review_small":["https:\/\/www.radioactiva.com.pe\/blogs\/wp-content\/uploads\/2016\/11\/GORE-2.jpg",65,43,false],"grandmagazine_blog_classic":["https:\/\/www.radioactiva.com.pe\/blogs\/wp-content\/uploads\/2016\/11\/GORE-2.jpg",500,333,false],"grandmagazine_blog":["https:\/\/www.radioactiva.com.pe\/blogs\/wp-content\/uploads\/2016\/11\/GORE-2.jpg",500,333,false],"woocommerce_thumbnail":["https:\/\/www.radioactiva.com.pe\/blogs\/wp-content\/uploads\/2016\/11\/GORE-2.jpg",300,200,false],"woocommerce_single":["https:\/\/www.radioactiva.com.pe\/blogs\/wp-content\/uploads\/2016\/11\/GORE-2.jpg",500,333,false],"woocommerce_gallery_thumbnail":["https:\/\/www.radioactiva.com.pe\/blogs\/wp-content\/uploads\/2016\/11\/GORE-2.jpg",100,67,false]},"author_info":{"display_name":"Radioactiva","author_link":"https:\/\/www.radioactiva.com.pe\/blogs\/author\/percytv"},"category_info":"<a href=\"https:\/\/www.radioactiva.com.pe\/blogs\/secciones\/destacamos\" rel=\"category tag\">Destacamos<\/a> <a href=\"https:\/\/www.radioactiva.com.pe\/blogs\/secciones\/ultimas-noticias\" rel=\"category tag\">Noticias<\/a>","tag_info":"Noticias","comment_count":0,"_links":{"self":[{"href":"https:\/\/www.radioactiva.com.pe\/blogs\/wp-json\/wp\/v2\/posts\/4298","targetHints":{"allow":["GET"]}}],"collection":[{"href":"https:\/\/www.radioactiva.com.pe\/blogs\/wp-json\/wp\/v2\/posts"}],"about":[{"href":"https:\/\/www.radioactiva.com.pe\/blogs\/wp-json\/wp\/v2\/types\/post"}],"author":[{"embeddable":true,"href":"https:\/\/www.radioactiva.com.pe\/blogs\/wp-json\/wp\/v2\/users\/3"}],"replies":[{"embeddable":true,"href":"https:\/\/www.radioactiva.com.pe\/blogs\/wp-json\/wp\/v2\/comments?post=4298"}],"version-history":[{"count":1,"href":"https:\/\/www.radioactiva.com.pe\/blogs\/wp-json\/wp\/v2\/posts\/4298\/revisions"}],"predecessor-version":[{"id":4301,"href":"https:\/\/www.radioactiva.com.pe\/blogs\/wp-json\/wp\/v2\/posts\/4298\/revisions\/4301"}],"wp:featuredmedia":[{"embeddable":true,"href":"https:\/\/www.radioactiva.com.pe\/blogs\/wp-json\/wp\/v2\/media\/4300"}],"wp:attachment":[{"href":"https:\/\/www.radioactiva.com.pe\/blogs\/wp-json\/wp\/v2\/media?parent=4298"}],"wp:term":[{"taxonomy":"category","embeddable":true,"href":"https:\/\/www.radioactiva.com.pe\/blogs\/wp-json\/wp\/v2\/categories?post=4298"},{"taxonomy":"post_tag","embeddable":true,"href":"https:\/\/www.radioactiva.com.pe\/blogs\/wp-json\/wp\/v2\/tags?post=4298"}],"curies":[{"name":"wp","href":"https:\/\/api.w.org\/{rel}","templated":true}]}}