{"id":4264,"date":"2016-06-30T11:08:00","date_gmt":"2016-06-30T16:08:00","guid":{"rendered":"http:\/\/www.radioactiva.com.pe\/blogs\/?p=4264"},"modified":"2016-07-01T15:05:08","modified_gmt":"2016-07-01T20:05:08","slug":"dos-profesores-amazonenses-recibieron-palmas-magisteriales-2016","status":"publish","type":"post","link":"https:\/\/www.radioactiva.com.pe\/blogs\/dos-profesores-amazonenses-recibieron-palmas-magisteriales-2016-noticia","title":{"rendered":"Dos profesores Amazonenses recibieron Palmas Magisteriales 2016"},"content":{"rendered":"<p>Dos docentes Amazonenses fueron reconocidos y \u00a0galardonados con las Palmas Magisteriales 2016, ellos son \u00c1ngela Montoya Vargas (Directora del \u00a0Instituto Superior de Educaci\u00f3n P\u00fablico Chincha) \u00a0y Milton Ch\u00e1vez Pardo (profesor de aula en Rodr\u00edguez de Mendoza).<!--more--><\/p>\n<p><a href=\"https:\/\/www.radioactiva.com.pe\/blogs\/wp-content\/uploads\/2016\/06\/milton.jpg\"><img loading=\"lazy\" decoding=\"async\" class=\"alignleft size-medium wp-image-4265\" src=\"https:\/\/www.radioactiva.com.pe\/blogs\/wp-content\/uploads\/2016\/06\/milton-300x169.jpg\" alt=\"milton\" width=\"300\" height=\"169\" \/><\/a><\/p>\n<p>El Ministerio de Educaci\u00f3n (Minedu), dentro de su pol\u00edtica de revalorizaci\u00f3n de la carrera docente que desarrolla a nivel nacional, otorgar\u00e1 las Palmas Magisteriales 2016 a veinte (20) profesional en educaci\u00f3n o con t\u00edtulo distinto.<\/p>\n<p>De los veinte galardonados, cinco recibieron las Palmas Magisteriales en el Grado de Amauta; siete en el Grado de Educador y ocho en el de Maestro, seg\u00fan resoluciones ministeriales publicadas en el diario oficial El Peruano con la firma del Ministro de Educaci\u00f3n, Jaime Saavedra Chanduv\u00ed.<\/p>\n<p><strong>Los nuevos cinco Amautas del Per\u00fa<\/strong> son: Lucy Esther Barrera Machado, Zu\u00f1o Burstein Alva, Maribel Cormack Lynch Vda. de La Rosa, Mar\u00eda Leonor Romero Ochoa y M\u00e1ximo Eduardo Vega Centeno Bocangel.<\/p>\n<p>Los profesionales que recibieron las Palmas Magisteriales 2016 en el <strong>Grado de Educador<\/strong> son: Mar\u00eda Julia Calixto Ram\u00edrez, <strong>Milton Alberto Ch\u00e1vez Pardo<\/strong>, Abel Arturo Jorge Meza, M\u00f3nica Milagros Lanchipa Bergamini, Zonia Ysabel Limaco de Fuentes, Juan Nery V\u00e9lez Vilca y Vivian Marivel Villegas Ramos.<\/p>\n<p>En el <strong>Grado de Maestro<\/strong> figuran: Beder Bocanegra Vilcamango, Mario R\u00f3mulo Cavero Carrasco, Selmira Simona Cruz G\u00f3mez, M\u00e1ximo Eulogio De la Cruz Sol\u00f3rzano, Benjam\u00edn Maraza Quispe, <strong>\u00c1ngela Montoya Vargas<\/strong>, C\u00e9sar Rolando S\u00e1nchez Rojas y Lorenzo Eleuterio Vargas D\u00edaz.<\/p>\n<p>La condecoraci\u00f3n en el Grado de Amauta se confiere a todo profesional en educaci\u00f3n o con t\u00edtulo distinto que en su labor educativa ostente una trayectoria acad\u00e9mica y profesional de excepcional relieve, que sea considere un aporte significativo a la educaci\u00f3n, ciencia o cultura del pa\u00eds.<\/p>\n<p>El Grado de Educador se confiere s\u00f3lo a docentes en actividad que ejercen labor pedag\u00f3gica en aula, como un reconocimiento a su distinguida calidad educativa, a su dedicaci\u00f3n a los estudiantes, y a su conducta ejemplar en el ejercicio de la docencia. Debe tener por lo menos 15 a\u00f1os de servicio docente.<\/p>\n<p>Finalmente, la condecoraci\u00f3n en el Grado de Maestro se confiere al profesional en educaci\u00f3n o con t\u00edtulo distinto que profesa o haya profesado la docencia, ostentando una trayectoria educativa de excepcional relieve, cuya obra ha superado los l\u00edmites de su propia aula, al destacar pedag\u00f3gicamente en el \u00e1mbito local o regional.<\/p>\n<p>Las Palmas Magisteriales constituyen un reconocimiento y una distinci\u00f3n honor\u00edfica que el Estado otorga a todo profesional en educaci\u00f3n o con t\u00edtulo distinto.<\/p>\n","protected":false},"excerpt":{"rendered":"<p>Dos docentes Amazonenses fueron reconocidos y \u00a0galardonados con las Palmas Magisteriales 2016, ellos son \u00c1ngela Montoya Vargas (Directora del \u00a0Instituto Superior de Educaci\u00f3n P\u00fablico Chincha) \u00a0y Milton Ch\u00e1vez Pardo (profesor de aula en Rodr\u00edguez de Mendoza).<\/p>\n","protected":false},"author":3,"featured_media":4266,"comment_status":"open","ping_status":"open","sticky":false,"template":"","format":"standard","meta":{"footnotes":""},"categories":[29,5],"tags":[959],"class_list":["post-4264","post","type-post","status-publish","format-standard","has-post-thumbnail","hentry","category-destacamos","category-ultimas-noticias","tag-palmas-magisteriales-amazonas-profesores-educacion-amazonas"],"featured_image_urls":{"full":["https:\/\/www.radioactiva.com.pe\/blogs\/wp-content\/uploads\/2016\/06\/palmas.jpg",760,400,false],"thumbnail":["https:\/\/www.radioactiva.com.pe\/blogs\/wp-content\/uploads\/2016\/06\/palmas-150x150.jpg",150,150,true],"medium":["https:\/\/www.radioactiva.com.pe\/blogs\/wp-content\/uploads\/2016\/06\/palmas-300x158.jpg",300,158,true],"medium_large":["https:\/\/www.radioactiva.com.pe\/blogs\/wp-content\/uploads\/2016\/06\/palmas.jpg",760,400,false],"large":["https:\/\/www.radioactiva.com.pe\/blogs\/wp-content\/uploads\/2016\/06\/palmas.jpg",760,400,false],"wpsimplegallery_admin_thumb":["https:\/\/www.radioactiva.com.pe\/blogs\/wp-content\/uploads\/2016\/06\/palmas.jpg",109,57,false],"wpsimplegallery_thumb":["https:\/\/www.radioactiva.com.pe\/blogs\/wp-content\/uploads\/2016\/06\/palmas.jpg",100,53,false],"1536x1536":["https:\/\/www.radioactiva.com.pe\/blogs\/wp-content\/uploads\/2016\/06\/palmas.jpg",760,400,false],"2048x2048":["https:\/\/www.radioactiva.com.pe\/blogs\/wp-content\/uploads\/2016\/06\/palmas.jpg",760,400,false],"wp_review_large":["https:\/\/www.radioactiva.com.pe\/blogs\/wp-content\/uploads\/2016\/06\/palmas.jpg",320,168,false],"wp_review_small":["https:\/\/www.radioactiva.com.pe\/blogs\/wp-content\/uploads\/2016\/06\/palmas.jpg",65,34,false],"grandmagazine_blog_classic":["https:\/\/www.radioactiva.com.pe\/blogs\/wp-content\/uploads\/2016\/06\/palmas.jpg",760,400,false],"grandmagazine_blog":["https:\/\/www.radioactiva.com.pe\/blogs\/wp-content\/uploads\/2016\/06\/palmas.jpg",600,316,false],"woocommerce_thumbnail":["https:\/\/www.radioactiva.com.pe\/blogs\/wp-content\/uploads\/2016\/06\/palmas.jpg",300,158,false],"woocommerce_single":["https:\/\/www.radioactiva.com.pe\/blogs\/wp-content\/uploads\/2016\/06\/palmas.jpg",600,316,false],"woocommerce_gallery_thumbnail":["https:\/\/www.radioactiva.com.pe\/blogs\/wp-content\/uploads\/2016\/06\/palmas.jpg",100,53,false]},"author_info":{"display_name":"Radioactiva","author_link":"https:\/\/www.radioactiva.com.pe\/blogs\/author\/percytv"},"category_info":"<a href=\"https:\/\/www.radioactiva.com.pe\/blogs\/secciones\/destacamos\" rel=\"category tag\">Destacamos<\/a> <a href=\"https:\/\/www.radioactiva.com.pe\/blogs\/secciones\/ultimas-noticias\" rel=\"category tag\">Noticias<\/a>","tag_info":"Noticias","comment_count":0,"_links":{"self":[{"href":"https:\/\/www.radioactiva.com.pe\/blogs\/wp-json\/wp\/v2\/posts\/4264","targetHints":{"allow":["GET"]}}],"collection":[{"href":"https:\/\/www.radioactiva.com.pe\/blogs\/wp-json\/wp\/v2\/posts"}],"about":[{"href":"https:\/\/www.radioactiva.com.pe\/blogs\/wp-json\/wp\/v2\/types\/post"}],"author":[{"embeddable":true,"href":"https:\/\/www.radioactiva.com.pe\/blogs\/wp-json\/wp\/v2\/users\/3"}],"replies":[{"embeddable":true,"href":"https:\/\/www.radioactiva.com.pe\/blogs\/wp-json\/wp\/v2\/comments?post=4264"}],"version-history":[{"count":1,"href":"https:\/\/www.radioactiva.com.pe\/blogs\/wp-json\/wp\/v2\/posts\/4264\/revisions"}],"predecessor-version":[{"id":4267,"href":"https:\/\/www.radioactiva.com.pe\/blogs\/wp-json\/wp\/v2\/posts\/4264\/revisions\/4267"}],"wp:featuredmedia":[{"embeddable":true,"href":"https:\/\/www.radioactiva.com.pe\/blogs\/wp-json\/wp\/v2\/media\/4266"}],"wp:attachment":[{"href":"https:\/\/www.radioactiva.com.pe\/blogs\/wp-json\/wp\/v2\/media?parent=4264"}],"wp:term":[{"taxonomy":"category","embeddable":true,"href":"https:\/\/www.radioactiva.com.pe\/blogs\/wp-json\/wp\/v2\/categories?post=4264"},{"taxonomy":"post_tag","embeddable":true,"href":"https:\/\/www.radioactiva.com.pe\/blogs\/wp-json\/wp\/v2\/tags?post=4264"}],"curies":[{"name":"wp","href":"https:\/\/api.w.org\/{rel}","templated":true}]}}