{"id":4253,"date":"2016-06-21T07:22:04","date_gmt":"2016-06-21T12:22:04","guid":{"rendered":"http:\/\/www.radioactiva.com.pe\/blogs\/?p=4253"},"modified":"2016-06-21T07:22:04","modified_gmt":"2016-06-21T12:22:04","slug":"conforman-comite-organizador-de-feragro-internacional-chachapoyas-2016","status":"publish","type":"post","link":"https:\/\/www.radioactiva.com.pe\/blogs\/conforman-comite-organizador-de-feragro-internacional-chachapoyas-2016-noticia","title":{"rendered":"Conforman comit\u00e9 organizador de FERAGRO Internacional Chachapoyas 2016"},"content":{"rendered":"<p>Qued\u00f3 conformado el Comit\u00e9 Organizador de FERAGRO\u00a0 INTERNACIONAL CHACHAPOYAS 2016, a desarrollarse del 4 al 7 de agosto del presente a\u00f1o en el Fundo San Juan \u2013 INIA, en el marco de las Fiestas Patronales de la ciudad de Chachapoyas, en honor a Virgen Asunta.<!--more--><\/p>\n<p><a href=\"https:\/\/www.radioactiva.com.pe\/blogs\/wp-content\/uploads\/2016\/06\/feragro-2016-2.jpg\"><img loading=\"lazy\" decoding=\"async\" class=\"alignleft size-medium wp-image-4254\" src=\"https:\/\/www.radioactiva.com.pe\/blogs\/wp-content\/uploads\/2016\/06\/feragro-2016-2-300x212.jpg\" alt=\"feragro 2016 2\" width=\"300\" height=\"212\" \/><\/a><\/p>\n<p>La presidencia recae en la persona de German S\u00e1nchez Santill\u00e1n, Vicepresidente Segundo Rimachi Pinedo; Tesorera, Milena Escobedo Pereyra; Secretaria, Liliana L\u00f3pez Oclocho; Comisario General, Jorge M\u00e1s Rimachi; Comisario de ganader\u00eda, Cesar Marav\u00ed Carmen, Comisario de Agricultura, Percy Pilco D\u00edaz; Comisario de Infraestructura, Jos\u00e9 del Carmen Oliva Cruz; y Comisaria de Prensa y Propaganda, Jhyssel L\u00f3pez Hidalgo.<\/p>\n<p>Una vez constituido el comit\u00e9, el Gobernador Regional Amazonas, Gilmer Horna Corrales, procedi\u00f3 a tomar el juramento de estilo al presidente y sus miembros integrantes, exhort\u00e1ndoles a trabajar desde ahora para hacer de este evento uno de los m\u00e1s importantes del pa\u00eds, pues desde el presente a\u00f1o tendr\u00e1 la denominaci\u00f3n de Feragro Internacional porque contar\u00e1 con expositores de diversos pa\u00edses.<\/p>\n<p>\u201cEl objetivo es seguir trabajando por el agro y el desarrollo productivo de nuestra regi\u00f3n, a fin de impulsar esta actividad econ\u00f3mica en beneficio de las familias campesinas\u201d, refiri\u00f3 Gilmer Horna.\u00a0 El evento, que se viene con muchas novedades, pretende congregar a grandes y peque\u00f1os productores nacionales y extranjeros donde puedan compartir experiencias y posicionar en los mercados nacionales e internacionales las potencialidades agropecuarias, agroindustriales, artesanales, tur\u00edsticas y lo mejor de la gastronom\u00eda de la regi\u00f3n Amazonas.<\/p>\n<p>El flamante Presidente de Feragro Internacional Chachapoyas 2016, Germ\u00e1n Santill\u00e1n, expres\u00f3 su compromiso de dedicarse a tiempo completo a partir de la fecha para hacer de este evento, que se ampl\u00eda a 4 d\u00edas, un \u00e9xito rotundo con la participaci\u00f3n activa de los productores amazonenses con nuevas pr\u00e1cticas de innovaci\u00f3n para mejorar los ingresos econ\u00f3micos. Agradeci\u00f3 al Gobernador Regional por su voluntad de mejorar este evento productivo que repercutir\u00e1 en el desarrollo de Amazonas.<\/p>\n","protected":false},"excerpt":{"rendered":"<p>Qued\u00f3 conformado el Comit\u00e9 Organizador de FERAGRO\u00a0 INTERNACIONAL CHACHAPOYAS 2016, a desarrollarse del 4 al 7 de agosto del presente a\u00f1o en el Fundo San Juan \u2013 INIA, en el marco de las Fiestas Patronales de la ciudad de Chachapoyas, [&hellip;]<\/p>\n","protected":false},"author":3,"featured_media":4255,"comment_status":"open","ping_status":"open","sticky":false,"template":"","format":"standard","meta":{"footnotes":""},"categories":[29,5],"tags":[956],"class_list":["post-4253","post","type-post","status-publish","format-standard","has-post-thumbnail","hentry","category-destacamos","category-ultimas-noticias","tag-feragro-amazonas-feria-fiesta-virgen-asunta-2016"],"featured_image_urls":{"full":["https:\/\/www.radioactiva.com.pe\/blogs\/wp-content\/uploads\/2016\/06\/feragro-2016.jpg",1024,620,false],"thumbnail":["https:\/\/www.radioactiva.com.pe\/blogs\/wp-content\/uploads\/2016\/06\/feragro-2016-150x150.jpg",150,150,true],"medium":["https:\/\/www.radioactiva.com.pe\/blogs\/wp-content\/uploads\/2016\/06\/feragro-2016-300x182.jpg",300,182,true],"medium_large":["https:\/\/www.radioactiva.com.pe\/blogs\/wp-content\/uploads\/2016\/06\/feragro-2016-768x465.jpg",768,465,true],"large":["https:\/\/www.radioactiva.com.pe\/blogs\/wp-content\/uploads\/2016\/06\/feragro-2016-1024x620.jpg",1024,620,true],"wpsimplegallery_admin_thumb":["https:\/\/www.radioactiva.com.pe\/blogs\/wp-content\/uploads\/2016\/06\/feragro-2016.jpg",109,66,false],"wpsimplegallery_thumb":["https:\/\/www.radioactiva.com.pe\/blogs\/wp-content\/uploads\/2016\/06\/feragro-2016.jpg",100,61,false],"1536x1536":["https:\/\/www.radioactiva.com.pe\/blogs\/wp-content\/uploads\/2016\/06\/feragro-2016.jpg",1024,620,false],"2048x2048":["https:\/\/www.radioactiva.com.pe\/blogs\/wp-content\/uploads\/2016\/06\/feragro-2016.jpg",1024,620,false],"wp_review_large":["https:\/\/www.radioactiva.com.pe\/blogs\/wp-content\/uploads\/2016\/06\/feragro-2016.jpg",320,194,false],"wp_review_small":["https:\/\/www.radioactiva.com.pe\/blogs\/wp-content\/uploads\/2016\/06\/feragro-2016.jpg",65,39,false],"grandmagazine_blog_classic":["https:\/\/www.radioactiva.com.pe\/blogs\/wp-content\/uploads\/2016\/06\/feragro-2016.jpg",1024,620,false],"grandmagazine_blog":["https:\/\/www.radioactiva.com.pe\/blogs\/wp-content\/uploads\/2016\/06\/feragro-2016.jpg",600,363,false],"woocommerce_thumbnail":["https:\/\/www.radioactiva.com.pe\/blogs\/wp-content\/uploads\/2016\/06\/feragro-2016.jpg",300,182,false],"woocommerce_single":["https:\/\/www.radioactiva.com.pe\/blogs\/wp-content\/uploads\/2016\/06\/feragro-2016.jpg",600,363,false],"woocommerce_gallery_thumbnail":["https:\/\/www.radioactiva.com.pe\/blogs\/wp-content\/uploads\/2016\/06\/feragro-2016.jpg",100,61,false]},"author_info":{"display_name":"Radioactiva","author_link":"https:\/\/www.radioactiva.com.pe\/blogs\/author\/percytv"},"category_info":"<a href=\"https:\/\/www.radioactiva.com.pe\/blogs\/secciones\/destacamos\" rel=\"category tag\">Destacamos<\/a> <a href=\"https:\/\/www.radioactiva.com.pe\/blogs\/secciones\/ultimas-noticias\" rel=\"category tag\">Noticias<\/a>","tag_info":"Noticias","comment_count":0,"_links":{"self":[{"href":"https:\/\/www.radioactiva.com.pe\/blogs\/wp-json\/wp\/v2\/posts\/4253","targetHints":{"allow":["GET"]}}],"collection":[{"href":"https:\/\/www.radioactiva.com.pe\/blogs\/wp-json\/wp\/v2\/posts"}],"about":[{"href":"https:\/\/www.radioactiva.com.pe\/blogs\/wp-json\/wp\/v2\/types\/post"}],"author":[{"embeddable":true,"href":"https:\/\/www.radioactiva.com.pe\/blogs\/wp-json\/wp\/v2\/users\/3"}],"replies":[{"embeddable":true,"href":"https:\/\/www.radioactiva.com.pe\/blogs\/wp-json\/wp\/v2\/comments?post=4253"}],"version-history":[{"count":1,"href":"https:\/\/www.radioactiva.com.pe\/blogs\/wp-json\/wp\/v2\/posts\/4253\/revisions"}],"predecessor-version":[{"id":4256,"href":"https:\/\/www.radioactiva.com.pe\/blogs\/wp-json\/wp\/v2\/posts\/4253\/revisions\/4256"}],"wp:featuredmedia":[{"embeddable":true,"href":"https:\/\/www.radioactiva.com.pe\/blogs\/wp-json\/wp\/v2\/media\/4255"}],"wp:attachment":[{"href":"https:\/\/www.radioactiva.com.pe\/blogs\/wp-json\/wp\/v2\/media?parent=4253"}],"wp:term":[{"taxonomy":"category","embeddable":true,"href":"https:\/\/www.radioactiva.com.pe\/blogs\/wp-json\/wp\/v2\/categories?post=4253"},{"taxonomy":"post_tag","embeddable":true,"href":"https:\/\/www.radioactiva.com.pe\/blogs\/wp-json\/wp\/v2\/tags?post=4253"}],"curies":[{"name":"wp","href":"https:\/\/api.w.org\/{rel}","templated":true}]}}