{"id":4225,"date":"2016-05-27T07:40:07","date_gmt":"2016-05-27T12:40:07","guid":{"rendered":"http:\/\/www.radioactiva.com.pe\/blogs\/?p=4225"},"modified":"2016-06-03T08:34:09","modified_gmt":"2016-06-03T13:34:09","slug":"organizan-iii-seminario-nacional-de-siembra-y-cosecha-de-agua-amazonas-2016","status":"publish","type":"post","link":"https:\/\/www.radioactiva.com.pe\/blogs\/organizan-iii-seminario-nacional-de-siembra-y-cosecha-de-agua-amazonas-2016-noticia","title":{"rendered":"Organizan III Seminario nacional de siembra y cosecha de agua Amazonas 2016"},"content":{"rendered":"<p class=\"x_MsoNormal\">Los d\u00edas 9 y 10 de junio se realizar\u00e1 el \u201cIII Seminario Nacional de Siembra y Cosecha del Agua\u201d como una estrategia de adaptaci\u00f3n frente al cambio clim\u00e1tico, anunci\u00f3 en conferencia de prensa el Gerente General del Gobierno Regional Amazonas, Roberto Mori Zabarbur\u00fa. \u201cSe presentar\u00e1n t\u00e9cnicas y experiencias de siembra y cosecha de agua reconocidas a nivel nacional e internacional para su aplicaci\u00f3n en la regi\u00f3n Amazonas, as\u00ed como buscar soluciones al creciente problema del d\u00e9ficit h\u00eddrico\u201d, indic\u00f3 el funcionario.<!--more--><\/p>\n<p class=\"x_MsoNormal\"><a href=\"https:\/\/www.radioactiva.com.pe\/blogs\/wp-content\/uploads\/2016\/05\/siembra.jpg\"><img loading=\"lazy\" decoding=\"async\" class=\"alignleft size-medium wp-image-4226\" src=\"https:\/\/www.radioactiva.com.pe\/blogs\/wp-content\/uploads\/2016\/05\/siembra-300x200.jpg\" alt=\"siembra\" width=\"300\" height=\"200\" \/><\/a><\/p>\n<p class=\"x_MsoNormal\">Este evento, organizado por el Gobierno Regional Amazonas y el Ministerio de Agricultura y Riego, se desarrollar\u00e1 en el auditorio Jorge Merino Tafur en la ciudad de Chachapoyas y contar\u00e1 con la ponencia de reconocidos conferencistas internacionales de la Organizaci\u00f3n de las Naciones Unidas para la Alimentaci\u00f3n y Agricultura (FAO).<\/p>\n<p class=\"x_MsoNormal\">La jornada, que tambi\u00e9n forma parte de las actividades de la XXI Semana Tur\u00edstica de Chachapoyas 2016, permitir\u00e1 revalorar y difundir t\u00e9cnicas ancestrales en beneficio de nuestros agricultores, y a la vez sensibilizar a las autoridades y comunidad en general sobre la urgente necesidad de adoptar medidas concretas, para garantizar el suministro del recurso agua en nuestra regi\u00f3n.<\/p>\n<p class=\"x_MsoNormal\">Participar\u00e1n en el seminario, representantes del Gobierno Regional, de la Direcci\u00f3n Regional de Agricultura, de las municipalidades, universidades, estudiantes, organizaciones de usuarios de agua, instituciones p\u00fablicas y privadas ligadas al sector agrario, productores agropecuarios y sociedad civil.<\/p>\n<p class=\"x_MsoNormal\">Ser\u00e1 un aporte importante al dise\u00f1o de pol\u00edticas p\u00fablicas y conocer avances relacionados al Marco Normativo de los Recursos H\u00eddricos con relaci\u00f3n a la siembra y cosecha del agua, t\u00e9cnicas y metodolog\u00edas para esta actividad.<\/p>\n<p class=\"x_MsoNormal\">El III Seminario se ajusta a las pol\u00edticas p\u00fablicas que impulsa el Gobernador Regional Amazonas, Gilmer Horna Corrales, a fin de mejorar la producci\u00f3n agropecuaria a trav\u00e9s de pr\u00e1cticas concretas de pedagog\u00eda ambiental, donde se enlacen los conocimientos cient\u00edficos con los tradicionales, con el fin de enfrentar de manera m\u00e1s efectiva las consecuencias del cambio clim\u00e1tico.<\/p>\n<p class=\"x_MsoNormal\">Las inscripciones se vienen realizando en la oficina de Tr\u00e1mite Documentario y a trav\u00e9s del portal del Gobierno Regional Amazonas:<a href=\"http:\/\/www.regionamazonas.gob.pe\/\" target=\"_blank\">www.regionamazonas.gob.pe<\/a> donde deber\u00e1 llenar sus datos con letra may\u00fascula para la correcta impresi\u00f3n de sus certificados.<\/p>\n","protected":false},"excerpt":{"rendered":"<p>Los d\u00edas 9 y 10 de junio se realizar\u00e1 el \u201cIII Seminario Nacional de Siembra y Cosecha del Agua\u201d como una estrategia de adaptaci\u00f3n frente al cambio clim\u00e1tico, anunci\u00f3 en conferencia de prensa el Gerente General del Gobierno Regional Amazonas, [&hellip;]<\/p>\n","protected":false},"author":3,"featured_media":4226,"comment_status":"open","ping_status":"open","sticky":false,"template":"","format":"standard","meta":{"footnotes":""},"categories":[29,5],"tags":[],"class_list":["post-4225","post","type-post","status-publish","format-standard","has-post-thumbnail","hentry","category-destacamos","category-ultimas-noticias"],"featured_image_urls":{"full":["https:\/\/www.radioactiva.com.pe\/blogs\/wp-content\/uploads\/2016\/05\/siembra.jpg",1024,684,false],"thumbnail":["https:\/\/www.radioactiva.com.pe\/blogs\/wp-content\/uploads\/2016\/05\/siembra-150x150.jpg",150,150,true],"medium":["https:\/\/www.radioactiva.com.pe\/blogs\/wp-content\/uploads\/2016\/05\/siembra-300x200.jpg",300,200,true],"medium_large":["https:\/\/www.radioactiva.com.pe\/blogs\/wp-content\/uploads\/2016\/05\/siembra-768x513.jpg",768,513,true],"large":["https:\/\/www.radioactiva.com.pe\/blogs\/wp-content\/uploads\/2016\/05\/siembra-1024x684.jpg",1024,684,true],"wpsimplegallery_admin_thumb":["https:\/\/www.radioactiva.com.pe\/blogs\/wp-content\/uploads\/2016\/05\/siembra.jpg",109,73,false],"wpsimplegallery_thumb":["https:\/\/www.radioactiva.com.pe\/blogs\/wp-content\/uploads\/2016\/05\/siembra.jpg",100,67,false],"1536x1536":["https:\/\/www.radioactiva.com.pe\/blogs\/wp-content\/uploads\/2016\/05\/siembra.jpg",1024,684,false],"2048x2048":["https:\/\/www.radioactiva.com.pe\/blogs\/wp-content\/uploads\/2016\/05\/siembra.jpg",1024,684,false],"wp_review_large":["https:\/\/www.radioactiva.com.pe\/blogs\/wp-content\/uploads\/2016\/05\/siembra.jpg",299,200,false],"wp_review_small":["https:\/\/www.radioactiva.com.pe\/blogs\/wp-content\/uploads\/2016\/05\/siembra.jpg",65,43,false],"grandmagazine_blog_classic":["https:\/\/www.radioactiva.com.pe\/blogs\/wp-content\/uploads\/2016\/05\/siembra.jpg",1024,684,false],"grandmagazine_blog":["https:\/\/www.radioactiva.com.pe\/blogs\/wp-content\/uploads\/2016\/05\/siembra.jpg",600,401,false],"woocommerce_thumbnail":["https:\/\/www.radioactiva.com.pe\/blogs\/wp-content\/uploads\/2016\/05\/siembra.jpg",300,200,false],"woocommerce_single":["https:\/\/www.radioactiva.com.pe\/blogs\/wp-content\/uploads\/2016\/05\/siembra.jpg",600,401,false],"woocommerce_gallery_thumbnail":["https:\/\/www.radioactiva.com.pe\/blogs\/wp-content\/uploads\/2016\/05\/siembra.jpg",100,67,false]},"author_info":{"display_name":"Radioactiva","author_link":"https:\/\/www.radioactiva.com.pe\/blogs\/author\/percytv"},"category_info":"<a href=\"https:\/\/www.radioactiva.com.pe\/blogs\/secciones\/destacamos\" rel=\"category tag\">Destacamos<\/a> <a href=\"https:\/\/www.radioactiva.com.pe\/blogs\/secciones\/ultimas-noticias\" rel=\"category tag\">Noticias<\/a>","tag_info":"Noticias","comment_count":0,"_links":{"self":[{"href":"https:\/\/www.radioactiva.com.pe\/blogs\/wp-json\/wp\/v2\/posts\/4225","targetHints":{"allow":["GET"]}}],"collection":[{"href":"https:\/\/www.radioactiva.com.pe\/blogs\/wp-json\/wp\/v2\/posts"}],"about":[{"href":"https:\/\/www.radioactiva.com.pe\/blogs\/wp-json\/wp\/v2\/types\/post"}],"author":[{"embeddable":true,"href":"https:\/\/www.radioactiva.com.pe\/blogs\/wp-json\/wp\/v2\/users\/3"}],"replies":[{"embeddable":true,"href":"https:\/\/www.radioactiva.com.pe\/blogs\/wp-json\/wp\/v2\/comments?post=4225"}],"version-history":[{"count":1,"href":"https:\/\/www.radioactiva.com.pe\/blogs\/wp-json\/wp\/v2\/posts\/4225\/revisions"}],"predecessor-version":[{"id":4227,"href":"https:\/\/www.radioactiva.com.pe\/blogs\/wp-json\/wp\/v2\/posts\/4225\/revisions\/4227"}],"wp:featuredmedia":[{"embeddable":true,"href":"https:\/\/www.radioactiva.com.pe\/blogs\/wp-json\/wp\/v2\/media\/4226"}],"wp:attachment":[{"href":"https:\/\/www.radioactiva.com.pe\/blogs\/wp-json\/wp\/v2\/media?parent=4225"}],"wp:term":[{"taxonomy":"category","embeddable":true,"href":"https:\/\/www.radioactiva.com.pe\/blogs\/wp-json\/wp\/v2\/categories?post=4225"},{"taxonomy":"post_tag","embeddable":true,"href":"https:\/\/www.radioactiva.com.pe\/blogs\/wp-json\/wp\/v2\/tags?post=4225"}],"curies":[{"name":"wp","href":"https:\/\/api.w.org\/{rel}","templated":true}]}}