{"id":4105,"date":"2015-11-09T07:06:08","date_gmt":"2015-11-09T12:06:08","guid":{"rendered":"http:\/\/www.radioactiva.com.pe\/blogs\/?p=4105"},"modified":"2015-11-09T07:06:08","modified_gmt":"2015-11-09T12:06:08","slug":"el-nino-obras-de-prevencion-en-rio-utcubamba-estan-avanzadas-en-un-60","status":"publish","type":"post","link":"https:\/\/www.radioactiva.com.pe\/blogs\/el-nino-obras-de-prevencion-en-rio-utcubamba-estan-avanzadas-en-un-60-noticia","title":{"rendered":"El Ni\u00f1o: obras de prevenci\u00f3n en r\u00edo Utcubamba est\u00e1n avanzadas en un 60 %"},"content":{"rendered":"<p>El <a href=\"http:\/\/rpp.pe\/peru\/lambayeque\/ollanta-y-ministro-de-agricultura-llegan-para-supervisar-obras-de-prevencion-noticia-910269\">ministro de Agricultura y Riego<\/a>, Juan Manuel Ben\u00edtez, inspeccion\u00f3 los trabajos de prevenci\u00f3n por \u00a0el <a href=\"http:\/\/rpp.pe\/lima\/actualidad\/mantienen-en-alerta-fenomeno-el-nino-en-costa-peruana-noticia-911409?ns_source=self&amp;ns_mchannel=seccion.actualidad&amp;ns_campaign=header.menu&amp;ns_linkname=1\">Fen\u00f3meno El Ni\u00f1o<\/a> en 13 puntos del r\u00edo Utcubamba, en la regi\u00f3n de Amazonas.<!--more--><\/p>\n<p><a href=\"https:\/\/www.radioactiva.com.pe\/blogs\/wp-content\/uploads\/2015\/11\/Ministro-de-agricultura.jpg\"><img loading=\"lazy\" decoding=\"async\" class=\"alignleft size-medium wp-image-4106\" src=\"https:\/\/www.radioactiva.com.pe\/blogs\/wp-content\/uploads\/2015\/11\/Ministro-de-agricultura-300x169.jpg\" alt=\"Ministro de agricultura\" width=\"300\" height=\"169\" \/><\/a><\/p>\n<p>Durante su recorrido, Ben\u00edtez indic\u00f3 que las obras de encauzamiento del r\u00edo y quebradas adyacentes est\u00e1n avanzadas en un 60%.<\/p>\n<p>Asimismo,\u00a0anunci\u00f3 que se destinar\u00e1n casi S\/. 200 millones adicionales provenientes de <a href=\"http:\/\/rpp.pe\/politica\/gobierno\/humala-hay-s-370-millones-para-prevencion-ante-el-nino-en-regiones-noticia-909787\">recursos del MINAGRI<\/a> y del Instituto Nacional de Defensa Civil (<a href=\"http:\/\/www.indeci.gob.pe\/\">Indeci<\/a>).<\/p>\n<p>El titular del Minagri reiter\u00f3 que dichas\u00a0<a href=\"http:\/\/rpp.pe\/lima\/desastres-naturales\/fenomeno-el-nino-damnificados-de-chosica-serian-reubicados-en-viviendas-noticia-909834\">obras de prevenci\u00f3n<\/a> deben culminar la quincena de diciembre y asegur\u00f3 que con estas acciones se pondr\u00e1 a buen recaudo el cultivo de los agricultores y las viviendas aleda\u00f1as.<\/p>\n<p>En las pr\u00f3ximas semanas se desembolsar\u00e1n los f<a href=\"http:\/\/rpp.pe\/peru\/piura\/piura-destinan-presupuesto-para-limpieza-de-drenes-en-tambogrande-noticia-909470\">ondos a los municipios para complementar las tareas de descolmataci\u00f3n <\/a>del cauce de r\u00edos, as\u00ed como labores de limpieza de drenes, diques y quebradas, entre otras medidas.<\/p>\n<p>Asimismo, Ben\u00edtez se reuni\u00f3 con el gobernador regional de Amazonas, Gilmer Horna, para comprobar la marcha de los trabajos de descolmataci\u00f3n del r\u00edo Utcubamba y otras labores dentro del paquete de 42 actividades.<\/p>\n<p>Finalmente\u00a0particip\u00f3 con los peque\u00f1os productores de caf\u00e9 de la inauguraci\u00f3n de la Cooperativa Agraria Cafetalera Bagua Grande, que recibi\u00f3 el apoyo del programa <a href=\"http:\/\/www.agroideas.gob.pe\/web\/\">Agroideas<\/a>\u00a0y hoy en d\u00eda los agricultores exportan su grano a los mercados de Estados Unidos, Holanda y Reino Unido.<\/p>\n<p>Fuente:RPP<\/p>\n","protected":false},"excerpt":{"rendered":"<p>El ministro de Agricultura y Riego, Juan Manuel Ben\u00edtez, inspeccion\u00f3 los trabajos de prevenci\u00f3n por \u00a0el Fen\u00f3meno El Ni\u00f1o en 13 puntos del r\u00edo Utcubamba, en la regi\u00f3n de Amazonas.<\/p>\n","protected":false},"author":3,"featured_media":4106,"comment_status":"open","ping_status":"open","sticky":false,"template":"","format":"standard","meta":{"footnotes":""},"categories":[29,5],"tags":[],"class_list":["post-4105","post","type-post","status-publish","format-standard","has-post-thumbnail","hentry","category-destacamos","category-ultimas-noticias"],"featured_image_urls":{"full":["https:\/\/www.radioactiva.com.pe\/blogs\/wp-content\/uploads\/2015\/11\/Ministro-de-agricultura.jpg",604,340,false],"thumbnail":["https:\/\/www.radioactiva.com.pe\/blogs\/wp-content\/uploads\/2015\/11\/Ministro-de-agricultura-150x150.jpg",150,150,true],"medium":["https:\/\/www.radioactiva.com.pe\/blogs\/wp-content\/uploads\/2015\/11\/Ministro-de-agricultura-300x169.jpg",300,169,true],"medium_large":["https:\/\/www.radioactiva.com.pe\/blogs\/wp-content\/uploads\/2015\/11\/Ministro-de-agricultura.jpg",604,340,false],"large":["https:\/\/www.radioactiva.com.pe\/blogs\/wp-content\/uploads\/2015\/11\/Ministro-de-agricultura.jpg",604,340,false],"wpsimplegallery_admin_thumb":["https:\/\/www.radioactiva.com.pe\/blogs\/wp-content\/uploads\/2015\/11\/Ministro-de-agricultura.jpg",109,61,false],"wpsimplegallery_thumb":["https:\/\/www.radioactiva.com.pe\/blogs\/wp-content\/uploads\/2015\/11\/Ministro-de-agricultura.jpg",100,56,false],"1536x1536":["https:\/\/www.radioactiva.com.pe\/blogs\/wp-content\/uploads\/2015\/11\/Ministro-de-agricultura.jpg",604,340,false],"2048x2048":["https:\/\/www.radioactiva.com.pe\/blogs\/wp-content\/uploads\/2015\/11\/Ministro-de-agricultura.jpg",604,340,false],"wp_review_large":["https:\/\/www.radioactiva.com.pe\/blogs\/wp-content\/uploads\/2015\/11\/Ministro-de-agricultura.jpg",320,180,false],"wp_review_small":["https:\/\/www.radioactiva.com.pe\/blogs\/wp-content\/uploads\/2015\/11\/Ministro-de-agricultura.jpg",65,37,false],"grandmagazine_blog_classic":["https:\/\/www.radioactiva.com.pe\/blogs\/wp-content\/uploads\/2015\/11\/Ministro-de-agricultura.jpg",604,340,false],"grandmagazine_blog":["https:\/\/www.radioactiva.com.pe\/blogs\/wp-content\/uploads\/2015\/11\/Ministro-de-agricultura.jpg",600,338,false],"woocommerce_thumbnail":["https:\/\/www.radioactiva.com.pe\/blogs\/wp-content\/uploads\/2015\/11\/Ministro-de-agricultura.jpg",300,169,false],"woocommerce_single":["https:\/\/www.radioactiva.com.pe\/blogs\/wp-content\/uploads\/2015\/11\/Ministro-de-agricultura.jpg",600,338,false],"woocommerce_gallery_thumbnail":["https:\/\/www.radioactiva.com.pe\/blogs\/wp-content\/uploads\/2015\/11\/Ministro-de-agricultura.jpg",100,56,false]},"author_info":{"display_name":"Radioactiva","author_link":"https:\/\/www.radioactiva.com.pe\/blogs\/author\/percytv"},"category_info":"<a href=\"https:\/\/www.radioactiva.com.pe\/blogs\/secciones\/destacamos\" rel=\"category tag\">Destacamos<\/a> <a href=\"https:\/\/www.radioactiva.com.pe\/blogs\/secciones\/ultimas-noticias\" rel=\"category tag\">Noticias<\/a>","tag_info":"Noticias","comment_count":0,"_links":{"self":[{"href":"https:\/\/www.radioactiva.com.pe\/blogs\/wp-json\/wp\/v2\/posts\/4105","targetHints":{"allow":["GET"]}}],"collection":[{"href":"https:\/\/www.radioactiva.com.pe\/blogs\/wp-json\/wp\/v2\/posts"}],"about":[{"href":"https:\/\/www.radioactiva.com.pe\/blogs\/wp-json\/wp\/v2\/types\/post"}],"author":[{"embeddable":true,"href":"https:\/\/www.radioactiva.com.pe\/blogs\/wp-json\/wp\/v2\/users\/3"}],"replies":[{"embeddable":true,"href":"https:\/\/www.radioactiva.com.pe\/blogs\/wp-json\/wp\/v2\/comments?post=4105"}],"version-history":[{"count":1,"href":"https:\/\/www.radioactiva.com.pe\/blogs\/wp-json\/wp\/v2\/posts\/4105\/revisions"}],"predecessor-version":[{"id":4107,"href":"https:\/\/www.radioactiva.com.pe\/blogs\/wp-json\/wp\/v2\/posts\/4105\/revisions\/4107"}],"wp:featuredmedia":[{"embeddable":true,"href":"https:\/\/www.radioactiva.com.pe\/blogs\/wp-json\/wp\/v2\/media\/4106"}],"wp:attachment":[{"href":"https:\/\/www.radioactiva.com.pe\/blogs\/wp-json\/wp\/v2\/media?parent=4105"}],"wp:term":[{"taxonomy":"category","embeddable":true,"href":"https:\/\/www.radioactiva.com.pe\/blogs\/wp-json\/wp\/v2\/categories?post=4105"},{"taxonomy":"post_tag","embeddable":true,"href":"https:\/\/www.radioactiva.com.pe\/blogs\/wp-json\/wp\/v2\/tags?post=4105"}],"curies":[{"name":"wp","href":"https:\/\/api.w.org\/{rel}","templated":true}]}}