{"id":4079,"date":"2015-09-07T06:29:21","date_gmt":"2015-09-07T11:29:21","guid":{"rendered":"http:\/\/www.radioactiva.com.pe\/blogs\/?p=4079"},"modified":"2015-09-07T06:29:21","modified_gmt":"2015-09-07T11:29:21","slug":"sesion-solemne-por-el-477-aniversario-de-la-fundacion-espanola-de-la-ciudad-de-chachapoyas","status":"publish","type":"post","link":"https:\/\/www.radioactiva.com.pe\/blogs\/sesion-solemne-por-el-477-aniversario-de-la-fundacion-espanola-de-la-ciudad-de-chachapoyas-noticia","title":{"rendered":"Sesi\u00f3n solemne por el 477\u00b0 aniversario de la fundaci\u00f3n espa\u00f1ola de la ciudad de Chachapoyas."},"content":{"rendered":"<p>En la v\u00edspera del aniversario de la fundaci\u00f3n espa\u00f1ola de la Fidel\u00edsima Ciudad de Chachapoyas, luego de participar en la misa de acci\u00f3n de gracias y\u00a0 Te Deum oficiado por Monse\u00f1or Emiliano Cisneros Mart\u00ednez en la Bas\u00edlica Catedral de Chachapoyas, a la que asistieron las principales autoridades,\u00a0 a diferencia de a\u00f1os anteriores se realiz\u00f3 a las siete de la noche en el horario de las misas diarias, con el fin de que participe la mayor\u00eda de la poblaci\u00f3n y como una muestra de integraci\u00f3n del pueblo con sus autoridades.<!--more--><\/p>\n<p><a href=\"https:\/\/www.radioactiva.com.pe\/blogs\/wp-content\/uploads\/2015\/09\/sesi\u00f3n-solemne-477.jpg\"><img loading=\"lazy\" decoding=\"async\" class=\"alignleft size-medium wp-image-4080\" src=\"https:\/\/www.radioactiva.com.pe\/blogs\/wp-content\/uploads\/2015\/09\/sesi\u00f3n-solemne-477-300x281.jpg\" alt=\"sesi\u00f3n solemne 477\" width=\"300\" height=\"281\" \/><\/a>Luego, las autoridades se trasladaron hasta el auditorio padre \u201cBlas Valera\u201d de la Municipalidad de Chachapoyas donde se dio inicio a la Sesi\u00f3n Solemne en homenaje al 477\u00b0 aniversario de Fundaci\u00f3n de la Fidel\u00edsima Ciudad de Chachapoyas, contando con la presencia del Se\u00f1or Gobernador Regional Gilmer Wilson Horna Corrales, el prefecto del distrito de Cheto Merli Santill\u00e1n Mor\u00ed, en representaci\u00f3n del prefecto de Amazonas, el alcalde provincial de Chachapoyas Di\u00f3genes Humberto Zavaleta Tenorio, la Doctora Nancy S\u00e1nchez Hidalgo Jueza Superior de la Sala Mixta de la Corte Superior de Justicia de Amazonas, el Doctor Oswaldo Bautista Carranza Presidente de la Junta de Fiscales Superiores del Distrito Judicial de\u00a0 Amazonas, el Mayor PNP Jorge Portocarrero Lucana\u00a0 Jefe de la Divisi\u00f3n de Apoyo a la Justicia, en representaci\u00f3n del Jefe de la Regi\u00f3n Policial Amazonas, el Monse\u00f1or Emiliano Cisneros Mart\u00ednez Obispo de la Di\u00f3cesis de Chachapoyas, miembros del consejo de regidores, consejeros regionales y poblaci\u00f3n en general, el alcalde de Chachapoyas declar\u00f3 aperturada la Sesi\u00f3n solemne, dando la bienvenida a los asistentes con el toque de campanilla.<\/p>\n<p>Acto seguido se dio lectura a las emotivas mociones de saludo remitidas por los principales Jefes de Sectores P\u00fablicos, luego el Regidor Rafael Silva Vargas, dio lectura al Acta de Fundaci\u00f3n de la Ciudad San Juan de la Frontera de los Chachapoyas, el momento central, estuvo marcado por el discurso de orden pronunciado por el Alcalde de Chachapoyas Di\u00f3genes Zavaleta Tenorio, que empez\u00f3 sus palabras, resaltando el valor de la Sociedad Chachapoyana, como \u201cuna organizaci\u00f3n social \u00fanica y diferente que ha tenido un rol preponderante en diferentes proceso de construcci\u00f3n de la historia de nuestro Pa\u00eds\u201d.<\/p>\n<p>En otro momento, el alcalde evoc\u00f3, la valent\u00eda de los Chachapoyas que resistieron por siglos cualquier intento de dominaci\u00f3n, en el proceso de expansi\u00f3n espa\u00f1ola la Ciudad de Chachapoyas fue fundada el 05 de setiembre de 1538 en el lugar denominado la Jalca, nueves d\u00edas despu\u00e9s la ciudad fue trasladada\u00a0 al pueblo de Levanto, tal como consta en el acta del 15 de setiembre\u00a0 del mismo a\u00f1o, posteriormente, la ciudad fue trasladada a otro lugar de mejor ubicaci\u00f3n, siendo este el lugar que actualmente ocupa.<\/p>\n<p>Finalmente, con mucha seguridad Di\u00f3genes Zavaleta, manifest\u00f3 estamos desarrollando un gobierno con profundo sentido social, mirando a la poblaci\u00f3n m\u00e1s vulnerable como son los ni\u00f1os y nuestros ancianitos, para quienes hemos impulsado importantes proyectos, trabajamos para el desarrollo econ\u00f3mico de ciudad y con orgullo hemos llevado el nombre de Chachapoyas a la exposici\u00f3n del Valle del Alto Utcubamba 500 a\u00f1os de ocupaci\u00f3n, que se desarrolla en la ciudad de Lima, fue enf\u00e1tico al se\u00f1alar, \u201cEn estos nueve primeros meses, hemos realizado gestiones ante los diferentes ministerios en la ciudad de Lima, lo que nos ha permitido traer para nuestra Provincia, m\u00e1s de 80 millones de soles en proyectos de inversi\u00f3n social, orientados a seguir brindando mejores condicione de Vida a la poblaci\u00f3n.<\/p>\n<p>Culminada la Sesi\u00f3n Solmene se procedi\u00f3 a la develaci\u00f3n del Cuadro del artista pl\u00e1stico Guillermo Berghussen Saavedra, que tiene como t\u00edtulo \u201cMatiaza Rimachi y la Batalla de Higos Urco\u201d, luego del agradecimiento del autor, el brindis de honor estuvo a cargo del ex Alcalde de Chachapoyas Dr. Oscar Enrique Torres Quiroz.<\/p>\n","protected":false},"excerpt":{"rendered":"<p>En la v\u00edspera del aniversario de la fundaci\u00f3n espa\u00f1ola de la Fidel\u00edsima Ciudad de Chachapoyas, luego de participar en la misa de acci\u00f3n de gracias y\u00a0 Te Deum oficiado por Monse\u00f1or Emiliano Cisneros Mart\u00ednez en la Bas\u00edlica Catedral de Chachapoyas, [&hellip;]<\/p>\n","protected":false},"author":3,"featured_media":4081,"comment_status":"open","ping_status":"open","sticky":false,"template":"","format":"standard","meta":{"footnotes":""},"categories":[29,5],"tags":[],"class_list":["post-4079","post","type-post","status-publish","format-standard","has-post-thumbnail","hentry","category-destacamos","category-ultimas-noticias"],"featured_image_urls":{"full":["https:\/\/www.radioactiva.com.pe\/blogs\/wp-content\/uploads\/2015\/09\/sesi\u00f3n-solemne.jpg",950,674,false],"thumbnail":["https:\/\/www.radioactiva.com.pe\/blogs\/wp-content\/uploads\/2015\/09\/sesi\u00f3n-solemne-150x150.jpg",150,150,true],"medium":["https:\/\/www.radioactiva.com.pe\/blogs\/wp-content\/uploads\/2015\/09\/sesi\u00f3n-solemne-300x213.jpg",300,213,true],"medium_large":["https:\/\/www.radioactiva.com.pe\/blogs\/wp-content\/uploads\/2015\/09\/sesi\u00f3n-solemne-768x545.jpg",768,545,true],"large":["https:\/\/www.radioactiva.com.pe\/blogs\/wp-content\/uploads\/2015\/09\/sesi\u00f3n-solemne.jpg",950,674,false],"wpsimplegallery_admin_thumb":["https:\/\/www.radioactiva.com.pe\/blogs\/wp-content\/uploads\/2015\/09\/sesi\u00f3n-solemne.jpg",109,77,false],"wpsimplegallery_thumb":["https:\/\/www.radioactiva.com.pe\/blogs\/wp-content\/uploads\/2015\/09\/sesi\u00f3n-solemne.jpg",100,71,false],"1536x1536":["https:\/\/www.radioactiva.com.pe\/blogs\/wp-content\/uploads\/2015\/09\/sesi\u00f3n-solemne.jpg",950,674,false],"2048x2048":["https:\/\/www.radioactiva.com.pe\/blogs\/wp-content\/uploads\/2015\/09\/sesi\u00f3n-solemne.jpg",950,674,false],"wp_review_large":["https:\/\/www.radioactiva.com.pe\/blogs\/wp-content\/uploads\/2015\/09\/sesi\u00f3n-solemne.jpg",282,200,false],"wp_review_small":["https:\/\/www.radioactiva.com.pe\/blogs\/wp-content\/uploads\/2015\/09\/sesi\u00f3n-solemne.jpg",65,46,false],"grandmagazine_blog_classic":["https:\/\/www.radioactiva.com.pe\/blogs\/wp-content\/uploads\/2015\/09\/sesi\u00f3n-solemne.jpg",950,674,false],"grandmagazine_blog":["https:\/\/www.radioactiva.com.pe\/blogs\/wp-content\/uploads\/2015\/09\/sesi\u00f3n-solemne.jpg",600,426,false],"woocommerce_thumbnail":["https:\/\/www.radioactiva.com.pe\/blogs\/wp-content\/uploads\/2015\/09\/sesi\u00f3n-solemne.jpg",300,213,false],"woocommerce_single":["https:\/\/www.radioactiva.com.pe\/blogs\/wp-content\/uploads\/2015\/09\/sesi\u00f3n-solemne.jpg",600,426,false],"woocommerce_gallery_thumbnail":["https:\/\/www.radioactiva.com.pe\/blogs\/wp-content\/uploads\/2015\/09\/sesi\u00f3n-solemne.jpg",100,71,false]},"author_info":{"display_name":"Radioactiva","author_link":"https:\/\/www.radioactiva.com.pe\/blogs\/author\/percytv"},"category_info":"<a href=\"https:\/\/www.radioactiva.com.pe\/blogs\/secciones\/destacamos\" rel=\"category tag\">Destacamos<\/a> <a href=\"https:\/\/www.radioactiva.com.pe\/blogs\/secciones\/ultimas-noticias\" rel=\"category tag\">Noticias<\/a>","tag_info":"Noticias","comment_count":0,"_links":{"self":[{"href":"https:\/\/www.radioactiva.com.pe\/blogs\/wp-json\/wp\/v2\/posts\/4079","targetHints":{"allow":["GET"]}}],"collection":[{"href":"https:\/\/www.radioactiva.com.pe\/blogs\/wp-json\/wp\/v2\/posts"}],"about":[{"href":"https:\/\/www.radioactiva.com.pe\/blogs\/wp-json\/wp\/v2\/types\/post"}],"author":[{"embeddable":true,"href":"https:\/\/www.radioactiva.com.pe\/blogs\/wp-json\/wp\/v2\/users\/3"}],"replies":[{"embeddable":true,"href":"https:\/\/www.radioactiva.com.pe\/blogs\/wp-json\/wp\/v2\/comments?post=4079"}],"version-history":[{"count":1,"href":"https:\/\/www.radioactiva.com.pe\/blogs\/wp-json\/wp\/v2\/posts\/4079\/revisions"}],"predecessor-version":[{"id":4082,"href":"https:\/\/www.radioactiva.com.pe\/blogs\/wp-json\/wp\/v2\/posts\/4079\/revisions\/4082"}],"wp:featuredmedia":[{"embeddable":true,"href":"https:\/\/www.radioactiva.com.pe\/blogs\/wp-json\/wp\/v2\/media\/4081"}],"wp:attachment":[{"href":"https:\/\/www.radioactiva.com.pe\/blogs\/wp-json\/wp\/v2\/media?parent=4079"}],"wp:term":[{"taxonomy":"category","embeddable":true,"href":"https:\/\/www.radioactiva.com.pe\/blogs\/wp-json\/wp\/v2\/categories?post=4079"},{"taxonomy":"post_tag","embeddable":true,"href":"https:\/\/www.radioactiva.com.pe\/blogs\/wp-json\/wp\/v2\/tags?post=4079"}],"curies":[{"name":"wp","href":"https:\/\/api.w.org\/{rel}","templated":true}]}}