{"id":4061,"date":"2015-08-31T07:31:03","date_gmt":"2015-08-31T12:31:03","guid":{"rendered":"http:\/\/www.radioactiva.com.pe\/blogs\/?p=4061"},"modified":"2015-08-31T07:31:03","modified_gmt":"2015-08-31T12:31:03","slug":"se-inicio-la-semana-de-la-identidad-chachapoyana","status":"publish","type":"post","link":"https:\/\/www.radioactiva.com.pe\/blogs\/se-inicio-la-semana-de-la-identidad-chachapoyana-noticia","title":{"rendered":"Se inici\u00f3 la Semana de la Identidad Chachapoyana"},"content":{"rendered":"<p>En el marco de las celebraciones por el 477 aniversario de fundaci\u00f3n espa\u00f1ola de la ciudad de Chachapoyas, se inici\u00f3 la s\u00e9ptima edici\u00f3n de la semana de la Identidad \u00a0Chachapoyana, considerada del 19 de agosto al 06 de setiembre del 2015.<!--more--><a href=\"https:\/\/www.radioactiva.com.pe\/blogs\/wp-content\/uploads\/2015\/08\/Semana-de-la-Identidad.jpg\"><img loading=\"lazy\" decoding=\"async\" class=\"alignleft size-medium wp-image-4062\" src=\"https:\/\/www.radioactiva.com.pe\/blogs\/wp-content\/uploads\/2015\/08\/Semana-de-la-Identidad-300x228.jpg\" alt=\"Semana de la Identidad\" width=\"300\" height=\"228\" \/><\/a><\/p>\n<p>El pasado s\u00e1bado 29 de agosto se apertur\u00f3 la semana de la identidad, con la realizaci\u00f3n del \u201cMatrimonio Masivo Comunitario\u201d promovido por la municipalidad provincial de Chachapoyas, evento que se desarroll\u00f3 a las seis de la tarde en el Patio de Honor del Palacio Municipal.<\/p>\n<p>En el transcurso de esta semana se tiene previsto la realizaci\u00f3n de diferentes actividades c\u00edvicas, culturales, art\u00edsticas, sociales, entre otras. <strong>A continuaci\u00f3n el programa general de la Semana de la Identidad Chachapoyana:<\/strong><\/p>\n<table width=\"642\">\n<tbody>\n<tr>\n<td width=\"32\"><strong>N\u00b0<\/strong><\/td>\n<td width=\"100\"><strong>FECHA<\/strong><\/td>\n<td width=\"510\"><strong>ACTIVIDAD<\/strong><\/td>\n<\/tr>\n<tr>\n<td width=\"32\">01<\/td>\n<td width=\"100\">S\u00c1BADO 29 DE AGOSTO<\/td>\n<td width=\"510\"><strong>MATRIMONIO CIVIL COMUNITARIO<\/strong><\/p>\n<p>Lugar: Patio de Honor del Palacio Municipal.<\/p>\n<p>Hora: 6:00pm<\/p>\n<p>Ser\u00e1 Transmitido en vivo por Tele Amazonas Canal 11 y Canal 07<\/td>\n<\/tr>\n<tr>\n<td width=\"32\">02<\/td>\n<td rowspan=\"5\" width=\"100\">MARTES 01 DE SEPTIEMBRE<\/td>\n<td width=\"510\"><strong>PASACALLE DE LA IDENTIDAD CHACHAPOYANA<\/strong><\/p>\n<p>Participan: Instituciones Educativas de la ciudad.<\/p>\n<p>Recorrido: Plazuela de la Independencia \u2013 Plaza Mayor.<\/p>\n<p>Hora: 9:00am.<\/td>\n<\/tr>\n<tr>\n<td width=\"32\">03<\/td>\n<td width=\"510\"><strong>INAUGURACI\u00d3N DE LA SEMANA IDENTIDAD CHACHAPOYANA<\/strong><\/p>\n<p>Lugar: Patio de Honor del Palacio Municipal.<\/p>\n<p>Hora: 10:00am.<\/td>\n<\/tr>\n<tr>\n<td width=\"32\">04<\/td>\n<td width=\"510\"><strong>INAUGURACI\u00d3N DEL FESTIVAL DEL PAN CHACHAPOYANO Y LA FERIA AGROINDUSTRIAL<\/strong><\/p>\n<p>Lugar: Patio de Honor del Palacio Municipal.<\/p>\n<p>Hora: 11:00am.<\/td>\n<\/tr>\n<tr>\n<td width=\"32\">05<\/td>\n<td width=\"510\"><strong>DESFILE DE TRAJES T\u00cdPICOS<\/strong><\/p>\n<p>Lugar: Patio de Honor del Palacio Municipal.<\/p>\n<p>Hora: 11:30am.<\/td>\n<\/tr>\n<tr>\n<td width=\"32\">06<\/td>\n<td width=\"510\"><strong>INAUGURACI\u00d3N DE EXPOSICI\u00d3N DE PINTURA DE LUIS HERRERA CASTRO<\/strong><\/p>\n<p>Lugar: Hall del segundo piso del Palacio Municipal.<\/p>\n<p>Hora: 8:00pm.<\/td>\n<\/tr>\n<tr>\n<td width=\"32\">07<\/td>\n<td rowspan=\"2\" width=\"100\">MI\u00c9RCOLES 02 DE SEPTIEMBRE<\/td>\n<td width=\"510\"><strong>INAUGURACI\u00d3N DE LA VII ECOFERIA MUNICIPAL<\/strong><\/p>\n<p>Lugar: Patio de Honor del Palacio Municipal.<\/p>\n<p>Hora: 9:00am.<\/td>\n<\/tr>\n<tr>\n<td width=\"32\">08<\/td>\n<td width=\"510\"><strong>PRESENTACI\u00d3N DEL LIBRO \u201cCONOZCO Y CUIDO MIS PALMERAS EN OCOL\u201d<\/strong><\/p>\n<p>Autor: Carlos Mart\u00edn Vega Oca\u00f1a.<\/p>\n<p>Hora: 8:00pm.<\/p>\n<p>Lugar: Auditorio Municipal \u201cPadre Blas Valera\u201d.<\/td>\n<\/tr>\n<tr>\n<td width=\"32\">09<\/td>\n<td rowspan=\"3\" width=\"100\">JUEVES 03 DE SEPTIEMBRE<\/td>\n<td width=\"510\"><strong>CONCURSO INTERINSTITUCIONAL DE PERI\u00d3DICOS MURALES \u201cBANDITO TE ENSE\u00d1A\u201d<\/strong><\/p>\n<p>Sorteo de premio a contribuyentes de las U.P. Pedro Castro Alva<\/p>\n<p>Lugar: Patio de Honor del Palacio Municipal.<\/p>\n<p>Hora: 10:00am.<\/td>\n<\/tr>\n<tr>\n<td width=\"32\"><\/td>\n<td width=\"510\"><strong>VISITA A LA MUNICIPALIDAD POR LA SEMANA DE LA IDENTIDAD CHACHAPOYANA<\/strong><\/p>\n<p>Participan: Alumnas de 1er. Grado Nivel Primario de la I.E. \u201cVirgen Asunta\u201d<\/p>\n<p>Lugar: Auditorio Municipal \u201cPadre Blas Valera\u201d.<\/p>\n<p>Hora: 2:00pm.<\/td>\n<\/tr>\n<tr>\n<td width=\"32\">10<\/td>\n<td width=\"510\"><strong>PANEL FORUM Y EXPOSICI\u00d3N FOTOGR\u00c1FICA: CHACHAPOYAS: Centro Hist\u00f3rico y Zona Monumental al 2021.<\/strong><\/p>\n<p>Organiza: Municipalidad Provincial de Chachapoyas y Fundaci\u00f3n Eco Verde<\/p>\n<p>Lugar: Auditorio Municipal\u00a0\u00a0\u00a0\u00a0\u00a0\u00a0\u00a0 \u201cPadre Blas Valera\u201d.<\/p>\n<p>Hora: 8:00pm.<\/td>\n<\/tr>\n<tr>\n<td width=\"32\">11<\/td>\n<td rowspan=\"5\" width=\"100\">VIERNES 04 DE SEPTIEMBRE<\/td>\n<td width=\"510\"><strong>MUESTRA FOTOGR\u00c1FICA \u201cVIDAS\u201d<\/strong><\/p>\n<p>Organiza: Pensi\u00f3n 65<\/p>\n<p>Lugar: Plazuela de la Independencia.<\/p>\n<p>Hora: 9:00am<\/td>\n<\/tr>\n<tr>\n<td width=\"32\">12<\/td>\n<td width=\"510\"><strong>III CONCURSO DE DECLAMACI\u00d3N \u201cEN CHACHAPOYAS ME INSPIRO\u201d<\/strong><\/p>\n<p>Lugar: Auditorio Municipal\u00a0\u00a0\u00a0\u00a0\u00a0\u00a0\u00a0 \u201cPadre Blas Valera\u201d.<\/p>\n<p>Hora: 10:00am.<\/td>\n<\/tr>\n<tr>\n<td width=\"32\">13<\/td>\n<td width=\"510\"><strong>MISA SOLEMNE Y TE DEUM<\/strong><\/p>\n<p>Lugar: Catedral \u201cSan Juan Bautista de Chachapoyas\u201d.<\/p>\n<p>Hora: 7:00pm.<\/td>\n<\/tr>\n<tr>\n<td width=\"32\">14<\/td>\n<td width=\"510\"><strong>SESI\u00d3N SOLEMNE<\/strong><\/p>\n<p>Lugar: Auditorio Municipal \u201cPadre Blas Valera\u201d.<\/p>\n<p>Hora: 8:00pm.<\/td>\n<\/tr>\n<tr>\n<td width=\"32\">15<\/td>\n<td width=\"510\"><strong>SERENATA A LA CIUDAD DE CHACHAPOYAS<\/strong><\/p>\n<p>Lugar: Plaza Mayor de Chachapoyas.<\/p>\n<p>Hora: 9:00pm.<\/td>\n<\/tr>\n<tr>\n<td width=\"32\">16<\/td>\n<td width=\"100\">S\u00c1BADO 05 DE SEPTIEMBRE<\/td>\n<td width=\"510\"><strong>CEREMONIA C\u00cdVICO \u2013 PATRI\u00d3TICA<\/strong><\/p>\n<p>Lugar: Plaza Mayor de Chachapoyas.<\/p>\n<p>Hora: 9:00am.<\/p>\n<p><strong>\u00a0<\/strong><\/td>\n<\/tr>\n<tr>\n<td width=\"32\">17<\/td>\n<td width=\"100\">DOMINGO 06 DE SEPTIEMBRE<\/td>\n<td width=\"510\"><strong>CHACHAPOYAS EN FAMILIA<\/strong><\/p>\n<p>Lugar: Plaza Mayor de Chachapoyas.<\/p>\n<p>Hora: 11:00am.<\/p>\n<p>&nbsp;<\/td>\n<\/tr>\n<\/tbody>\n<\/table>\n<p><strong><u>\u00a0<\/u><\/strong><\/p>\n<p><strong>\u00a0<\/strong><\/p>\n","protected":false},"excerpt":{"rendered":"<p>En el marco de las celebraciones por el 477 aniversario de fundaci\u00f3n espa\u00f1ola de la ciudad de Chachapoyas, se inici\u00f3 la s\u00e9ptima edici\u00f3n de la semana de la Identidad \u00a0Chachapoyana, considerada del 19 de agosto al 06 de setiembre del [&hellip;]<\/p>\n","protected":false},"author":3,"featured_media":4062,"comment_status":"open","ping_status":"open","sticky":false,"template":"","format":"standard","meta":{"footnotes":""},"categories":[29,5],"tags":[],"class_list":["post-4061","post","type-post","status-publish","format-standard","has-post-thumbnail","hentry","category-destacamos","category-ultimas-noticias"],"featured_image_urls":{"full":["https:\/\/www.radioactiva.com.pe\/blogs\/wp-content\/uploads\/2015\/08\/Semana-de-la-Identidad.jpg",950,721,false],"thumbnail":["https:\/\/www.radioactiva.com.pe\/blogs\/wp-content\/uploads\/2015\/08\/Semana-de-la-Identidad-150x150.jpg",150,150,true],"medium":["https:\/\/www.radioactiva.com.pe\/blogs\/wp-content\/uploads\/2015\/08\/Semana-de-la-Identidad-300x228.jpg",300,228,true],"medium_large":["https:\/\/www.radioactiva.com.pe\/blogs\/wp-content\/uploads\/2015\/08\/Semana-de-la-Identidad-768x583.jpg",768,583,true],"large":["https:\/\/www.radioactiva.com.pe\/blogs\/wp-content\/uploads\/2015\/08\/Semana-de-la-Identidad.jpg",950,721,false],"wpsimplegallery_admin_thumb":["https:\/\/www.radioactiva.com.pe\/blogs\/wp-content\/uploads\/2015\/08\/Semana-de-la-Identidad.jpg",109,83,false],"wpsimplegallery_thumb":["https:\/\/www.radioactiva.com.pe\/blogs\/wp-content\/uploads\/2015\/08\/Semana-de-la-Identidad.jpg",100,76,false],"1536x1536":["https:\/\/www.radioactiva.com.pe\/blogs\/wp-content\/uploads\/2015\/08\/Semana-de-la-Identidad.jpg",950,721,false],"2048x2048":["https:\/\/www.radioactiva.com.pe\/blogs\/wp-content\/uploads\/2015\/08\/Semana-de-la-Identidad.jpg",950,721,false],"wp_review_large":["https:\/\/www.radioactiva.com.pe\/blogs\/wp-content\/uploads\/2015\/08\/Semana-de-la-Identidad.jpg",264,200,false],"wp_review_small":["https:\/\/www.radioactiva.com.pe\/blogs\/wp-content\/uploads\/2015\/08\/Semana-de-la-Identidad.jpg",65,49,false],"grandmagazine_blog_classic":["https:\/\/www.radioactiva.com.pe\/blogs\/wp-content\/uploads\/2015\/08\/Semana-de-la-Identidad.jpg",950,721,false],"grandmagazine_blog":["https:\/\/www.radioactiva.com.pe\/blogs\/wp-content\/uploads\/2015\/08\/Semana-de-la-Identidad.jpg",598,454,false],"woocommerce_thumbnail":["https:\/\/www.radioactiva.com.pe\/blogs\/wp-content\/uploads\/2015\/08\/Semana-de-la-Identidad.jpg",300,228,false],"woocommerce_single":["https:\/\/www.radioactiva.com.pe\/blogs\/wp-content\/uploads\/2015\/08\/Semana-de-la-Identidad.jpg",600,455,false],"woocommerce_gallery_thumbnail":["https:\/\/www.radioactiva.com.pe\/blogs\/wp-content\/uploads\/2015\/08\/Semana-de-la-Identidad.jpg",100,76,false]},"author_info":{"display_name":"Radioactiva","author_link":"https:\/\/www.radioactiva.com.pe\/blogs\/author\/percytv"},"category_info":"<a href=\"https:\/\/www.radioactiva.com.pe\/blogs\/secciones\/destacamos\" rel=\"category tag\">Destacamos<\/a> <a href=\"https:\/\/www.radioactiva.com.pe\/blogs\/secciones\/ultimas-noticias\" rel=\"category tag\">Noticias<\/a>","tag_info":"Noticias","comment_count":0,"_links":{"self":[{"href":"https:\/\/www.radioactiva.com.pe\/blogs\/wp-json\/wp\/v2\/posts\/4061","targetHints":{"allow":["GET"]}}],"collection":[{"href":"https:\/\/www.radioactiva.com.pe\/blogs\/wp-json\/wp\/v2\/posts"}],"about":[{"href":"https:\/\/www.radioactiva.com.pe\/blogs\/wp-json\/wp\/v2\/types\/post"}],"author":[{"embeddable":true,"href":"https:\/\/www.radioactiva.com.pe\/blogs\/wp-json\/wp\/v2\/users\/3"}],"replies":[{"embeddable":true,"href":"https:\/\/www.radioactiva.com.pe\/blogs\/wp-json\/wp\/v2\/comments?post=4061"}],"version-history":[{"count":1,"href":"https:\/\/www.radioactiva.com.pe\/blogs\/wp-json\/wp\/v2\/posts\/4061\/revisions"}],"predecessor-version":[{"id":4063,"href":"https:\/\/www.radioactiva.com.pe\/blogs\/wp-json\/wp\/v2\/posts\/4061\/revisions\/4063"}],"wp:featuredmedia":[{"embeddable":true,"href":"https:\/\/www.radioactiva.com.pe\/blogs\/wp-json\/wp\/v2\/media\/4062"}],"wp:attachment":[{"href":"https:\/\/www.radioactiva.com.pe\/blogs\/wp-json\/wp\/v2\/media?parent=4061"}],"wp:term":[{"taxonomy":"category","embeddable":true,"href":"https:\/\/www.radioactiva.com.pe\/blogs\/wp-json\/wp\/v2\/categories?post=4061"},{"taxonomy":"post_tag","embeddable":true,"href":"https:\/\/www.radioactiva.com.pe\/blogs\/wp-json\/wp\/v2\/tags?post=4061"}],"curies":[{"name":"wp","href":"https:\/\/api.w.org\/{rel}","templated":true}]}}