{"id":4059,"date":"2015-08-28T07:40:43","date_gmt":"2015-08-28T12:40:43","guid":{"rendered":"http:\/\/www.radioactiva.com.pe\/blogs\/?p=4059"},"modified":"2018-04-29T19:11:53","modified_gmt":"2018-04-30T00:11:53","slug":"designan-a-nuevo-jefe-policial-de-la-region-amazonas","status":"publish","type":"post","link":"https:\/\/www.radioactiva.com.pe\/blogs\/designan-a-nuevo-jefe-policial-de-la-region-amazonas-noticia","title":{"rendered":"Designan a nuevo Jefe Policial de la regi\u00f3n Amazonas."},"content":{"rendered":"<p><span style=\"color: #000000; font-family: Calibri;\"><a href=\"https:\/\/www.radioactiva.com.pe\/blogs\/wp-content\/uploads\/2015\/08\/coronel-calderon.jpg\"><img loading=\"lazy\" decoding=\"async\" class=\"alignleft size-medium wp-image-4065\" src=\"https:\/\/www.radioactiva.com.pe\/blogs\/wp-content\/uploads\/2015\/08\/coronel-calderon-300x238.jpg\" alt=\"coronel-calderon\" width=\"300\" height=\"238\" \/><\/a>Esta semana se inform\u00f3 el relevo en la jefatura regional de la Polic\u00eda Nacional del Per\u00fa en Amazonas, nuevamente estar\u00e1 al frente de la unidad territorial de Amazonas el Coronel PNP Jos\u00e9 Luis Calder\u00f3n Espinoza, quien reemplaza en el cargo al General PNP Juan Antonio G\u00e1lvez Escalante.<\/span><\/p>\n<p><span style=\"color: #000000; font-family: Calibri;\">El Coronel PNP Calder\u00f3n Espinoza, se\u00f1al\u00f3 a Radioactiva que este cambio obedece a la disposici\u00f3n de los altos mandos de la Polic\u00eda Nacional del Per\u00fa, se\u00f1alando que es un honor retornar a la jefatura de la DIRPOL-Amazonas, en la que labor\u00f3 durante el a\u00f1o 2014.<\/span><\/p>\n<p><span style=\"color: #000000; font-family: Calibri;\">El jefe regional de la Polic\u00eda Nacional reafirm\u00f3 su compromiso en trabajar articuladamente con instituciones, organizaciones y con la poblaci\u00f3n en su conjunto, para luchar frontalmente contra la delincuencia y la inseguridad; \u201cSi bien es cierto se requiere de m\u00e1s efectivos policiales sin embargo lo que se trata es de hacer un trabajo de calidad con acciones concretas que garanticen la seguridad de la ciudadan\u00eda\u201d, afirm\u00f3.<\/span><\/p>\n<p>&nbsp;<\/p>\n","protected":false},"excerpt":{"rendered":"<p>Esta semana se inform\u00f3 el relevo en la jefatura regional de la Polic\u00eda Nacional del Per\u00fa en Amazonas, nuevamente estar\u00e1 al frente de la unidad territorial de Amazonas el Coronel PNP Jos\u00e9 Luis Calder\u00f3n Espinoza, quien reemplaza en el cargo [&hellip;]<\/p>\n","protected":false},"author":3,"featured_media":4065,"comment_status":"open","ping_status":"open","sticky":false,"template":"","format":"standard","meta":{"footnotes":""},"categories":[29,5],"tags":[],"class_list":["post-4059","post","type-post","status-publish","format-standard","has-post-thumbnail","hentry","category-destacamos","category-ultimas-noticias"],"featured_image_urls":{"full":["https:\/\/www.radioactiva.com.pe\/blogs\/wp-content\/uploads\/2015\/08\/coronel-calderon.jpg",1024,813,false],"thumbnail":["https:\/\/www.radioactiva.com.pe\/blogs\/wp-content\/uploads\/2015\/08\/coronel-calderon-150x150.jpg",150,150,true],"medium":["https:\/\/www.radioactiva.com.pe\/blogs\/wp-content\/uploads\/2015\/08\/coronel-calderon-300x238.jpg",300,238,true],"medium_large":["https:\/\/www.radioactiva.com.pe\/blogs\/wp-content\/uploads\/2015\/08\/coronel-calderon-768x610.jpg",768,610,true],"large":["https:\/\/www.radioactiva.com.pe\/blogs\/wp-content\/uploads\/2015\/08\/coronel-calderon-1024x813.jpg",1024,813,true],"wpsimplegallery_admin_thumb":["https:\/\/www.radioactiva.com.pe\/blogs\/wp-content\/uploads\/2015\/08\/coronel-calderon.jpg",109,87,false],"wpsimplegallery_thumb":["https:\/\/www.radioactiva.com.pe\/blogs\/wp-content\/uploads\/2015\/08\/coronel-calderon.jpg",100,79,false],"1536x1536":["https:\/\/www.radioactiva.com.pe\/blogs\/wp-content\/uploads\/2015\/08\/coronel-calderon.jpg",1024,813,false],"2048x2048":["https:\/\/www.radioactiva.com.pe\/blogs\/wp-content\/uploads\/2015\/08\/coronel-calderon.jpg",1024,813,false],"wp_review_large":["https:\/\/www.radioactiva.com.pe\/blogs\/wp-content\/uploads\/2015\/08\/coronel-calderon.jpg",252,200,false],"wp_review_small":["https:\/\/www.radioactiva.com.pe\/blogs\/wp-content\/uploads\/2015\/08\/coronel-calderon.jpg",65,52,false],"grandmagazine_blog_classic":["https:\/\/www.radioactiva.com.pe\/blogs\/wp-content\/uploads\/2015\/08\/coronel-calderon.jpg",975,774,false],"grandmagazine_blog":["https:\/\/www.radioactiva.com.pe\/blogs\/wp-content\/uploads\/2015\/08\/coronel-calderon.jpg",572,454,false],"woocommerce_thumbnail":["https:\/\/www.radioactiva.com.pe\/blogs\/wp-content\/uploads\/2015\/08\/coronel-calderon.jpg",300,238,false],"woocommerce_single":["https:\/\/www.radioactiva.com.pe\/blogs\/wp-content\/uploads\/2015\/08\/coronel-calderon.jpg",600,476,false],"woocommerce_gallery_thumbnail":["https:\/\/www.radioactiva.com.pe\/blogs\/wp-content\/uploads\/2015\/08\/coronel-calderon.jpg",100,79,false]},"author_info":{"display_name":"Radioactiva","author_link":"https:\/\/www.radioactiva.com.pe\/blogs\/author\/percytv"},"category_info":"<a href=\"https:\/\/www.radioactiva.com.pe\/blogs\/secciones\/destacamos\" rel=\"category tag\">Destacamos<\/a> <a href=\"https:\/\/www.radioactiva.com.pe\/blogs\/secciones\/ultimas-noticias\" rel=\"category tag\">Noticias<\/a>","tag_info":"Noticias","comment_count":0,"_links":{"self":[{"href":"https:\/\/www.radioactiva.com.pe\/blogs\/wp-json\/wp\/v2\/posts\/4059","targetHints":{"allow":["GET"]}}],"collection":[{"href":"https:\/\/www.radioactiva.com.pe\/blogs\/wp-json\/wp\/v2\/posts"}],"about":[{"href":"https:\/\/www.radioactiva.com.pe\/blogs\/wp-json\/wp\/v2\/types\/post"}],"author":[{"embeddable":true,"href":"https:\/\/www.radioactiva.com.pe\/blogs\/wp-json\/wp\/v2\/users\/3"}],"replies":[{"embeddable":true,"href":"https:\/\/www.radioactiva.com.pe\/blogs\/wp-json\/wp\/v2\/comments?post=4059"}],"version-history":[{"count":2,"href":"https:\/\/www.radioactiva.com.pe\/blogs\/wp-json\/wp\/v2\/posts\/4059\/revisions"}],"predecessor-version":[{"id":4066,"href":"https:\/\/www.radioactiva.com.pe\/blogs\/wp-json\/wp\/v2\/posts\/4059\/revisions\/4066"}],"wp:featuredmedia":[{"embeddable":true,"href":"https:\/\/www.radioactiva.com.pe\/blogs\/wp-json\/wp\/v2\/media\/4065"}],"wp:attachment":[{"href":"https:\/\/www.radioactiva.com.pe\/blogs\/wp-json\/wp\/v2\/media?parent=4059"}],"wp:term":[{"taxonomy":"category","embeddable":true,"href":"https:\/\/www.radioactiva.com.pe\/blogs\/wp-json\/wp\/v2\/categories?post=4059"},{"taxonomy":"post_tag","embeddable":true,"href":"https:\/\/www.radioactiva.com.pe\/blogs\/wp-json\/wp\/v2\/tags?post=4059"}],"curies":[{"name":"wp","href":"https:\/\/api.w.org\/{rel}","templated":true}]}}