{"id":4036,"date":"2015-08-18T06:49:00","date_gmt":"2015-08-18T11:49:00","guid":{"rendered":"http:\/\/www.radioactiva.com.pe\/blogs\/?p=4036"},"modified":"2015-08-18T06:49:00","modified_gmt":"2015-08-18T11:49:00","slug":"en-lima-exhibicion-itinerante-valle-alto-utcubamba-kuelap-y-1500-anos-de-ocupacion-chachapoya","status":"publish","type":"post","link":"https:\/\/www.radioactiva.com.pe\/blogs\/en-lima-exhibicion-itinerante-valle-alto-utcubamba-kuelap-y-1500-anos-de-ocupacion-chachapoya-noticia","title":{"rendered":"En Lima Exhibici\u00f3n Itinerante \u201cValle alto Utcubamba: Kuelap y 1500 a\u00f1os de ocupaci\u00f3n Chachapoya\u201d"},"content":{"rendered":"<p>Este martes 18 de agosto en la sala de exposiciones galer\u00eda \u201cCasa de las Trece Puertas\u201d de la Caja Metropolitana de Lima, se realizar\u00e1 la muestra \u201cPaisaje cultural valle alto del Utcubamba: Kuelap y 1500 a\u00f1os de ocupaci\u00f3n Chachapoya\u201d un evento organizado por el Ministerio de Cultura, donde estar\u00e1n presentes los alcaldes provinciales Prof. Di\u00f3genes Humberto Zavaleta Tenorio de Chachapoyas y Prof. Grimaldo V\u00e1squez Tan de Luya.<!--more--><\/p>\n<div id=\"attachment_1959\" style=\"width: 310px\" class=\"wp-caption alignleft\"><a href=\"https:\/\/www.radioactiva.com.pe\/blogs\/wp-content\/uploads\/2011\/11\/kuelap-2011.jpg\"><img loading=\"lazy\" decoding=\"async\" aria-describedby=\"caption-attachment-1959\" class=\"size-medium wp-image-1959\" src=\"https:\/\/www.radioactiva.com.pe\/blogs\/wp-content\/uploads\/2011\/11\/kuelap-2011-300x225.jpg\" alt=\"Fortaleza de Ku\u00e9lap\" width=\"300\" height=\"225\" \/><\/a><p id=\"caption-attachment-1959\" class=\"wp-caption-text\">Fortaleza de Ku\u00e9lap<\/p><\/div>\n<p>Es la Direcci\u00f3n de Paisaje Cultural, la encargada de la elaboraci\u00f3n de los lineamientos adecuados para el manejo sostenible de estos espacios y garantizar su protecci\u00f3n y conservaci\u00f3n arm\u00f3nica con el medio, que actualmente viene gestionando la declaratoria del paisaje cultural \u201cValle del Alto Utcubamba\u201d\u00a0 como Patrimonio Cultural de la Naci\u00f3n.<\/p>\n<p>La exposici\u00f3n tiene por finalidad implementar estrategias para su puesta en valor, promoci\u00f3n, y difusi\u00f3n, y sensibilizar acerca de la importancia, salvaguarda y gesti\u00f3n de este paisaje cultural en la regi\u00f3n Amazonas, as\u00ed como fomentar sinergias entre el Estado peruano e instituciones u organismos nacionales e internacionales, para generar proyectos de trabajo conjunto.<\/p>\n<p>La exposici\u00f3n iniciar\u00e1 en la galer\u00eda \u201cCasa de las Trece Puertas\u201d de la Caja Metropolitana de Lima en el Centro de Lima y luego proseguir\u00e1 en el Centro Cultural Inca Garcilaso del Ministerio de Relaciones Exteriores, para luego en el pr\u00f3ximo a\u00f1o 2016 realizarse en las ciudades de Chachapoyas y Luya.<\/p>\n<p>La Municipalidad de Chachapoyas por su parte con la Gerencia de Desarrollo Econ\u00f3mico Local a trav\u00e9s de la Divisi\u00f3n de Turismo, estar\u00e1 participando de la ceremonia de inauguraci\u00f3n con la presentaci\u00f3n de gastronom\u00eda, vestimenta t\u00edpica y la difusi\u00f3n de los diferentes atractivos tur\u00edsticos, en un espacio importante que cuenta con el apoyo del Gobierno Regional de Amazonas.<\/p>\n<p>Al respecto, Zavaleta Tenorio, quien estar\u00e1 presente en la ceremonia inaugural, salud\u00f3 el inter\u00e9s del Estado peruano de impulsar el reconocimiento de uno de los lugares m\u00e1s hermosos de Amazonas en su camino de ser declarado como Patrimonio Cultural de la Naci\u00f3n.<\/p>\n","protected":false},"excerpt":{"rendered":"<p>Este martes 18 de agosto en la sala de exposiciones galer\u00eda \u201cCasa de las Trece Puertas\u201d de la Caja Metropolitana de Lima, se realizar\u00e1 la muestra \u201cPaisaje cultural valle alto del Utcubamba: Kuelap y 1500 a\u00f1os de ocupaci\u00f3n Chachapoya\u201d un [&hellip;]<\/p>\n","protected":false},"author":3,"featured_media":4037,"comment_status":"open","ping_status":"open","sticky":false,"template":"","format":"standard","meta":{"footnotes":""},"categories":[29,5],"tags":[922],"class_list":["post-4036","post","type-post","status-publish","format-standard","has-post-thumbnail","hentry","category-destacamos","category-ultimas-noticias","tag-valle-alto-utcubamba-kuelap-y-1500-anos-de-ocupacion-chachapoyas"],"featured_image_urls":{"full":["https:\/\/www.radioactiva.com.pe\/blogs\/wp-content\/uploads\/2015\/08\/kuelap.jpg",800,535,false],"thumbnail":["https:\/\/www.radioactiva.com.pe\/blogs\/wp-content\/uploads\/2015\/08\/kuelap-150x150.jpg",150,150,true],"medium":["https:\/\/www.radioactiva.com.pe\/blogs\/wp-content\/uploads\/2015\/08\/kuelap-300x201.jpg",300,201,true],"medium_large":["https:\/\/www.radioactiva.com.pe\/blogs\/wp-content\/uploads\/2015\/08\/kuelap-768x514.jpg",768,514,true],"large":["https:\/\/www.radioactiva.com.pe\/blogs\/wp-content\/uploads\/2015\/08\/kuelap.jpg",800,535,false],"wpsimplegallery_admin_thumb":["https:\/\/www.radioactiva.com.pe\/blogs\/wp-content\/uploads\/2015\/08\/kuelap.jpg",109,73,false],"wpsimplegallery_thumb":["https:\/\/www.radioactiva.com.pe\/blogs\/wp-content\/uploads\/2015\/08\/kuelap.jpg",100,67,false],"1536x1536":["https:\/\/www.radioactiva.com.pe\/blogs\/wp-content\/uploads\/2015\/08\/kuelap.jpg",800,535,false],"2048x2048":["https:\/\/www.radioactiva.com.pe\/blogs\/wp-content\/uploads\/2015\/08\/kuelap.jpg",800,535,false],"wp_review_large":["https:\/\/www.radioactiva.com.pe\/blogs\/wp-content\/uploads\/2015\/08\/kuelap.jpg",299,200,false],"wp_review_small":["https:\/\/www.radioactiva.com.pe\/blogs\/wp-content\/uploads\/2015\/08\/kuelap.jpg",65,43,false],"grandmagazine_blog_classic":["https:\/\/www.radioactiva.com.pe\/blogs\/wp-content\/uploads\/2015\/08\/kuelap.jpg",800,535,false],"grandmagazine_blog":["https:\/\/www.radioactiva.com.pe\/blogs\/wp-content\/uploads\/2015\/08\/kuelap.jpg",600,401,false],"woocommerce_thumbnail":["https:\/\/www.radioactiva.com.pe\/blogs\/wp-content\/uploads\/2015\/08\/kuelap.jpg",300,201,false],"woocommerce_single":["https:\/\/www.radioactiva.com.pe\/blogs\/wp-content\/uploads\/2015\/08\/kuelap.jpg",600,401,false],"woocommerce_gallery_thumbnail":["https:\/\/www.radioactiva.com.pe\/blogs\/wp-content\/uploads\/2015\/08\/kuelap.jpg",100,67,false]},"author_info":{"display_name":"Radioactiva","author_link":"https:\/\/www.radioactiva.com.pe\/blogs\/author\/percytv"},"category_info":"<a href=\"https:\/\/www.radioactiva.com.pe\/blogs\/secciones\/destacamos\" rel=\"category tag\">Destacamos<\/a> <a href=\"https:\/\/www.radioactiva.com.pe\/blogs\/secciones\/ultimas-noticias\" rel=\"category tag\">Noticias<\/a>","tag_info":"Noticias","comment_count":0,"_links":{"self":[{"href":"https:\/\/www.radioactiva.com.pe\/blogs\/wp-json\/wp\/v2\/posts\/4036","targetHints":{"allow":["GET"]}}],"collection":[{"href":"https:\/\/www.radioactiva.com.pe\/blogs\/wp-json\/wp\/v2\/posts"}],"about":[{"href":"https:\/\/www.radioactiva.com.pe\/blogs\/wp-json\/wp\/v2\/types\/post"}],"author":[{"embeddable":true,"href":"https:\/\/www.radioactiva.com.pe\/blogs\/wp-json\/wp\/v2\/users\/3"}],"replies":[{"embeddable":true,"href":"https:\/\/www.radioactiva.com.pe\/blogs\/wp-json\/wp\/v2\/comments?post=4036"}],"version-history":[{"count":1,"href":"https:\/\/www.radioactiva.com.pe\/blogs\/wp-json\/wp\/v2\/posts\/4036\/revisions"}],"predecessor-version":[{"id":4038,"href":"https:\/\/www.radioactiva.com.pe\/blogs\/wp-json\/wp\/v2\/posts\/4036\/revisions\/4038"}],"wp:featuredmedia":[{"embeddable":true,"href":"https:\/\/www.radioactiva.com.pe\/blogs\/wp-json\/wp\/v2\/media\/4037"}],"wp:attachment":[{"href":"https:\/\/www.radioactiva.com.pe\/blogs\/wp-json\/wp\/v2\/media?parent=4036"}],"wp:term":[{"taxonomy":"category","embeddable":true,"href":"https:\/\/www.radioactiva.com.pe\/blogs\/wp-json\/wp\/v2\/categories?post=4036"},{"taxonomy":"post_tag","embeddable":true,"href":"https:\/\/www.radioactiva.com.pe\/blogs\/wp-json\/wp\/v2\/tags?post=4036"}],"curies":[{"name":"wp","href":"https:\/\/api.w.org\/{rel}","templated":true}]}}