{"id":4006,"date":"2015-07-08T07:01:18","date_gmt":"2015-07-08T12:01:18","guid":{"rendered":"http:\/\/www.radioactiva.com.pe\/blogs\/?p=4006"},"modified":"2015-07-08T07:01:18","modified_gmt":"2015-07-08T12:01:18","slug":"presidencia-del-consejo-de-ministros-declaro-en-emergencia-region-amazonas","status":"publish","type":"post","link":"https:\/\/www.radioactiva.com.pe\/blogs\/presidencia-del-consejo-de-ministros-declaro-en-emergencia-region-amazonas-noticia","title":{"rendered":"Presidencia del Consejo de Ministros declar\u00f3 en emergencia regi\u00f3n Amazonas"},"content":{"rendered":"<p><span lang=\"ES\" style=\"font-family: 'Arial','sans-serif';\"><span style=\"color: #000000;\">El d\u00eda domingo 05 de julio del presente a\u00f1o, la Presidencia del Consejo de Ministros \u2013 PCM, mediante el Decreto Supremo N\u00b0045-2015-PCM declar\u00f3 en Estado de Emergencia por un plazo de sesenta (60) d\u00edas calendario, algunos distritos y provincias de los departamentos de Tumbes, Piura, Lambayeque, La Libertad, Cajamarca, Amazonas, San Mart\u00edn, Ancash, Lima, Ica, Arequipa, Cusco, Puno y Jun\u00edn, por Peligro Inminente ante el periodo de lluvias 2015 \u2013 2016 y posible ocurrencia del Fen\u00f3meno de El Ni\u00f1o. <\/span><\/span><!--more--><\/p>\n<p><a href=\"https:\/\/www.radioactiva.com.pe\/blogs\/wp-content\/uploads\/2013\/10\/DSC07786.jpg\"><img loading=\"lazy\" decoding=\"async\" class=\"alignleft size-medium wp-image-3297\" src=\"https:\/\/www.radioactiva.com.pe\/blogs\/wp-content\/uploads\/2013\/10\/DSC07786-300x200.jpg\" alt=\"DSC07786\" width=\"300\" height=\"200\" \/><\/a><\/p>\n<p><span lang=\"ES\" style=\"font-family: 'Arial','sans-serif';\"><span style=\"color: #000000;\">Dicha declaratoria se aprob\u00f3 ante el muy alto riesgo de desastres por el pr\u00f3ximo periodo de lluvias 2015 \u2013 2016; as\u00ed como ante la posible ocurrencia del Fen\u00f3meno del ni\u00f1o, cuya magnitud de fuerte o extraordinario, y su probabilidad de extensi\u00f3n hasta el pr\u00f3ximo verano no se descarta, y cuyos efectos pueden ocasionar inundaciones, deslizamientos, entre otros, con consecuentes p\u00e9rdidas y da\u00f1os a la vida, la salud y medios de vida de la poblaci\u00f3n; as\u00ed como, de la infraestructura diversa p\u00fablica y privada.<\/span><\/span><\/p>\n<p><span lang=\"ES\" style=\"font-family: 'Arial','sans-serif';\"><span style=\"color: #000000;\">En tal sentido los Gobiernos Regionales y Gobiernos Locales involucrados, deber\u00e1n adoptar medidas, en coordinaci\u00f3n t\u00e9cnica con el Instituto Nacional de Defensa Civil \u2013 INDECI, Ministerio de Agricultura y Riego, Autoridad Nacional del Agua, entre otras, para ejecutar acciones necesarias para reducir el riesgo existente y rehabilitar las zonas que pudieran verse afectadas.<\/span><\/span><\/p>\n<p>&nbsp;<\/p>\n","protected":false},"excerpt":{"rendered":"<p>El d\u00eda domingo 05 de julio del presente a\u00f1o, la Presidencia del Consejo de Ministros \u2013 PCM, mediante el Decreto Supremo N\u00b0045-2015-PCM declar\u00f3 en Estado de Emergencia por un plazo de sesenta (60) d\u00edas calendario, algunos distritos y provincias de [&hellip;]<\/p>\n","protected":false},"author":3,"featured_media":3521,"comment_status":"open","ping_status":"open","sticky":false,"template":"","format":"standard","meta":{"footnotes":""},"categories":[29,5],"tags":[],"class_list":["post-4006","post","type-post","status-publish","format-standard","has-post-thumbnail","hentry","category-destacamos","category-ultimas-noticias"],"featured_image_urls":{"full":["https:\/\/www.radioactiva.com.pe\/blogs\/wp-content\/uploads\/2014\/03\/CARRETERA-DERRUMBE.jpg",1024,683,false],"thumbnail":["https:\/\/www.radioactiva.com.pe\/blogs\/wp-content\/uploads\/2014\/03\/CARRETERA-DERRUMBE-150x150.jpg",150,150,true],"medium":["https:\/\/www.radioactiva.com.pe\/blogs\/wp-content\/uploads\/2014\/03\/CARRETERA-DERRUMBE-300x200.jpg",300,200,true],"medium_large":["https:\/\/www.radioactiva.com.pe\/blogs\/wp-content\/uploads\/2014\/03\/CARRETERA-DERRUMBE-768x512.jpg",768,512,true],"large":["https:\/\/www.radioactiva.com.pe\/blogs\/wp-content\/uploads\/2014\/03\/CARRETERA-DERRUMBE-1024x683.jpg",1024,683,true],"wpsimplegallery_admin_thumb":["https:\/\/www.radioactiva.com.pe\/blogs\/wp-content\/uploads\/2014\/03\/CARRETERA-DERRUMBE.jpg",109,73,false],"wpsimplegallery_thumb":["https:\/\/www.radioactiva.com.pe\/blogs\/wp-content\/uploads\/2014\/03\/CARRETERA-DERRUMBE.jpg",100,67,false],"1536x1536":["https:\/\/www.radioactiva.com.pe\/blogs\/wp-content\/uploads\/2014\/03\/CARRETERA-DERRUMBE.jpg",1024,683,false],"2048x2048":["https:\/\/www.radioactiva.com.pe\/blogs\/wp-content\/uploads\/2014\/03\/CARRETERA-DERRUMBE.jpg",1024,683,false],"wp_review_large":["https:\/\/www.radioactiva.com.pe\/blogs\/wp-content\/uploads\/2014\/03\/CARRETERA-DERRUMBE.jpg",300,200,false],"wp_review_small":["https:\/\/www.radioactiva.com.pe\/blogs\/wp-content\/uploads\/2014\/03\/CARRETERA-DERRUMBE.jpg",65,43,false],"grandmagazine_blog_classic":["https:\/\/www.radioactiva.com.pe\/blogs\/wp-content\/uploads\/2014\/03\/CARRETERA-DERRUMBE.jpg",1024,683,false],"grandmagazine_blog":["https:\/\/www.radioactiva.com.pe\/blogs\/wp-content\/uploads\/2014\/03\/CARRETERA-DERRUMBE.jpg",600,400,false],"woocommerce_thumbnail":["https:\/\/www.radioactiva.com.pe\/blogs\/wp-content\/uploads\/2014\/03\/CARRETERA-DERRUMBE.jpg",300,200,false],"woocommerce_single":["https:\/\/www.radioactiva.com.pe\/blogs\/wp-content\/uploads\/2014\/03\/CARRETERA-DERRUMBE.jpg",600,400,false],"woocommerce_gallery_thumbnail":["https:\/\/www.radioactiva.com.pe\/blogs\/wp-content\/uploads\/2014\/03\/CARRETERA-DERRUMBE.jpg",100,67,false]},"author_info":{"display_name":"Radioactiva","author_link":"https:\/\/www.radioactiva.com.pe\/blogs\/author\/percytv"},"category_info":"<a href=\"https:\/\/www.radioactiva.com.pe\/blogs\/secciones\/destacamos\" rel=\"category tag\">Destacamos<\/a> <a href=\"https:\/\/www.radioactiva.com.pe\/blogs\/secciones\/ultimas-noticias\" rel=\"category tag\">Noticias<\/a>","tag_info":"Noticias","comment_count":0,"_links":{"self":[{"href":"https:\/\/www.radioactiva.com.pe\/blogs\/wp-json\/wp\/v2\/posts\/4006","targetHints":{"allow":["GET"]}}],"collection":[{"href":"https:\/\/www.radioactiva.com.pe\/blogs\/wp-json\/wp\/v2\/posts"}],"about":[{"href":"https:\/\/www.radioactiva.com.pe\/blogs\/wp-json\/wp\/v2\/types\/post"}],"author":[{"embeddable":true,"href":"https:\/\/www.radioactiva.com.pe\/blogs\/wp-json\/wp\/v2\/users\/3"}],"replies":[{"embeddable":true,"href":"https:\/\/www.radioactiva.com.pe\/blogs\/wp-json\/wp\/v2\/comments?post=4006"}],"version-history":[{"count":1,"href":"https:\/\/www.radioactiva.com.pe\/blogs\/wp-json\/wp\/v2\/posts\/4006\/revisions"}],"predecessor-version":[{"id":4007,"href":"https:\/\/www.radioactiva.com.pe\/blogs\/wp-json\/wp\/v2\/posts\/4006\/revisions\/4007"}],"wp:featuredmedia":[{"embeddable":true,"href":"https:\/\/www.radioactiva.com.pe\/blogs\/wp-json\/wp\/v2\/media\/3521"}],"wp:attachment":[{"href":"https:\/\/www.radioactiva.com.pe\/blogs\/wp-json\/wp\/v2\/media?parent=4006"}],"wp:term":[{"taxonomy":"category","embeddable":true,"href":"https:\/\/www.radioactiva.com.pe\/blogs\/wp-json\/wp\/v2\/categories?post=4006"},{"taxonomy":"post_tag","embeddable":true,"href":"https:\/\/www.radioactiva.com.pe\/blogs\/wp-json\/wp\/v2\/tags?post=4006"}],"curies":[{"name":"wp","href":"https:\/\/api.w.org\/{rel}","templated":true}]}}