{"id":3931,"date":"2015-06-04T07:37:39","date_gmt":"2015-06-04T12:37:39","guid":{"rendered":"http:\/\/www.radioactiva.com.pe\/blogs\/?p=3931"},"modified":"2015-06-19T09:21:39","modified_gmt":"2015-06-19T14:21:39","slug":"gobierno-regional-amazonas-convoca-a-primera-audiencia-publica-regional-2015","status":"publish","type":"post","link":"https:\/\/www.radioactiva.com.pe\/blogs\/gobierno-regional-amazonas-convoca-a-primera-audiencia-publica-regional-2015-noticia","title":{"rendered":"Gobierno Regional Amazonas convoca a  primera audiencia p\u00fablica regional 2015"},"content":{"rendered":"<p>El Gobierno Regional de Amazonas laz\u00f3 la convocatoria para la realizaci\u00f3n de la primera audiencia p\u00fablica regional 201, evento que se realizara el pr\u00f3ximo viernes 12 de junio de 2015 en el auditorio de la sede principal del Gobierno Regional Amazonas, el acto estar\u00e1 presidido por el Gobernador regional Gilmer Horna Corrales, quien estar\u00e1 acompa\u00f1ado de sus directores, gerentes y Consejo Regional en pleno.<!--more--><\/p>\n<p><a href=\"https:\/\/www.radioactiva.com.pe\/blogs\/wp-content\/uploads\/2015\/06\/GILMER-HORNA.jpg\"><img loading=\"lazy\" decoding=\"async\" class=\"alignleft size-medium wp-image-3932\" src=\"https:\/\/www.radioactiva.com.pe\/blogs\/wp-content\/uploads\/2015\/06\/GILMER-HORNA-300x200.jpg\" alt=\"GILMER HORNA\" width=\"300\" height=\"200\" \/><\/a><\/p>\n<p>Se viene convocado a las diferentes autoridades regionales, provinciales y distritales as\u00ed como a representantes de instituciones p\u00fablicas y privadas, eclesi\u00e1sticas, colegios profesionales, organizaciones de bases, rondas campesinas, dirigentes de los comedores populares, juntas vecinales, asociaciones, gremios sindicales, comunidades campesinas y nativas, medios de comunicaci\u00f3n y ciudadan\u00eda en general<\/p>\n<p>Se anunci\u00f3 que en la cita se informara detalladamente\u00a0 sobre la situaci\u00f3n actual en que se encuentra el Gobierno Regional y se realizar\u00e1 la exposici\u00f3n de objetivos y metas, gesti\u00f3n institucional y ejecuci\u00f3n presupuestal por diversas fuentes de financiamiento, convenios suscritos con entidades nacionales e internacionales.<\/p>\n<p>Adem\u00e1s de saber de los proyectos ejecutados y logros alcanzados, avances y dificultades, para lograr los objetivos y los compromisos asumidos.<\/p>\n<p>Los ciudadanos interesados en participar pueden solicitar mayor informaci\u00f3n en la Oficina de Comunicaciones y Relaciones P\u00fablicas del Gobierno regional Amazonas, llamando al tel\u00e9fono 478131 anexo 272. Y en las direcciones electr\u00f3nicas: www.regionamazonas.gob.pe; email: relacionespublicasgorea@gmail.com; Facebook: Gobierno Regional de Amazonas o Regi\u00f3n Amazonas.<\/p>\n","protected":false},"excerpt":{"rendered":"<p>El Gobierno Regional de Amazonas laz\u00f3 la convocatoria para la realizaci\u00f3n de la primera audiencia p\u00fablica regional 201, evento que se realizara el pr\u00f3ximo viernes 12 de junio de 2015 en el auditorio de la sede principal del Gobierno Regional [&hellip;]<\/p>\n","protected":false},"author":3,"featured_media":3932,"comment_status":"open","ping_status":"open","sticky":false,"template":"","format":"standard","meta":{"footnotes":""},"categories":[29,5],"tags":[],"class_list":["post-3931","post","type-post","status-publish","format-standard","has-post-thumbnail","hentry","category-destacamos","category-ultimas-noticias"],"featured_image_urls":{"full":["https:\/\/www.radioactiva.com.pe\/blogs\/wp-content\/uploads\/2015\/06\/GILMER-HORNA.jpg",1024,684,false],"thumbnail":["https:\/\/www.radioactiva.com.pe\/blogs\/wp-content\/uploads\/2015\/06\/GILMER-HORNA-150x150.jpg",150,150,true],"medium":["https:\/\/www.radioactiva.com.pe\/blogs\/wp-content\/uploads\/2015\/06\/GILMER-HORNA-300x200.jpg",300,200,true],"medium_large":["https:\/\/www.radioactiva.com.pe\/blogs\/wp-content\/uploads\/2015\/06\/GILMER-HORNA-768x513.jpg",768,513,true],"large":["https:\/\/www.radioactiva.com.pe\/blogs\/wp-content\/uploads\/2015\/06\/GILMER-HORNA-1024x684.jpg",1024,684,true],"wpsimplegallery_admin_thumb":["https:\/\/www.radioactiva.com.pe\/blogs\/wp-content\/uploads\/2015\/06\/GILMER-HORNA.jpg",109,73,false],"wpsimplegallery_thumb":["https:\/\/www.radioactiva.com.pe\/blogs\/wp-content\/uploads\/2015\/06\/GILMER-HORNA.jpg",100,67,false],"1536x1536":["https:\/\/www.radioactiva.com.pe\/blogs\/wp-content\/uploads\/2015\/06\/GILMER-HORNA.jpg",1024,684,false],"2048x2048":["https:\/\/www.radioactiva.com.pe\/blogs\/wp-content\/uploads\/2015\/06\/GILMER-HORNA.jpg",1024,684,false],"wp_review_large":["https:\/\/www.radioactiva.com.pe\/blogs\/wp-content\/uploads\/2015\/06\/GILMER-HORNA.jpg",299,200,false],"wp_review_small":["https:\/\/www.radioactiva.com.pe\/blogs\/wp-content\/uploads\/2015\/06\/GILMER-HORNA.jpg",65,43,false],"grandmagazine_blog_classic":["https:\/\/www.radioactiva.com.pe\/blogs\/wp-content\/uploads\/2015\/06\/GILMER-HORNA.jpg",1024,684,false],"grandmagazine_blog":["https:\/\/www.radioactiva.com.pe\/blogs\/wp-content\/uploads\/2015\/06\/GILMER-HORNA.jpg",600,401,false],"woocommerce_thumbnail":["https:\/\/www.radioactiva.com.pe\/blogs\/wp-content\/uploads\/2015\/06\/GILMER-HORNA.jpg",300,200,false],"woocommerce_single":["https:\/\/www.radioactiva.com.pe\/blogs\/wp-content\/uploads\/2015\/06\/GILMER-HORNA.jpg",600,401,false],"woocommerce_gallery_thumbnail":["https:\/\/www.radioactiva.com.pe\/blogs\/wp-content\/uploads\/2015\/06\/GILMER-HORNA.jpg",100,67,false]},"author_info":{"display_name":"Radioactiva","author_link":"https:\/\/www.radioactiva.com.pe\/blogs\/author\/percytv"},"category_info":"<a href=\"https:\/\/www.radioactiva.com.pe\/blogs\/secciones\/destacamos\" rel=\"category tag\">Destacamos<\/a> <a href=\"https:\/\/www.radioactiva.com.pe\/blogs\/secciones\/ultimas-noticias\" rel=\"category tag\">Noticias<\/a>","tag_info":"Noticias","comment_count":0,"_links":{"self":[{"href":"https:\/\/www.radioactiva.com.pe\/blogs\/wp-json\/wp\/v2\/posts\/3931","targetHints":{"allow":["GET"]}}],"collection":[{"href":"https:\/\/www.radioactiva.com.pe\/blogs\/wp-json\/wp\/v2\/posts"}],"about":[{"href":"https:\/\/www.radioactiva.com.pe\/blogs\/wp-json\/wp\/v2\/types\/post"}],"author":[{"embeddable":true,"href":"https:\/\/www.radioactiva.com.pe\/blogs\/wp-json\/wp\/v2\/users\/3"}],"replies":[{"embeddable":true,"href":"https:\/\/www.radioactiva.com.pe\/blogs\/wp-json\/wp\/v2\/comments?post=3931"}],"version-history":[{"count":1,"href":"https:\/\/www.radioactiva.com.pe\/blogs\/wp-json\/wp\/v2\/posts\/3931\/revisions"}],"predecessor-version":[{"id":3933,"href":"https:\/\/www.radioactiva.com.pe\/blogs\/wp-json\/wp\/v2\/posts\/3931\/revisions\/3933"}],"wp:featuredmedia":[{"embeddable":true,"href":"https:\/\/www.radioactiva.com.pe\/blogs\/wp-json\/wp\/v2\/media\/3932"}],"wp:attachment":[{"href":"https:\/\/www.radioactiva.com.pe\/blogs\/wp-json\/wp\/v2\/media?parent=3931"}],"wp:term":[{"taxonomy":"category","embeddable":true,"href":"https:\/\/www.radioactiva.com.pe\/blogs\/wp-json\/wp\/v2\/categories?post=3931"},{"taxonomy":"post_tag","embeddable":true,"href":"https:\/\/www.radioactiva.com.pe\/blogs\/wp-json\/wp\/v2\/tags?post=3931"}],"curies":[{"name":"wp","href":"https:\/\/api.w.org\/{rel}","templated":true}]}}