{"id":3914,"date":"2015-05-22T07:20:45","date_gmt":"2015-05-22T12:20:45","guid":{"rendered":"http:\/\/www.radioactiva.com.pe\/blogs\/?p=3914"},"modified":"2015-06-01T09:19:44","modified_gmt":"2015-06-01T14:19:44","slug":"becarios-amazonenses-iniciaran-clases-en-instituciones-de-educacion-superior-a-nivel-nacional","status":"publish","type":"post","link":"https:\/\/www.radioactiva.com.pe\/blogs\/becarios-amazonenses-iniciaran-clases-en-instituciones-de-educacion-superior-a-nivel-nacional-noticia","title":{"rendered":"Becarios amazonenses iniciar\u00e1n clases en instituciones de educaci\u00f3n superior a nivel nacional"},"content":{"rendered":"<p>Un total de 635 j\u00f3venes amazonenses, becados por el Programa Nacional de Becas y Cr\u00e9dito Educativo (Pronabec) del Ministerio de Educaci\u00f3n, iniciar\u00e1n sus clases en universidades nacionales y privadas, as\u00ed como en institutos tecnol\u00f3gicos del pa\u00eds.<!--more--><\/p>\n<p><a href=\"https:\/\/www.radioactiva.com.pe\/blogs\/wp-content\/uploads\/2015\/05\/inicio-de-clases.jpg\"><img loading=\"lazy\" decoding=\"async\" class=\"alignleft size-medium wp-image-3915\" src=\"https:\/\/www.radioactiva.com.pe\/blogs\/wp-content\/uploads\/2015\/05\/inicio-de-clases-300x200.jpg\" alt=\"inicio de clases\" width=\"300\" height=\"200\" \/><\/a><\/p>\n<p>\u201cBeca 18 cubrir\u00e1 los gastos en alimentaci\u00f3n, alojamiento, movilidad local, materiales de estudio, costo anual de estudios y\u00a0 titulaci\u00f3n, hasta que culminen sus estudios t\u00e9cnicos o universitarios\u201d, asegur\u00f3 Mar\u00eda Villacr\u00e9z Gallo,\u00a0 jefa regional del Pronabec.<\/p>\n<p>Agreg\u00f3 que los beneficiarios tendr\u00e1n\u00a0 una cuenta de ahorros en el Banco de la Naci\u00f3n para hacer uso de la subvenci\u00f3n que les entregar\u00e1 mensualmente el Gobierno a trav\u00e9s del Pronabec, previa verificaci\u00f3n de la asistencia de clases y su rendimiento acad\u00e9mico.<\/p>\n<p>\u201cLos nuevos becarios que se est\u00e1n trasladando a las ciudades, distinta a su lugar de origen, sobre todo la capital de la Rep\u00fablica, est\u00e1n recibiendo el asesoramiento por parte del personal de la unidad de enlace regional\u201d, destac\u00f3.<\/p>\n<p>La funcionaria pidi\u00f3 calma a los becarios que todav\u00eda no iniciaron sus clases porque lo har\u00e1n de manera paulatina, conforme a la programaci\u00f3n acad\u00e9mica de cada centro superior de estudios.<\/p>\n","protected":false},"excerpt":{"rendered":"<p>Un total de 635 j\u00f3venes amazonenses, becados por el Programa Nacional de Becas y Cr\u00e9dito Educativo (Pronabec) del Ministerio de Educaci\u00f3n, iniciar\u00e1n sus clases en universidades nacionales y privadas, as\u00ed como en institutos tecnol\u00f3gicos del pa\u00eds.<\/p>\n","protected":false},"author":3,"featured_media":3915,"comment_status":"open","ping_status":"open","sticky":false,"template":"","format":"standard","meta":{"footnotes":""},"categories":[29,5],"tags":[910],"class_list":["post-3914","post","type-post","status-publish","format-standard","has-post-thumbnail","hentry","category-destacamos","category-ultimas-noticias","tag-pronabec-amazonas"],"featured_image_urls":{"full":["https:\/\/www.radioactiva.com.pe\/blogs\/wp-content\/uploads\/2015\/05\/inicio-de-clases.jpg",1280,853,false],"thumbnail":["https:\/\/www.radioactiva.com.pe\/blogs\/wp-content\/uploads\/2015\/05\/inicio-de-clases-150x150.jpg",150,150,true],"medium":["https:\/\/www.radioactiva.com.pe\/blogs\/wp-content\/uploads\/2015\/05\/inicio-de-clases-300x200.jpg",300,200,true],"medium_large":["https:\/\/www.radioactiva.com.pe\/blogs\/wp-content\/uploads\/2015\/05\/inicio-de-clases-768x512.jpg",768,512,true],"large":["https:\/\/www.radioactiva.com.pe\/blogs\/wp-content\/uploads\/2015\/05\/inicio-de-clases-1024x682.jpg",1024,682,true],"wpsimplegallery_admin_thumb":["https:\/\/www.radioactiva.com.pe\/blogs\/wp-content\/uploads\/2015\/05\/inicio-de-clases.jpg",109,73,false],"wpsimplegallery_thumb":["https:\/\/www.radioactiva.com.pe\/blogs\/wp-content\/uploads\/2015\/05\/inicio-de-clases.jpg",100,67,false],"1536x1536":["https:\/\/www.radioactiva.com.pe\/blogs\/wp-content\/uploads\/2015\/05\/inicio-de-clases.jpg",1280,853,false],"2048x2048":["https:\/\/www.radioactiva.com.pe\/blogs\/wp-content\/uploads\/2015\/05\/inicio-de-clases.jpg",1280,853,false],"wp_review_large":["https:\/\/www.radioactiva.com.pe\/blogs\/wp-content\/uploads\/2015\/05\/inicio-de-clases.jpg",300,200,false],"wp_review_small":["https:\/\/www.radioactiva.com.pe\/blogs\/wp-content\/uploads\/2015\/05\/inicio-de-clases.jpg",65,43,false],"grandmagazine_blog_classic":["https:\/\/www.radioactiva.com.pe\/blogs\/wp-content\/uploads\/2015\/05\/inicio-de-clases.jpg",1024,682,false],"grandmagazine_blog":["https:\/\/www.radioactiva.com.pe\/blogs\/wp-content\/uploads\/2015\/05\/inicio-de-clases.jpg",600,400,false],"woocommerce_thumbnail":["https:\/\/www.radioactiva.com.pe\/blogs\/wp-content\/uploads\/2015\/05\/inicio-de-clases.jpg",300,200,false],"woocommerce_single":["https:\/\/www.radioactiva.com.pe\/blogs\/wp-content\/uploads\/2015\/05\/inicio-de-clases.jpg",600,400,false],"woocommerce_gallery_thumbnail":["https:\/\/www.radioactiva.com.pe\/blogs\/wp-content\/uploads\/2015\/05\/inicio-de-clases.jpg",100,67,false]},"author_info":{"display_name":"Radioactiva","author_link":"https:\/\/www.radioactiva.com.pe\/blogs\/author\/percytv"},"category_info":"<a href=\"https:\/\/www.radioactiva.com.pe\/blogs\/secciones\/destacamos\" rel=\"category tag\">Destacamos<\/a> <a href=\"https:\/\/www.radioactiva.com.pe\/blogs\/secciones\/ultimas-noticias\" rel=\"category tag\">Noticias<\/a>","tag_info":"Noticias","comment_count":0,"_links":{"self":[{"href":"https:\/\/www.radioactiva.com.pe\/blogs\/wp-json\/wp\/v2\/posts\/3914","targetHints":{"allow":["GET"]}}],"collection":[{"href":"https:\/\/www.radioactiva.com.pe\/blogs\/wp-json\/wp\/v2\/posts"}],"about":[{"href":"https:\/\/www.radioactiva.com.pe\/blogs\/wp-json\/wp\/v2\/types\/post"}],"author":[{"embeddable":true,"href":"https:\/\/www.radioactiva.com.pe\/blogs\/wp-json\/wp\/v2\/users\/3"}],"replies":[{"embeddable":true,"href":"https:\/\/www.radioactiva.com.pe\/blogs\/wp-json\/wp\/v2\/comments?post=3914"}],"version-history":[{"count":1,"href":"https:\/\/www.radioactiva.com.pe\/blogs\/wp-json\/wp\/v2\/posts\/3914\/revisions"}],"predecessor-version":[{"id":3916,"href":"https:\/\/www.radioactiva.com.pe\/blogs\/wp-json\/wp\/v2\/posts\/3914\/revisions\/3916"}],"wp:featuredmedia":[{"embeddable":true,"href":"https:\/\/www.radioactiva.com.pe\/blogs\/wp-json\/wp\/v2\/media\/3915"}],"wp:attachment":[{"href":"https:\/\/www.radioactiva.com.pe\/blogs\/wp-json\/wp\/v2\/media?parent=3914"}],"wp:term":[{"taxonomy":"category","embeddable":true,"href":"https:\/\/www.radioactiva.com.pe\/blogs\/wp-json\/wp\/v2\/categories?post=3914"},{"taxonomy":"post_tag","embeddable":true,"href":"https:\/\/www.radioactiva.com.pe\/blogs\/wp-json\/wp\/v2\/tags?post=3914"}],"curies":[{"name":"wp","href":"https:\/\/api.w.org\/{rel}","templated":true}]}}