{"id":3911,"date":"2015-05-22T07:17:14","date_gmt":"2015-05-22T12:17:14","guid":{"rendered":"http:\/\/www.radioactiva.com.pe\/blogs\/?p=3911"},"modified":"2015-05-22T07:17:14","modified_gmt":"2015-05-22T12:17:14","slug":"plan-concertado-amazonas-2021-con-propuestas-positivas-de-progreso","status":"publish","type":"post","link":"https:\/\/www.radioactiva.com.pe\/blogs\/plan-concertado-amazonas-2021-con-propuestas-positivas-de-progreso-noticia","title":{"rendered":"Plan concertado Amazonas 2021 con propuestas positivas de progreso."},"content":{"rendered":"<p>La actualizaci\u00f3n del Plan de Desarrollo Concertado, organizado por la Sub Gerencia de Planificaci\u00f3n y Acondicionamiento Territorial, va teniendo informaci\u00f3n vigente, con miras al 2021, como siempre ha sido la intenci\u00f3n del Gobernador de Amazonas, Gilmer Horna Corrales, cumpli\u00e9ndose de esta forma los objetivos trazados, durante el taller realizado reciente en las instalaciones de la ODEC Chachapoyas.<!--more--><\/p>\n<p><a href=\"https:\/\/www.radioactiva.com.pe\/blogs\/wp-content\/uploads\/2015\/05\/plan-concertado.jpg\"><img loading=\"lazy\" decoding=\"async\" class=\"alignleft size-medium wp-image-3912\" src=\"https:\/\/www.radioactiva.com.pe\/blogs\/wp-content\/uploads\/2015\/05\/plan-concertado-300x225.jpg\" alt=\"plan concertado\" width=\"300\" height=\"225\" \/><\/a><\/p>\n<p>Boris Le\u00f3n Cisneros (Sub Gerente de Planificaci\u00f3n y Acondicionamiento Territorial), dijo que la participaci\u00f3n de los representantes del Gobierno Regional, Universidad Nacional Toribio Rodr\u00edguez de Mendoza, C\u00e1mara Regional de Turismo y otras entidades del Estado, fue fundamental para optimizar las propuestas que redundar\u00e1n en el desarrollo de Amazonas.<\/p>\n<p>Con esta actividad se estima que la desnutrici\u00f3n cr\u00f3nica infantil disminuya al 20 por ciento, la educaci\u00f3n mejore progresivamente, en la zona de Condorcanqui y los resultados se vayan en forma positiva, en comprensi\u00f3n de lectura y matem\u00e1tica rural, lo cual es vital para levantar el \u00edndice educativo en esa provincia.\u00a0 Adem\u00e1s, colocar a Amazonas como destino tur\u00edstico en el mundo.<\/p>\n<p>Otro de los casos sustanciales que se ha presentado durante el taller, es el mejoramiento en vivienda y producci\u00f3n, gobernanza moderna electr\u00f3nica y medio ambiente, especialmente \u00e9ste \u00faltimo tema para muchos desconocidos y por ello los grupos de trabajo sacaron a relucir material preciso buscando una variante afirmativa para evitar que la irresponsabilidad destruyan los ecosistemas y el cambio clim\u00e1tico forzoso.<\/p>\n<p>Boris Le\u00f3n, agradeci\u00f3 a los participantes y estim\u00f3 que los siguientes talleres ser\u00e1n descentralizados y l\u00f3gicamente destac\u00f3 la presencia del Gerente Regional, Marco Cardoso quien en representaci\u00f3n del Gobernador Regional estimul\u00f3 resaltando los aportes de los integrantes de las diferentes direcciones y estamentos del Estado, para actualizar el Plan de Desarrollo Regional Concertado a favor de Amazonas.<\/p>\n<p>Fuente: RR.PP Gobierno Regional Amazonas.<\/p>\n","protected":false},"excerpt":{"rendered":"<p>La actualizaci\u00f3n del Plan de Desarrollo Concertado, organizado por la Sub Gerencia de Planificaci\u00f3n y Acondicionamiento Territorial, va teniendo informaci\u00f3n vigente, con miras al 2021, como siempre ha sido la intenci\u00f3n del Gobernador de Amazonas, Gilmer Horna Corrales, cumpli\u00e9ndose de [&hellip;]<\/p>\n","protected":false},"author":3,"featured_media":3912,"comment_status":"open","ping_status":"open","sticky":false,"template":"","format":"standard","meta":{"footnotes":""},"categories":[29,5],"tags":[],"class_list":["post-3911","post","type-post","status-publish","format-standard","has-post-thumbnail","hentry","category-destacamos","category-ultimas-noticias"],"featured_image_urls":{"full":["https:\/\/www.radioactiva.com.pe\/blogs\/wp-content\/uploads\/2015\/05\/plan-concertado.jpg",1024,768,false],"thumbnail":["https:\/\/www.radioactiva.com.pe\/blogs\/wp-content\/uploads\/2015\/05\/plan-concertado-150x150.jpg",150,150,true],"medium":["https:\/\/www.radioactiva.com.pe\/blogs\/wp-content\/uploads\/2015\/05\/plan-concertado-300x225.jpg",300,225,true],"medium_large":["https:\/\/www.radioactiva.com.pe\/blogs\/wp-content\/uploads\/2015\/05\/plan-concertado-768x576.jpg",768,576,true],"large":["https:\/\/www.radioactiva.com.pe\/blogs\/wp-content\/uploads\/2015\/05\/plan-concertado-1024x768.jpg",1024,768,true],"wpsimplegallery_admin_thumb":["https:\/\/www.radioactiva.com.pe\/blogs\/wp-content\/uploads\/2015\/05\/plan-concertado.jpg",109,82,false],"wpsimplegallery_thumb":["https:\/\/www.radioactiva.com.pe\/blogs\/wp-content\/uploads\/2015\/05\/plan-concertado.jpg",100,75,false],"1536x1536":["https:\/\/www.radioactiva.com.pe\/blogs\/wp-content\/uploads\/2015\/05\/plan-concertado.jpg",1024,768,false],"2048x2048":["https:\/\/www.radioactiva.com.pe\/blogs\/wp-content\/uploads\/2015\/05\/plan-concertado.jpg",1024,768,false],"wp_review_large":["https:\/\/www.radioactiva.com.pe\/blogs\/wp-content\/uploads\/2015\/05\/plan-concertado.jpg",267,200,false],"wp_review_small":["https:\/\/www.radioactiva.com.pe\/blogs\/wp-content\/uploads\/2015\/05\/plan-concertado.jpg",65,49,false],"grandmagazine_blog_classic":["https:\/\/www.radioactiva.com.pe\/blogs\/wp-content\/uploads\/2015\/05\/plan-concertado.jpg",1024,768,false],"grandmagazine_blog":["https:\/\/www.radioactiva.com.pe\/blogs\/wp-content\/uploads\/2015\/05\/plan-concertado.jpg",600,450,false],"woocommerce_thumbnail":["https:\/\/www.radioactiva.com.pe\/blogs\/wp-content\/uploads\/2015\/05\/plan-concertado.jpg",300,225,false],"woocommerce_single":["https:\/\/www.radioactiva.com.pe\/blogs\/wp-content\/uploads\/2015\/05\/plan-concertado.jpg",600,450,false],"woocommerce_gallery_thumbnail":["https:\/\/www.radioactiva.com.pe\/blogs\/wp-content\/uploads\/2015\/05\/plan-concertado.jpg",100,75,false]},"author_info":{"display_name":"Radioactiva","author_link":"https:\/\/www.radioactiva.com.pe\/blogs\/author\/percytv"},"category_info":"<a href=\"https:\/\/www.radioactiva.com.pe\/blogs\/secciones\/destacamos\" rel=\"category tag\">Destacamos<\/a> <a href=\"https:\/\/www.radioactiva.com.pe\/blogs\/secciones\/ultimas-noticias\" rel=\"category tag\">Noticias<\/a>","tag_info":"Noticias","comment_count":0,"_links":{"self":[{"href":"https:\/\/www.radioactiva.com.pe\/blogs\/wp-json\/wp\/v2\/posts\/3911","targetHints":{"allow":["GET"]}}],"collection":[{"href":"https:\/\/www.radioactiva.com.pe\/blogs\/wp-json\/wp\/v2\/posts"}],"about":[{"href":"https:\/\/www.radioactiva.com.pe\/blogs\/wp-json\/wp\/v2\/types\/post"}],"author":[{"embeddable":true,"href":"https:\/\/www.radioactiva.com.pe\/blogs\/wp-json\/wp\/v2\/users\/3"}],"replies":[{"embeddable":true,"href":"https:\/\/www.radioactiva.com.pe\/blogs\/wp-json\/wp\/v2\/comments?post=3911"}],"version-history":[{"count":1,"href":"https:\/\/www.radioactiva.com.pe\/blogs\/wp-json\/wp\/v2\/posts\/3911\/revisions"}],"predecessor-version":[{"id":3913,"href":"https:\/\/www.radioactiva.com.pe\/blogs\/wp-json\/wp\/v2\/posts\/3911\/revisions\/3913"}],"wp:featuredmedia":[{"embeddable":true,"href":"https:\/\/www.radioactiva.com.pe\/blogs\/wp-json\/wp\/v2\/media\/3912"}],"wp:attachment":[{"href":"https:\/\/www.radioactiva.com.pe\/blogs\/wp-json\/wp\/v2\/media?parent=3911"}],"wp:term":[{"taxonomy":"category","embeddable":true,"href":"https:\/\/www.radioactiva.com.pe\/blogs\/wp-json\/wp\/v2\/categories?post=3911"},{"taxonomy":"post_tag","embeddable":true,"href":"https:\/\/www.radioactiva.com.pe\/blogs\/wp-json\/wp\/v2\/tags?post=3911"}],"curies":[{"name":"wp","href":"https:\/\/api.w.org\/{rel}","templated":true}]}}