{"id":3905,"date":"2015-05-22T07:08:33","date_gmt":"2015-05-22T12:08:33","guid":{"rendered":"http:\/\/www.radioactiva.com.pe\/blogs\/?p=3905"},"modified":"2015-05-22T07:08:33","modified_gmt":"2015-05-22T12:08:33","slug":"realizaron-lanzamiento-de-la-xx-semana-turistica-de-chachapoyas","status":"publish","type":"post","link":"https:\/\/www.radioactiva.com.pe\/blogs\/realizaron-lanzamiento-de-la-xx-semana-turistica-de-chachapoyas-noticia","title":{"rendered":"Realizaron lanzamiento de la XX semana tur\u00edstica  de Chachapoyas"},"content":{"rendered":"<p>Se realiz\u00f3 el lanzamiento oficial de la XX Semana Tur\u00edstica \u2013 Raymi Llaqta de los Chachapoyas; llamada la gran fiesta del pueblo, evento tradicional que se desarrolla anualmente la primera semana de junio y en el que pobladores de todas las comunidades campesinas y nativas llegan a la ciudad para hacer demostraciones de sus usos y costumbres.<!--more--><\/p>\n<p><a href=\"https:\/\/www.radioactiva.com.pe\/blogs\/wp-content\/uploads\/2015\/05\/Raymillacta-20152.jpg\"><img loading=\"lazy\" decoding=\"async\" class=\"alignleft size-medium wp-image-3904\" src=\"https:\/\/www.radioactiva.com.pe\/blogs\/wp-content\/uploads\/2015\/05\/Raymillacta-20152-300x200.jpg\" alt=\"Raymillacta 2015\" width=\"300\" height=\"200\" \/><\/a><\/p>\n<p>La ceremonia protocolar estuvo dirigida por el Vicegobernador Regional Carlos Navas del \u00c1guila, quien exhort\u00f3 a los ciudadanos amazonenses a vivir esta XX Semana Tur\u00edstica de los Chachapoyas en uni\u00f3n, fraternidad y de acoger al turista con cari\u00f1o y respeto como los amazonenses sabemos tratar.\u00a0 En dicho evento destac\u00f3 las riquezas de nuestra regi\u00f3n e invit\u00f3 a celebrar juntos esta fiesta cultural y construir una regi\u00f3n con identidad.<\/p>\n<p>El programa que ha sido organizado por la Direcci\u00f3n Regional de Comercio Exterior y Turismo CETUR que dirige Segundo Juan Mori Puerta, se inici\u00f3 en la plazuela de Burgos, con un colorido pasacalle y al son de una banda de m\u00fasicos que recorri\u00f3 las principales calles de la ciudad llegando a la Direcci\u00f3n Descentralizada del Instituto Nacional de Cultura, donde se realiz\u00f3 la ceremonia protocolar.<\/p>\n<p>Tambi\u00e9n participaron el representante de la Municipalidad Provincial de Chachapoyas, Rosa Vega y el Director de Cultura, Jos\u00e9 Trauco Ramos.<\/p>\n<p>El evento ser\u00e1 inaugurado el pr\u00f3ximo domingo 31 de mayo en la plaza mayor de Chachapoyas y se desarrollar\u00e1 hasta el domingo 7 de junio fecha en que se realiza el tradicional pasacalle folkl\u00f3rico y costumbrista el Raymillacta de los Chachapoyas.<\/p>\n","protected":false},"excerpt":{"rendered":"<p>Se realiz\u00f3 el lanzamiento oficial de la XX Semana Tur\u00edstica \u2013 Raymi Llaqta de los Chachapoyas; llamada la gran fiesta del pueblo, evento tradicional que se desarrolla anualmente la primera semana de junio y en el que pobladores de todas [&hellip;]<\/p>\n","protected":false},"author":3,"featured_media":3906,"comment_status":"open","ping_status":"open","sticky":false,"template":"","format":"standard","meta":{"footnotes":""},"categories":[29,5],"tags":[908],"class_list":["post-3905","post","type-post","status-publish","format-standard","has-post-thumbnail","hentry","category-destacamos","category-ultimas-noticias","tag-raymillacta-semana-turistica-amazonas"],"featured_image_urls":{"full":["https:\/\/www.radioactiva.com.pe\/blogs\/wp-content\/uploads\/2015\/05\/Raymillacta-20153.jpg",1024,684,false],"thumbnail":["https:\/\/www.radioactiva.com.pe\/blogs\/wp-content\/uploads\/2015\/05\/Raymillacta-20153-150x150.jpg",150,150,true],"medium":["https:\/\/www.radioactiva.com.pe\/blogs\/wp-content\/uploads\/2015\/05\/Raymillacta-20153-300x200.jpg",300,200,true],"medium_large":["https:\/\/www.radioactiva.com.pe\/blogs\/wp-content\/uploads\/2015\/05\/Raymillacta-20153-768x513.jpg",768,513,true],"large":["https:\/\/www.radioactiva.com.pe\/blogs\/wp-content\/uploads\/2015\/05\/Raymillacta-20153-1024x684.jpg",1024,684,true],"wpsimplegallery_admin_thumb":["https:\/\/www.radioactiva.com.pe\/blogs\/wp-content\/uploads\/2015\/05\/Raymillacta-20153.jpg",109,73,false],"wpsimplegallery_thumb":["https:\/\/www.radioactiva.com.pe\/blogs\/wp-content\/uploads\/2015\/05\/Raymillacta-20153.jpg",100,67,false],"1536x1536":["https:\/\/www.radioactiva.com.pe\/blogs\/wp-content\/uploads\/2015\/05\/Raymillacta-20153.jpg",1024,684,false],"2048x2048":["https:\/\/www.radioactiva.com.pe\/blogs\/wp-content\/uploads\/2015\/05\/Raymillacta-20153.jpg",1024,684,false],"wp_review_large":["https:\/\/www.radioactiva.com.pe\/blogs\/wp-content\/uploads\/2015\/05\/Raymillacta-20153.jpg",299,200,false],"wp_review_small":["https:\/\/www.radioactiva.com.pe\/blogs\/wp-content\/uploads\/2015\/05\/Raymillacta-20153.jpg",65,43,false],"grandmagazine_blog_classic":["https:\/\/www.radioactiva.com.pe\/blogs\/wp-content\/uploads\/2015\/05\/Raymillacta-20153.jpg",1024,684,false],"grandmagazine_blog":["https:\/\/www.radioactiva.com.pe\/blogs\/wp-content\/uploads\/2015\/05\/Raymillacta-20153.jpg",600,401,false],"woocommerce_thumbnail":["https:\/\/www.radioactiva.com.pe\/blogs\/wp-content\/uploads\/2015\/05\/Raymillacta-20153.jpg",300,200,false],"woocommerce_single":["https:\/\/www.radioactiva.com.pe\/blogs\/wp-content\/uploads\/2015\/05\/Raymillacta-20153.jpg",600,401,false],"woocommerce_gallery_thumbnail":["https:\/\/www.radioactiva.com.pe\/blogs\/wp-content\/uploads\/2015\/05\/Raymillacta-20153.jpg",100,67,false]},"author_info":{"display_name":"Radioactiva","author_link":"https:\/\/www.radioactiva.com.pe\/blogs\/author\/percytv"},"category_info":"<a href=\"https:\/\/www.radioactiva.com.pe\/blogs\/secciones\/destacamos\" rel=\"category tag\">Destacamos<\/a> <a href=\"https:\/\/www.radioactiva.com.pe\/blogs\/secciones\/ultimas-noticias\" rel=\"category tag\">Noticias<\/a>","tag_info":"Noticias","comment_count":0,"_links":{"self":[{"href":"https:\/\/www.radioactiva.com.pe\/blogs\/wp-json\/wp\/v2\/posts\/3905","targetHints":{"allow":["GET"]}}],"collection":[{"href":"https:\/\/www.radioactiva.com.pe\/blogs\/wp-json\/wp\/v2\/posts"}],"about":[{"href":"https:\/\/www.radioactiva.com.pe\/blogs\/wp-json\/wp\/v2\/types\/post"}],"author":[{"embeddable":true,"href":"https:\/\/www.radioactiva.com.pe\/blogs\/wp-json\/wp\/v2\/users\/3"}],"replies":[{"embeddable":true,"href":"https:\/\/www.radioactiva.com.pe\/blogs\/wp-json\/wp\/v2\/comments?post=3905"}],"version-history":[{"count":1,"href":"https:\/\/www.radioactiva.com.pe\/blogs\/wp-json\/wp\/v2\/posts\/3905\/revisions"}],"predecessor-version":[{"id":3907,"href":"https:\/\/www.radioactiva.com.pe\/blogs\/wp-json\/wp\/v2\/posts\/3905\/revisions\/3907"}],"wp:featuredmedia":[{"embeddable":true,"href":"https:\/\/www.radioactiva.com.pe\/blogs\/wp-json\/wp\/v2\/media\/3906"}],"wp:attachment":[{"href":"https:\/\/www.radioactiva.com.pe\/blogs\/wp-json\/wp\/v2\/media?parent=3905"}],"wp:term":[{"taxonomy":"category","embeddable":true,"href":"https:\/\/www.radioactiva.com.pe\/blogs\/wp-json\/wp\/v2\/categories?post=3905"},{"taxonomy":"post_tag","embeddable":true,"href":"https:\/\/www.radioactiva.com.pe\/blogs\/wp-json\/wp\/v2\/tags?post=3905"}],"curies":[{"name":"wp","href":"https:\/\/api.w.org\/{rel}","templated":true}]}}