{"id":3835,"date":"2014-11-06T20:51:30","date_gmt":"2014-11-07T01:51:30","guid":{"rendered":"http:\/\/www.radioactiva.com.pe\/blogs\/?p=3835"},"modified":"2014-11-06T20:51:30","modified_gmt":"2014-11-07T01:51:30","slug":"amazonas-para-el-peru-y-el-mundo-foro-de-promocion-turistica-y-comercial","status":"publish","type":"post","link":"https:\/\/www.radioactiva.com.pe\/blogs\/amazonas-para-el-peru-y-el-mundo-foro-de-promocion-turistica-y-comercial-noticia","title":{"rendered":"Amazonas para el Per\u00fa y el mundo: Foro de promoci\u00f3n tur\u00edstica y comercial"},"content":{"rendered":"<p><span lang=\"ES-PE\"><a href=\"https:\/\/www.radioactiva.com.pe\/blogs\/wp-content\/uploads\/2014\/11\/afiche.jpg\"><img loading=\"lazy\" decoding=\"async\" class=\"alignleft wp-image-3836 size-medium\" src=\"https:\/\/www.radioactiva.com.pe\/blogs\/wp-content\/uploads\/2014\/11\/afiche-254x300.jpg\" alt=\"afiche\" width=\"254\" height=\"300\" \/><\/a>El Gobierno Regional Amazonas organiza el \u201cPrimer Foro Inversi\u00f3n y Desarrollo: Amazonas para el Per\u00fa y el Mundo\u201d a realizarse en el Complejo de Innovaci\u00f3n Acad\u00e9mica de la Universidad Cat\u00f3lica del Per\u00fa en la ciudad de Lima, este 18 y 19 de noviembre.\u00a0 El evento servir\u00e1 para presentar al pa\u00eds nuestras potencialidades a fin de atraer inversiones.\u00a0 Tambi\u00e9n ayudar\u00e1 a comprender la realidad de nuestra econom\u00eda para fortalecer los v\u00ednculos entre Amazonas, el Gobierno y empresariado nacional, seg\u00fan inform\u00f3 el Presidente Regional, Jos\u00e9 Arista.<\/span><\/p>\n<p><span lang=\"ES-PE\">El evento, reunir\u00e1 a ministros de Estado, funcionarios y empresarios.\u00a0 Contar\u00e1 con la participaci\u00f3n de la Presidenta del Consejo de Ministros, Ana Jara Vel\u00e1squez; del Ministro de Econom\u00eda y Finanzas, Alonso Segura Vasi; del Ministro del Ambiente, Manuel Pulgar Vidal; Ministra de Comercio Exterior y Turismo, Magali Silva Velarde; Ministro de Energ\u00eda y Minas, Eleodoro Mayorga Alba; Ministro de Transportes y Comunicaciones, David Gallardo Ku; Ministro de la Producci\u00f3n, Piero Ghezzi Solis; Ex Ministro Pedro Pablo Kuczinsky; Rector de la Universidad Cat\u00f3lica, Marcial Rubio Correa, entre otras personalidades.<\/span><\/p>\n<p><span lang=\"ES-PE\">Entre los temas destacan la apreciaci\u00f3n del potencial de la regi\u00f3n Amazonas, propuestas y mecanismos para atraer inversiones, educaci\u00f3n y sistemas de investigaci\u00f3n, proyectos del sector transporte, proyectos p\u00fablicos y privados del sector energ\u00eda y minas, proyectos tur\u00edsticos, recursos naturales y medio ambiente, potencial forestal, agroindustrial y diversificaci\u00f3n productiva para Amazonas.<\/span><\/p>\n<p><span lang=\"ES-PE\">Al foro tambi\u00e9n ser\u00e1n invitadas las nuevas autoridades electas regionales y locales a fin de comprometerlos como pr\u00f3ximos responsables de los destinos de la regi\u00f3n para fortalecer este proceso innovador hacia el crecimiento y desarrollo.<\/span><\/p>\n","protected":false},"excerpt":{"rendered":"<p>El Gobierno Regional Amazonas organiza el \u201cPrimer Foro Inversi\u00f3n y Desarrollo: Amazonas para el Per\u00fa y el Mundo\u201d a realizarse en el Complejo de Innovaci\u00f3n Acad\u00e9mica de la Universidad Cat\u00f3lica del Per\u00fa en la ciudad de Lima, este 18 y [&hellip;]<\/p>\n","protected":false},"author":5,"featured_media":3836,"comment_status":"open","ping_status":"open","sticky":false,"template":"","format":"standard","meta":{"footnotes":""},"categories":[29,5],"tags":[75,893,18],"class_list":["post-3835","post","type-post","status-publish","format-standard","has-post-thumbnail","hentry","category-destacamos","category-ultimas-noticias","tag-amazonas","tag-foro","tag-turismo"],"featured_image_urls":{"full":["https:\/\/www.radioactiva.com.pe\/blogs\/wp-content\/uploads\/2014\/11\/afiche.jpg",705,831,false],"thumbnail":["https:\/\/www.radioactiva.com.pe\/blogs\/wp-content\/uploads\/2014\/11\/afiche-150x150.jpg",150,150,true],"medium":["https:\/\/www.radioactiva.com.pe\/blogs\/wp-content\/uploads\/2014\/11\/afiche-255x300.jpg",255,300,true],"medium_large":["https:\/\/www.radioactiva.com.pe\/blogs\/wp-content\/uploads\/2014\/11\/afiche.jpg",705,831,false],"large":["https:\/\/www.radioactiva.com.pe\/blogs\/wp-content\/uploads\/2014\/11\/afiche.jpg",705,831,false],"wpsimplegallery_admin_thumb":["https:\/\/www.radioactiva.com.pe\/blogs\/wp-content\/uploads\/2014\/11\/afiche.jpg",92,109,false],"wpsimplegallery_thumb":["https:\/\/www.radioactiva.com.pe\/blogs\/wp-content\/uploads\/2014\/11\/afiche.jpg",85,100,false],"1536x1536":["https:\/\/www.radioactiva.com.pe\/blogs\/wp-content\/uploads\/2014\/11\/afiche.jpg",705,831,false],"2048x2048":["https:\/\/www.radioactiva.com.pe\/blogs\/wp-content\/uploads\/2014\/11\/afiche.jpg",705,831,false],"wp_review_large":["https:\/\/www.radioactiva.com.pe\/blogs\/wp-content\/uploads\/2014\/11\/afiche.jpg",170,200,false],"wp_review_small":["https:\/\/www.radioactiva.com.pe\/blogs\/wp-content\/uploads\/2014\/11\/afiche.jpg",55,65,false],"grandmagazine_blog_classic":["https:\/\/www.radioactiva.com.pe\/blogs\/wp-content\/uploads\/2014\/11\/afiche.jpg",657,774,false],"grandmagazine_blog":["https:\/\/www.radioactiva.com.pe\/blogs\/wp-content\/uploads\/2014\/11\/afiche.jpg",385,454,false],"woocommerce_thumbnail":["https:\/\/www.radioactiva.com.pe\/blogs\/wp-content\/uploads\/2014\/11\/afiche.jpg",255,300,false],"woocommerce_single":["https:\/\/www.radioactiva.com.pe\/blogs\/wp-content\/uploads\/2014\/11\/afiche.jpg",600,707,false],"woocommerce_gallery_thumbnail":["https:\/\/www.radioactiva.com.pe\/blogs\/wp-content\/uploads\/2014\/11\/afiche.jpg",85,100,false]},"author_info":{"display_name":"carpoe","author_link":"https:\/\/www.radioactiva.com.pe\/blogs\/author\/carpoe"},"category_info":"<a href=\"https:\/\/www.radioactiva.com.pe\/blogs\/secciones\/destacamos\" rel=\"category tag\">Destacamos<\/a> <a href=\"https:\/\/www.radioactiva.com.pe\/blogs\/secciones\/ultimas-noticias\" rel=\"category tag\">Noticias<\/a>","tag_info":"Noticias","comment_count":0,"_links":{"self":[{"href":"https:\/\/www.radioactiva.com.pe\/blogs\/wp-json\/wp\/v2\/posts\/3835","targetHints":{"allow":["GET"]}}],"collection":[{"href":"https:\/\/www.radioactiva.com.pe\/blogs\/wp-json\/wp\/v2\/posts"}],"about":[{"href":"https:\/\/www.radioactiva.com.pe\/blogs\/wp-json\/wp\/v2\/types\/post"}],"author":[{"embeddable":true,"href":"https:\/\/www.radioactiva.com.pe\/blogs\/wp-json\/wp\/v2\/users\/5"}],"replies":[{"embeddable":true,"href":"https:\/\/www.radioactiva.com.pe\/blogs\/wp-json\/wp\/v2\/comments?post=3835"}],"version-history":[{"count":1,"href":"https:\/\/www.radioactiva.com.pe\/blogs\/wp-json\/wp\/v2\/posts\/3835\/revisions"}],"predecessor-version":[{"id":3837,"href":"https:\/\/www.radioactiva.com.pe\/blogs\/wp-json\/wp\/v2\/posts\/3835\/revisions\/3837"}],"wp:featuredmedia":[{"embeddable":true,"href":"https:\/\/www.radioactiva.com.pe\/blogs\/wp-json\/wp\/v2\/media\/3836"}],"wp:attachment":[{"href":"https:\/\/www.radioactiva.com.pe\/blogs\/wp-json\/wp\/v2\/media?parent=3835"}],"wp:term":[{"taxonomy":"category","embeddable":true,"href":"https:\/\/www.radioactiva.com.pe\/blogs\/wp-json\/wp\/v2\/categories?post=3835"},{"taxonomy":"post_tag","embeddable":true,"href":"https:\/\/www.radioactiva.com.pe\/blogs\/wp-json\/wp\/v2\/tags?post=3835"}],"curies":[{"name":"wp","href":"https:\/\/api.w.org\/{rel}","templated":true}]}}