{"id":3805,"date":"2014-09-22T16:44:26","date_gmt":"2014-09-22T21:44:26","guid":{"rendered":"http:\/\/www.radioactiva.com.pe\/blogs\/?p=3805"},"modified":"2014-09-22T16:44:26","modified_gmt":"2014-09-22T21:44:26","slug":"rescate-del-espeleologo-espanol-en-cueva-de-leimebamba-amazonas-requiere-de-paciencia-advirtio-la-pnp","status":"publish","type":"post","link":"https:\/\/www.radioactiva.com.pe\/blogs\/rescate-del-espeleologo-espanol-en-cueva-de-leimebamba-amazonas-requiere-de-paciencia-advirtio-la-pnp-noticia","title":{"rendered":"Rescate del espele\u00f3logo espa\u00f1ol en cueva de Leimebamba &#8211; Amazonas requiere de \u201cpaciencia\u201d, advirti\u00f3 la PNP"},"content":{"rendered":"<p>El rescate del espele\u00f3logo espa\u00f1ol <a href=\"http:\/\/www.larepublica.pe\/20-09-2014\/rescate-de-espeleologo-cecilio-lopez-tercero-se-retrasa-por-intensas-lluvias\" target=\"_blank\">Cecilio L\u00f3pez Tercero<\/a><strong> requiera \u201cpaciencia\u201d<\/strong>, inform\u00f3 el jefe policial a cargo del operativo. Por ahora <strong>permanece en buen estado tras sufrir el pasado jueves un accidente en una cueva <\/strong>de la regi\u00f3n Amazonas.<\/p>\n<p><!--more--><\/p>\n<p><a href=\"https:\/\/www.radioactiva.com.pe\/blogs\/wp-content\/uploads\/2014\/09\/rescate.png\"><img loading=\"lazy\" decoding=\"async\" class=\"alignleft size-full wp-image-3806\" src=\"https:\/\/www.radioactiva.com.pe\/blogs\/wp-content\/uploads\/2014\/09\/rescate.png\" alt=\"rescate\" width=\"299\" height=\"168\" \/><\/a>\u00abEst\u00e1 en una cueva a unos 400 metros de profundidad, estable en su salud, pero se requiere para sacarlo hacer todo un manejo profesional; esto se tiene que hacer con mucha paciencia\u00bb, declar\u00f3 el coronel de la <a href=\"http:\/\/www.larepublica.pe\/tag\/pnp\" target=\"_blank\">Polic\u00eda Nacional <\/a>Jorge Luis Calder\u00f3n Espinoza.<\/p>\n<p>A\u00f1adi\u00f3 que<strong> la cueva es \u00abh\u00fameda y oscura, con mucha agua\u00bb<\/strong>, pero que <strong>L\u00f3pez-Tercero est\u00e1 acompa\u00f1ado por un m\u00e9dico y otros expertos<\/strong> que le brindan alimentos.<\/p>\n<p>\u00abEl Estado peruano est\u00e1 dando todas las facilidades y queremos decirle a los familiares que no se preocupen, que va a haber un resultado positivo, y l\u00f3gicamente todas las acciones posteriores (al rescate) est\u00e1n previstas\u00bb, se\u00f1al\u00f3 el jefe policial.<\/p>\n<p>Fuentes diplom\u00e1ticas espa\u00f1olas confirmaron que el accidentado cuenta con asistencia m\u00e9dica y que un funcionario de su consulado tambi\u00e9n se encuentra en la zona.<\/p>\n<p>Calder\u00f3n Espinoza se\u00f1al\u00f3 que <strong>dos espele\u00f3logos peruanos y tres franceses est\u00e1n en el lugar<\/strong>, pero se ha determinado que para concretar el rescate \u00abse requiere tener una mayor cantidad de personas, porque se trata de un manejo bastante preciso y de cuidado\u00bb.<\/p>\n<p>La Polic\u00eda se ha encargado de dar \u00abla seguridad del caso\u00bb a los expertos y <strong>se ha puesto a disposici\u00f3n un avi\u00f3n, un helic\u00f3ptero y patrullas terrestres<\/strong>, a\u00f1adi\u00f3.<\/p>\n<p>El jefe policial indic\u00f3, sin embargo, que afrontan dificultades para el transporte en helic\u00f3ptero porque est\u00e1 lloviendo en la zona, por lo que tambi\u00e9n<strong> se ha decidido enviar personal de apoyo con equipos por v\u00eda terrestre<\/strong>, en una caminata que tarda unas 4 horas.<\/p>\n<p>\u00abEl tema no es complicado, sino delicado, hay que tener mucha paciencia\u00bb, agreg\u00f3 antes de informar que en el transcurso del d\u00eda deben llegar otros seis espele\u00f3logos espa\u00f1oles.<\/p>\n<p>Cecilio L\u00f3pez-Tercero permanece en la <strong>cueva Inti Machay,<\/strong> en el distrito selv\u00e1tico de Leymebamba, en la regi\u00f3n selv\u00e1tica de Amazonas, donde<strong> sufri\u00f3 el accidente mientras participaba en una expedici\u00f3n formada por nueve espele\u00f3logos <\/strong>de nacionalidades mexicana, francesa, italiana y espa\u00f1ola.<\/p>\n<p>L\u00f3pez-Tercero ha conseguido ser atendido por un m\u00e9dico peruano especialista en espeleolog\u00eda, quien ha indicado que tiene dos v\u00e9rtebras lesionadas en la zona lumbar, revel\u00f3 Carlos Novillo, uno de los coordinadores de la expedici\u00f3n. (EFE)<\/p>\n<p>Fuente: La rep\u00fablica.<\/p>\n","protected":false},"excerpt":{"rendered":"<p>El rescate del espele\u00f3logo espa\u00f1ol Cecilio L\u00f3pez Tercero requiera \u201cpaciencia\u201d, inform\u00f3 el jefe policial a cargo del operativo. Por ahora permanece en buen estado tras sufrir el pasado jueves un accidente en una cueva de la regi\u00f3n Amazonas.<\/p>\n","protected":false},"author":3,"featured_media":3806,"comment_status":"open","ping_status":"open","sticky":false,"template":"","format":"standard","meta":{"footnotes":""},"categories":[29,5],"tags":[],"class_list":["post-3805","post","type-post","status-publish","format-standard","has-post-thumbnail","hentry","category-destacamos","category-ultimas-noticias"],"featured_image_urls":{"full":["https:\/\/www.radioactiva.com.pe\/blogs\/wp-content\/uploads\/2014\/09\/rescate.png",299,168,false],"thumbnail":["https:\/\/www.radioactiva.com.pe\/blogs\/wp-content\/uploads\/2014\/09\/rescate-150x150.png",150,150,true],"medium":["https:\/\/www.radioactiva.com.pe\/blogs\/wp-content\/uploads\/2014\/09\/rescate.png",299,168,false],"medium_large":["https:\/\/www.radioactiva.com.pe\/blogs\/wp-content\/uploads\/2014\/09\/rescate.png",299,168,false],"large":["https:\/\/www.radioactiva.com.pe\/blogs\/wp-content\/uploads\/2014\/09\/rescate.png",299,168,false],"wpsimplegallery_admin_thumb":["https:\/\/www.radioactiva.com.pe\/blogs\/wp-content\/uploads\/2014\/09\/rescate.png",109,61,false],"wpsimplegallery_thumb":["https:\/\/www.radioactiva.com.pe\/blogs\/wp-content\/uploads\/2014\/09\/rescate.png",100,56,false],"1536x1536":["https:\/\/www.radioactiva.com.pe\/blogs\/wp-content\/uploads\/2014\/09\/rescate.png",299,168,false],"2048x2048":["https:\/\/www.radioactiva.com.pe\/blogs\/wp-content\/uploads\/2014\/09\/rescate.png",299,168,false],"wp_review_large":["https:\/\/www.radioactiva.com.pe\/blogs\/wp-content\/uploads\/2014\/09\/rescate.png",299,168,false],"wp_review_small":["https:\/\/www.radioactiva.com.pe\/blogs\/wp-content\/uploads\/2014\/09\/rescate.png",65,37,false],"grandmagazine_blog_classic":["https:\/\/www.radioactiva.com.pe\/blogs\/wp-content\/uploads\/2014\/09\/rescate.png",299,168,false],"grandmagazine_blog":["https:\/\/www.radioactiva.com.pe\/blogs\/wp-content\/uploads\/2014\/09\/rescate.png",299,168,false],"woocommerce_thumbnail":["https:\/\/www.radioactiva.com.pe\/blogs\/wp-content\/uploads\/2014\/09\/rescate.png",299,168,false],"woocommerce_single":["https:\/\/www.radioactiva.com.pe\/blogs\/wp-content\/uploads\/2014\/09\/rescate.png",299,168,false],"woocommerce_gallery_thumbnail":["https:\/\/www.radioactiva.com.pe\/blogs\/wp-content\/uploads\/2014\/09\/rescate.png",100,56,false]},"author_info":{"display_name":"Radioactiva","author_link":"https:\/\/www.radioactiva.com.pe\/blogs\/author\/percytv"},"category_info":"<a href=\"https:\/\/www.radioactiva.com.pe\/blogs\/secciones\/destacamos\" rel=\"category tag\">Destacamos<\/a> <a href=\"https:\/\/www.radioactiva.com.pe\/blogs\/secciones\/ultimas-noticias\" rel=\"category tag\">Noticias<\/a>","tag_info":"Noticias","comment_count":0,"_links":{"self":[{"href":"https:\/\/www.radioactiva.com.pe\/blogs\/wp-json\/wp\/v2\/posts\/3805","targetHints":{"allow":["GET"]}}],"collection":[{"href":"https:\/\/www.radioactiva.com.pe\/blogs\/wp-json\/wp\/v2\/posts"}],"about":[{"href":"https:\/\/www.radioactiva.com.pe\/blogs\/wp-json\/wp\/v2\/types\/post"}],"author":[{"embeddable":true,"href":"https:\/\/www.radioactiva.com.pe\/blogs\/wp-json\/wp\/v2\/users\/3"}],"replies":[{"embeddable":true,"href":"https:\/\/www.radioactiva.com.pe\/blogs\/wp-json\/wp\/v2\/comments?post=3805"}],"version-history":[{"count":1,"href":"https:\/\/www.radioactiva.com.pe\/blogs\/wp-json\/wp\/v2\/posts\/3805\/revisions"}],"predecessor-version":[{"id":3807,"href":"https:\/\/www.radioactiva.com.pe\/blogs\/wp-json\/wp\/v2\/posts\/3805\/revisions\/3807"}],"wp:featuredmedia":[{"embeddable":true,"href":"https:\/\/www.radioactiva.com.pe\/blogs\/wp-json\/wp\/v2\/media\/3806"}],"wp:attachment":[{"href":"https:\/\/www.radioactiva.com.pe\/blogs\/wp-json\/wp\/v2\/media?parent=3805"}],"wp:term":[{"taxonomy":"category","embeddable":true,"href":"https:\/\/www.radioactiva.com.pe\/blogs\/wp-json\/wp\/v2\/categories?post=3805"},{"taxonomy":"post_tag","embeddable":true,"href":"https:\/\/www.radioactiva.com.pe\/blogs\/wp-json\/wp\/v2\/tags?post=3805"}],"curies":[{"name":"wp","href":"https:\/\/api.w.org\/{rel}","templated":true}]}}