{"id":3721,"date":"2014-07-14T08:35:44","date_gmt":"2014-07-14T13:35:44","guid":{"rendered":"http:\/\/www.radioactiva.com.pe\/blogs\/?p=3721"},"modified":"2014-08-13T14:25:02","modified_gmt":"2014-08-13T19:25:02","slug":"mas-5-mil-personas-en-inauguracion-de-expoamazonica-2014","status":"publish","type":"post","link":"https:\/\/www.radioactiva.com.pe\/blogs\/mas-5-mil-personas-en-inauguracion-de-expoamazonica-2014-noticia","title":{"rendered":"M\u00e1s de 5 mil personas en la inauguraci\u00f3n de Expoamaz\u00f3nica 2014"},"content":{"rendered":"<p><a href=\"https:\/\/www.radioactiva.com.pe\/blogs\/wp-content\/uploads\/2014\/07\/expo-ok.jpg\"><img loading=\"lazy\" decoding=\"async\" class=\"alignleft size-medium wp-image-3722\" src=\"https:\/\/www.radioactiva.com.pe\/blogs\/wp-content\/uploads\/2014\/07\/expo-ok-300x200.jpg\" alt=\"expo-ok\" width=\"300\" height=\"200\" \/><\/a>En medio de gran expectativa y una multitudinaria concentraci\u00f3n de p\u00fablico, se inaugur\u00f3 la Expoamaz\u00f3nica 2014 en el estadio San Luis de Bagua Grande. \u00a0La ceremonia estuvo a cargo del Presidente Regional de Amazonas, Jos\u00e9 Arista Arbildo.<!--more--><\/p>\n<p>Asistieron el Presidente Regional de San Martin, Javier Ocampo Ruiz; Presidente Regional de Hu\u00e1nuco, Jhony Miraval Venturo; Vicepresidente de Ucayali, Carlos Henderson Lima; Representante del Presidente Regional de Loreto, Gral. Amador Barazorda Guti\u00e9rrez; el Director Ejecutivo de USAID, Ted Gher y autoridades locales.<\/p>\n<p>M\u00e1s de 5\u00a0mil personas abarrotaron las grader\u00edas del coloso de Bagua Grande que en todo momento ovacionaron la impecable organizaci\u00f3n de este megaevento que alberga a productores de las regiones amaz\u00f3nicas que llegaron para mostrar al mundo la mejor oferta productiva y emprender negocios sostenibles.<\/p>\n<p>El objetivo de Expoamaz\u00f3nica es promover la inversi\u00f3n privada y el turismo interno, facilitando oportunidades de negocios sostenibles en el tiempo para los productores, as\u00ed como el intercambio de experiencias comerciales.<\/p>\n<p>Expoamaz\u00f3nica 2014 se ha convertido en una ventana de oportunidades para mostrar al Per\u00fa y el mundo las potencialidades de las regiones Amaz\u00f3nicas, que ahora, gracias al trabajo conjunto desplegado a trav\u00e9s del Consejo Interregional Amaz\u00f3nico CIAM, como organismo promotor para fortalecer el sector productivo empresarial y elevar el PBI que en la actualidad est\u00e1 muy por debajo del promedio nacional.<\/p>\n<p>Tenemos mucho que ofrecer como las cadenas productivas de cacao, caf\u00e9 org\u00e1nico, granadilla, pi\u00f1a, pitahaya, pl\u00e1tano, l\u00e1cteos, miel de abeja, panela, trucha, cuyes, ganader\u00eda, artesan\u00eda, azucena, cereales, ma\u00edz, quinua, queso fresco, yogurt y licores de frutas nativas, pan chachapoyano, chorizo y cecina de Tarapoto, petr\u00f3leo de Loreto, camu camu, casta\u00f1as, entre otros. \u00a0Los r\u00edos de los andes amaz\u00f3nicos ofrecen enorme potencial hidroenerg\u00e9tico para dotar de energ\u00eda a todo el pa\u00eds.<\/p>\n\n\t\t<style type=\"text\/css\">\n\t\t\t#gallery-1 {\n\t\t\t\tmargin: auto;\n\t\t\t}\n\t\t\t#gallery-1 .gallery-item {\n\t\t\t\tfloat: left;\n\t\t\t\tmargin-top: 10px;\n\t\t\t\ttext-align: center;\n\t\t\t\twidth: 50%;\n\t\t\t}\n\t\t\t#gallery-1 img {\n\t\t\t\tborder: 2px solid #cfcfcf;\n\t\t\t}\n\t\t\t#gallery-1 .gallery-caption {\n\t\t\t\tmargin-left: 0;\n\t\t\t}\n\t\t\t\/* see gallery_shortcode() in wp-includes\/media.php *\/\n\t\t<\/style>\n\t\t<div id='gallery-1' class='gallery galleryid-3721 gallery-columns-2 gallery-size-thumbnail'><dl class='gallery-item'>\n\t\t\t<dt class='gallery-icon landscape'>\n\t\t\t\t<a href='https:\/\/www.radioactiva.com.pe\/blogs\/wp-content\/uploads\/2014\/07\/expo-ok4.jpg'><img loading=\"lazy\" decoding=\"async\" width=\"150\" height=\"150\" src=\"https:\/\/www.radioactiva.com.pe\/blogs\/wp-content\/uploads\/2014\/07\/expo-ok4-150x150.jpg\" class=\"attachment-thumbnail size-thumbnail\" alt=\"\" aria-describedby=\"gallery-1-3723\" \/><\/a>\n\t\t\t<\/dt>\n\t\t\t\t<dd class='wp-caption-text gallery-caption' id='gallery-1-3723'>\n\t\t\t\tExpoamaz\u00f3nica 2014\n\t\t\t\t<\/dd><\/dl><dl class='gallery-item'>\n\t\t\t<dt class='gallery-icon landscape'>\n\t\t\t\t<a href='https:\/\/www.radioactiva.com.pe\/blogs\/wp-content\/uploads\/2014\/07\/expo-ok1.jpg'><img loading=\"lazy\" decoding=\"async\" width=\"150\" height=\"150\" src=\"https:\/\/www.radioactiva.com.pe\/blogs\/wp-content\/uploads\/2014\/07\/expo-ok1-150x150.jpg\" class=\"attachment-thumbnail size-thumbnail\" alt=\"\" aria-describedby=\"gallery-1-3724\" \/><\/a>\n\t\t\t<\/dt>\n\t\t\t\t<dd class='wp-caption-text gallery-caption' id='gallery-1-3724'>\n\t\t\t\tExpoamaz\u00f3nica 2014\n\t\t\t\t<\/dd><\/dl><br style=\"clear: both\" \/><dl class='gallery-item'>\n\t\t\t<dt class='gallery-icon landscape'>\n\t\t\t\t<a href='https:\/\/www.radioactiva.com.pe\/blogs\/wp-content\/uploads\/2014\/07\/expo-ok2.jpg'><img loading=\"lazy\" decoding=\"async\" width=\"150\" height=\"150\" src=\"https:\/\/www.radioactiva.com.pe\/blogs\/wp-content\/uploads\/2014\/07\/expo-ok2-150x150.jpg\" class=\"attachment-thumbnail size-thumbnail\" alt=\"\" aria-describedby=\"gallery-1-3725\" \/><\/a>\n\t\t\t<\/dt>\n\t\t\t\t<dd class='wp-caption-text gallery-caption' id='gallery-1-3725'>\n\t\t\t\tExpoamaz\u00f3nica 2014\n\t\t\t\t<\/dd><\/dl><dl class='gallery-item'>\n\t\t\t<dt class='gallery-icon landscape'>\n\t\t\t\t<a href='https:\/\/www.radioactiva.com.pe\/blogs\/wp-content\/uploads\/2014\/07\/expo-ok3.jpg'><img loading=\"lazy\" decoding=\"async\" width=\"150\" height=\"150\" src=\"https:\/\/www.radioactiva.com.pe\/blogs\/wp-content\/uploads\/2014\/07\/expo-ok3-150x150.jpg\" class=\"attachment-thumbnail size-thumbnail\" alt=\"\" aria-describedby=\"gallery-1-3726\" \/><\/a>\n\t\t\t<\/dt>\n\t\t\t\t<dd class='wp-caption-text gallery-caption' id='gallery-1-3726'>\n\t\t\t\tExpoamaz\u00f3nica 2014\n\t\t\t\t<\/dd><\/dl><br style=\"clear: both\" \/>\n\t\t<\/div>\n\n","protected":false},"excerpt":{"rendered":"<p>En medio de gran expectativa y una multitudinaria concentraci\u00f3n de p\u00fablico, se inaugur\u00f3 la Expoamaz\u00f3nica 2014 en el estadio San Luis de Bagua Grande. \u00a0La ceremonia estuvo a cargo del Presidente Regional de Amazonas, Jos\u00e9 Arista Arbildo.<\/p>\n","protected":false},"author":5,"featured_media":3722,"comment_status":"open","ping_status":"open","sticky":false,"template":"","format":"standard","meta":{"footnotes":""},"categories":[29,5],"tags":[75,135,439,868],"class_list":["post-3721","post","type-post","status-publish","format-standard","has-post-thumbnail","hentry","category-destacamos","category-ultimas-noticias","tag-amazonas","tag-amazonas-chachapoyas","tag-bagua-grande","tag-expoamazonica-2014"],"featured_image_urls":{"full":["https:\/\/www.radioactiva.com.pe\/blogs\/wp-content\/uploads\/2014\/07\/expo-ok.jpg",768,512,false],"thumbnail":["https:\/\/www.radioactiva.com.pe\/blogs\/wp-content\/uploads\/2014\/07\/expo-ok-150x150.jpg",150,150,true],"medium":["https:\/\/www.radioactiva.com.pe\/blogs\/wp-content\/uploads\/2014\/07\/expo-ok-300x200.jpg",300,200,true],"medium_large":["https:\/\/www.radioactiva.com.pe\/blogs\/wp-content\/uploads\/2014\/07\/expo-ok-768x512.jpg",768,512,true],"large":["https:\/\/www.radioactiva.com.pe\/blogs\/wp-content\/uploads\/2014\/07\/expo-ok.jpg",768,512,false],"wpsimplegallery_admin_thumb":["https:\/\/www.radioactiva.com.pe\/blogs\/wp-content\/uploads\/2014\/07\/expo-ok.jpg",109,73,false],"wpsimplegallery_thumb":["https:\/\/www.radioactiva.com.pe\/blogs\/wp-content\/uploads\/2014\/07\/expo-ok.jpg",100,67,false],"1536x1536":["https:\/\/www.radioactiva.com.pe\/blogs\/wp-content\/uploads\/2014\/07\/expo-ok.jpg",768,512,false],"2048x2048":["https:\/\/www.radioactiva.com.pe\/blogs\/wp-content\/uploads\/2014\/07\/expo-ok.jpg",768,512,false],"wp_review_large":["https:\/\/www.radioactiva.com.pe\/blogs\/wp-content\/uploads\/2014\/07\/expo-ok.jpg",300,200,false],"wp_review_small":["https:\/\/www.radioactiva.com.pe\/blogs\/wp-content\/uploads\/2014\/07\/expo-ok.jpg",65,43,false],"grandmagazine_blog_classic":["https:\/\/www.radioactiva.com.pe\/blogs\/wp-content\/uploads\/2014\/07\/expo-ok.jpg",768,512,false],"grandmagazine_blog":["https:\/\/www.radioactiva.com.pe\/blogs\/wp-content\/uploads\/2014\/07\/expo-ok.jpg",600,400,false],"woocommerce_thumbnail":["https:\/\/www.radioactiva.com.pe\/blogs\/wp-content\/uploads\/2014\/07\/expo-ok.jpg",300,200,false],"woocommerce_single":["https:\/\/www.radioactiva.com.pe\/blogs\/wp-content\/uploads\/2014\/07\/expo-ok.jpg",600,400,false],"woocommerce_gallery_thumbnail":["https:\/\/www.radioactiva.com.pe\/blogs\/wp-content\/uploads\/2014\/07\/expo-ok.jpg",100,67,false]},"author_info":{"display_name":"carpoe","author_link":"https:\/\/www.radioactiva.com.pe\/blogs\/author\/carpoe"},"category_info":"<a href=\"https:\/\/www.radioactiva.com.pe\/blogs\/secciones\/destacamos\" rel=\"category tag\">Destacamos<\/a> <a href=\"https:\/\/www.radioactiva.com.pe\/blogs\/secciones\/ultimas-noticias\" rel=\"category tag\">Noticias<\/a>","tag_info":"Noticias","comment_count":0,"_links":{"self":[{"href":"https:\/\/www.radioactiva.com.pe\/blogs\/wp-json\/wp\/v2\/posts\/3721","targetHints":{"allow":["GET"]}}],"collection":[{"href":"https:\/\/www.radioactiva.com.pe\/blogs\/wp-json\/wp\/v2\/posts"}],"about":[{"href":"https:\/\/www.radioactiva.com.pe\/blogs\/wp-json\/wp\/v2\/types\/post"}],"author":[{"embeddable":true,"href":"https:\/\/www.radioactiva.com.pe\/blogs\/wp-json\/wp\/v2\/users\/5"}],"replies":[{"embeddable":true,"href":"https:\/\/www.radioactiva.com.pe\/blogs\/wp-json\/wp\/v2\/comments?post=3721"}],"version-history":[{"count":3,"href":"https:\/\/www.radioactiva.com.pe\/blogs\/wp-json\/wp\/v2\/posts\/3721\/revisions"}],"predecessor-version":[{"id":3749,"href":"https:\/\/www.radioactiva.com.pe\/blogs\/wp-json\/wp\/v2\/posts\/3721\/revisions\/3749"}],"wp:featuredmedia":[{"embeddable":true,"href":"https:\/\/www.radioactiva.com.pe\/blogs\/wp-json\/wp\/v2\/media\/3722"}],"wp:attachment":[{"href":"https:\/\/www.radioactiva.com.pe\/blogs\/wp-json\/wp\/v2\/media?parent=3721"}],"wp:term":[{"taxonomy":"category","embeddable":true,"href":"https:\/\/www.radioactiva.com.pe\/blogs\/wp-json\/wp\/v2\/categories?post=3721"},{"taxonomy":"post_tag","embeddable":true,"href":"https:\/\/www.radioactiva.com.pe\/blogs\/wp-json\/wp\/v2\/tags?post=3721"}],"curies":[{"name":"wp","href":"https:\/\/api.w.org\/{rel}","templated":true}]}}