{"id":348,"date":"2010-06-15T07:18:47","date_gmt":"2010-06-15T12:18:47","guid":{"rendered":"http:\/\/www.radioactiva.com.pe\/blogs\/?p=348"},"modified":"2010-07-01T15:03:09","modified_gmt":"2010-07-01T20:03:09","slug":"autorizan-transferencia-presupuestal-para-365-nuevas-plazas-de-contrato-de-docentes-en-amazonas","status":"publish","type":"post","link":"https:\/\/www.radioactiva.com.pe\/blogs\/autorizan-transferencia-presupuestal-para-365-nuevas-plazas-de-contrato-de-docentes-en-amazonas-noticia","title":{"rendered":"Autorizan transferencia presupuestal para 365 nuevas plazas en Amazonas."},"content":{"rendered":"<p>Mediante Decreto de Urgencia N\u00ba 040-2010, del 12 de junio del presente a\u00f1o, la Presidencia del Consejo de Ministros autoriz\u00f3 al Gobierno Regional de Amazonas la transferencia de partida por un monto de S\/. 2\u2019474,815 nuevos soles en el presupuesto del a\u00f1o fiscal 2010 para la contrataci\u00f3n de docentes de Educaci\u00f3n B\u00e1sica Regular.\u00a0 Con este monto se asegura el pago para 365 docentes que atender\u00e1n a m\u00e1s de catorce mil seiscientos estudiantes prioritariamente de la zona rural de las provincias de Utcubamba, Bagua, Luya, Chachapoyas, Rodr\u00edguez de Mendoza y Bongar\u00e1.<!--more--><\/p>\n<div id=\"attachment_349\" style=\"width: 160px\" class=\"wp-caption alignright\"><a class=\"highslide\" onclick=\"return vz.expand(this)\" href=\"https:\/\/www.radioactiva.com.pe\/blogs\/wp-content\/uploads\/2010\/06\/COLEGIO-EL-YESO.jpg\"><img loading=\"lazy\" decoding=\"async\" aria-describedby=\"caption-attachment-349\" class=\"size-thumbnail wp-image-349\" title=\"COLEGIO EL YESO\" src=\"https:\/\/www.radioactiva.com.pe\/blogs\/wp-content\/uploads\/2010\/06\/COLEGIO-EL-YESO-150x150.jpg\" alt=\"COLEGIO EL YESO\" width=\"150\" height=\"150\" \/><\/a><p id=\"caption-attachment-349\" class=\"wp-caption-text\">COLEGIO EL YESO<\/p><\/div>\n<p>Cabe indicar que la asignaci\u00f3n de estas 365 plazas docentes se suman a las 243 plazas biling\u00fces asignadas en el presente a\u00f1o a la provincia de Condorcanqui y las 205 plazas asignadas en el a\u00f1o 2007 (Chachapoyas: 83; Utcubamba: 86; y, Condorcanqui: 36), que en total suman 813 plazas, lo cual ha logrado coberturar el 80% de la necesidad de plazas en el \u00e1mbito regional.\u00a0\u00a0\u00a0<\/p>\n<p>Al respecto, el Ing. Oscar Altamirano Quispe, Presidente Regional de Amazonas se mostr\u00f3 muy complacido y dijo que \u201cmi gesti\u00f3n ha priorizado la educaci\u00f3n como un eje principal de desarrollo de nuestro departamento, all\u00ed est\u00e1n los proyectos de inversi\u00f3n p\u00fablica que estamos implementando en educaci\u00f3n y ahora con la asignaci\u00f3n presupuestal de estas plazas docentes, se culmina una gesti\u00f3n iniciada por mi gobierno el a\u00f1o 2007 a favor de la educaci\u00f3n, sobre todo de aquellos lugares mas lejanos de nuestra regi\u00f3n\u201d, por eso invoc\u00f3 a los maestros y maestras a \u201cponer todos sus esfuerzos en procurar mejorar los aprendizajes de los estudiantes\u201d, para asegurar elevar la calidad del servicio educativo.\u00a0\u00a0\u00a0<\/p>\n<p>Para hacer efectiva la distribuci\u00f3n de plazas en las indicadas provincias, el Presidente Oscar Altamirano Quispe, ha convocado en forma urgente a una reuni\u00f3n para el martes 15 de los corrientes a la Direcci\u00f3n Regional de Educaci\u00f3n y los Directores de UGEL de las indicadas provincias a fin de agilizar de manera inmediata la contrataci\u00f3n de los docentes.<\/p>\n<p>\u00a0FUENTE:RR.PP. GOBIERNO REGIONAL AMAZONAS.<\/p>\n","protected":false},"excerpt":{"rendered":"<p>Mediante Decreto de Urgencia N\u00ba 040-2010, del 12 de junio del presente a\u00f1o, la Presidencia del Consejo de Ministros autoriz\u00f3 al Gobierno Regional de Amazonas la transferencia de partida por un monto de S\/. 2\u2019474,815 nuevos soles en el presupuesto [&hellip;]<\/p>\n","protected":false},"author":3,"featured_media":0,"comment_status":"open","ping_status":"open","sticky":false,"template":"","format":"standard","meta":{"footnotes":""},"categories":[29,5],"tags":[75,85,87,86],"class_list":["post-348","post","type-post","status-publish","format-standard","hentry","category-destacamos","category-ultimas-noticias","tag-amazonas","tag-docentes","tag-gobierno-regional-amazonas","tag-plazas-vacantes"],"featured_image_urls":{"full":"","thumbnail":"","medium":"","medium_large":"","large":"","wpsimplegallery_admin_thumb":"","wpsimplegallery_thumb":"","1536x1536":"","2048x2048":"","wp_review_large":"","wp_review_small":"","grandmagazine_blog_classic":"","grandmagazine_blog":"","woocommerce_thumbnail":"","woocommerce_single":"","woocommerce_gallery_thumbnail":""},"author_info":{"display_name":"Radioactiva","author_link":"https:\/\/www.radioactiva.com.pe\/blogs\/author\/percytv"},"category_info":"<a href=\"https:\/\/www.radioactiva.com.pe\/blogs\/secciones\/destacamos\" rel=\"category tag\">Destacamos<\/a> <a href=\"https:\/\/www.radioactiva.com.pe\/blogs\/secciones\/ultimas-noticias\" rel=\"category tag\">Noticias<\/a>","tag_info":"Noticias","comment_count":0,"_links":{"self":[{"href":"https:\/\/www.radioactiva.com.pe\/blogs\/wp-json\/wp\/v2\/posts\/348","targetHints":{"allow":["GET"]}}],"collection":[{"href":"https:\/\/www.radioactiva.com.pe\/blogs\/wp-json\/wp\/v2\/posts"}],"about":[{"href":"https:\/\/www.radioactiva.com.pe\/blogs\/wp-json\/wp\/v2\/types\/post"}],"author":[{"embeddable":true,"href":"https:\/\/www.radioactiva.com.pe\/blogs\/wp-json\/wp\/v2\/users\/3"}],"replies":[{"embeddable":true,"href":"https:\/\/www.radioactiva.com.pe\/blogs\/wp-json\/wp\/v2\/comments?post=348"}],"version-history":[{"count":0,"href":"https:\/\/www.radioactiva.com.pe\/blogs\/wp-json\/wp\/v2\/posts\/348\/revisions"}],"wp:attachment":[{"href":"https:\/\/www.radioactiva.com.pe\/blogs\/wp-json\/wp\/v2\/media?parent=348"}],"wp:term":[{"taxonomy":"category","embeddable":true,"href":"https:\/\/www.radioactiva.com.pe\/blogs\/wp-json\/wp\/v2\/categories?post=348"},{"taxonomy":"post_tag","embeddable":true,"href":"https:\/\/www.radioactiva.com.pe\/blogs\/wp-json\/wp\/v2\/tags?post=348"}],"curies":[{"name":"wp","href":"https:\/\/api.w.org\/{rel}","templated":true}]}}