{"id":3343,"date":"2013-11-19T06:49:06","date_gmt":"2013-11-19T11:49:06","guid":{"rendered":"http:\/\/www.radioactiva.com.pe\/blogs\/?p=3343"},"modified":"2013-12-17T09:28:32","modified_gmt":"2013-12-17T14:28:32","slug":"programa-oficial-por-el-181o-aniversario-de-creacion-politica-del-departamento-de-amazonas","status":"publish","type":"post","link":"https:\/\/www.radioactiva.com.pe\/blogs\/programa-oficial-por-el-181o-aniversario-de-creacion-politica-del-departamento-de-amazonas-noticia","title":{"rendered":"Programa oficial por el 181\u00ba aniversario de creaci\u00f3n pol\u00edtica del departamento de Amazonas"},"content":{"rendered":"<p>Con diversas actividades c\u00edvicas, culturales, sociales, religiosas entre otras, el departamento de Amazonas\u00a0celebra sus 181 a\u00f1os de creaci\u00f3n pol\u00edtica el pr\u00f3ximo jueves 21 de noviembre.<\/p>\n<p>Aqu\u00ed la programaci\u00f3n:<\/p>\n<p><span style=\"text-decoration: underline;\">DEL 14 AL 20 DE NOVIEMBRE<\/span><b><\/b><\/p>\n<p><b>DIFUSI\u00d3N DE DOCUMENTALES TUR\u00cdSTICOS DE AMAZONAS<\/b><\/p>\n<p>Responsable: \u00a0\u00a0 Oficina de Comunicaciones y Relaciones P\u00fablicas<\/p>\n<p>Hora:\u00a0\u00a0\u00a0\u00a0\u00a0\u00a0\u00a0\u00a0\u00a0\u00a0\u00a0\u00a0\u00a0\u00a0\u00a0\u00a0\u00a0\u00a0\u00a0 9:40 p.m. TV GOBIERNO REGIONAL AMAZONAS CANAL 5<\/p>\n<p><span style=\"text-decoration: underline;\">VIERNES 15 DE NOVIEMBRE<\/span><\/p>\n<p><b>INAUGURACI\u00d3N DE LA MUESTRA DE ESCULTURA \u201cDESNUDOS\u201d<\/b><\/p>\n<p>Responsable:\u00a0\u00a0\u00a0 Escuela Superior de Bellas Artes Chachapoyas<\/p>\n<p>Hora:\u00a0\u00a0\u00a0\u00a0\u00a0\u00a0\u00a0\u00a0\u00a0\u00a0\u00a0\u00a0\u00a0\u00a0\u00a0\u00a0\u00a0\u00a0\u00a0 8:00 p.m.<\/p>\n<p>Lugar:\u00a0\u00a0\u00a0\u00a0\u00a0\u00a0\u00a0\u00a0\u00a0\u00a0\u00a0\u00a0\u00a0\u00a0\u00a0\u00a0\u00a0\u00a0 Galer\u00eda de Arte \u201cLuis Herrera Castro\u201d Escuela de Bellas Artes Chachapoyas<\/p>\n<p><span style=\"text-decoration: underline;\">S\u00c1BADO 16 DE NOVIEMBRE<\/span><\/p>\n<p><b>CAMPEONATO FULBITO INTERUNIDADES EJECUTORAS<\/b><\/p>\n<p>Responsable:\u00a0\u00a0\u00a0 Comisi\u00f3n de Deporte<\/p>\n<p>Hora:\u00a0\u00a0\u00a0\u00a0\u00a0\u00a0\u00a0\u00a0\u00a0\u00a0\u00a0\u00a0\u00a0\u00a0\u00a0\u00a0\u00a0\u00a0\u00a0 9:00 a.m.<\/p>\n<p>Lugar:\u00a0\u00a0\u00a0\u00a0\u00a0\u00a0\u00a0\u00a0\u00a0\u00a0\u00a0\u00a0\u00a0\u00a0\u00a0\u00a0\u00a0\u00a0 Recreo campestre \u201cLos Rosales\u201d<\/p>\n<p><span style=\"text-decoration: underline;\">DEL 18 AL 23 DE NOVIEMBRE<\/span><\/p>\n<p><b>ACTIVIDADES DE ANIVERSARIO DEL COLEGIO MAYOR \u201cJOS\u00c9 DEL CARMEN MAR\u00cdN\u201d<\/b><\/p>\n<p>Responsables:\u00a0 Colegio Mayor de Amazonas JCM<\/p>\n<p>Hora:\u00a0\u00a0\u00a0\u00a0\u00a0\u00a0\u00a0\u00a0\u00a0\u00a0\u00a0\u00a0\u00a0\u00a0\u00a0\u00a0\u00a0\u00a0\u00a0 8:00 a.m.<\/p>\n<p>Lugar:\u00a0\u00a0\u00a0\u00a0\u00a0\u00a0\u00a0\u00a0\u00a0\u00a0\u00a0\u00a0\u00a0\u00a0\u00a0\u00a0\u00a0\u00a0 Patio de Honor<\/p>\n<p><span style=\"text-decoration: underline;\">MARTES 19 DE NOVIEMBRE<\/span><\/p>\n<p><b>DIA DEL LOGRO<\/b><\/p>\n<p>Responsable:\u00a0\u00a0\u00a0 Direcci\u00f3n Regional de Educaci\u00f3n Amazonas<\/p>\n<p>Hora:\u00a0\u00a0\u00a0\u00a0\u00a0\u00a0\u00a0\u00a0\u00a0\u00a0\u00a0\u00a0\u00a0\u00a0\u00a0\u00a0\u00a0\u00a0\u00a0 9:00 a.m.<\/p>\n<p>Lugar:\u00a0\u00a0\u00a0\u00a0\u00a0\u00a0\u00a0\u00a0\u00a0\u00a0\u00a0\u00a0\u00a0\u00a0\u00a0\u00a0\u00a0\u00a0 Plaza Mayor y jir\u00f3n Amazonas<\/p>\n<p><b>FERIA DEL LIBRO <\/b><\/p>\n<p>Responsable:\u00a0\u00a0\u00a0 Universidad Nacional Toribio Rodr\u00edguez de Mendoza de Amazonas<\/p>\n<p>Hora:\u00a0\u00a0\u00a0\u00a0\u00a0\u00a0\u00a0\u00a0\u00a0\u00a0\u00a0\u00a0\u00a0\u00a0\u00a0\u00a0\u00a0\u00a0\u00a0 9:00 a.m.<\/p>\n<p>Lugar:\u00a0\u00a0\u00a0\u00a0\u00a0\u00a0\u00a0\u00a0\u00a0\u00a0\u00a0\u00a0\u00a0\u00a0\u00a0\u00a0\u00a0\u00a0 Campus Universitario<\/p>\n<p><b>PRESENTACI\u00d3N DEL LIBRO DE CUENTOS \u201cHISTORIAS DE ALMOHADA\u201d<\/b><\/p>\n<p>Responsable:\u00a0\u00a0\u00a0 DIRCETUR<\/p>\n<p>Hora:\u00a0\u00a0\u00a0\u00a0\u00a0\u00a0\u00a0\u00a0\u00a0\u00a0\u00a0\u00a0\u00a0\u00a0\u00a0\u00a0\u00a0\u00a0\u00a0 8:00 p.m.<\/p>\n<p>Lugar:\u00a0\u00a0\u00a0\u00a0\u00a0\u00a0\u00a0\u00a0\u00a0\u00a0\u00a0\u00a0\u00a0\u00a0\u00a0\u00a0\u00a0\u00a0 Auditorio Municipal Chachapoyas<\/p>\n<p><span style=\"text-decoration: underline;\">MI\u00c9RCOLES 20 DE NOVIEMBRE<\/span><\/p>\n<p><b>SERENATA A LA REGI\u00d3N AMAZONAS<\/b><\/p>\n<p>Responsable:\u00a0\u00a0\u00a0 DIRESA y DREA<\/p>\n<p>Hora:\u00a0\u00a0\u00a0\u00a0\u00a0\u00a0\u00a0\u00a0\u00a0\u00a0\u00a0\u00a0\u00a0\u00a0\u00a0\u00a0\u00a0\u00a0\u00a0 8:00 p.m.<\/p>\n<p>Lugar:\u00a0\u00a0\u00a0\u00a0\u00a0\u00a0\u00a0\u00a0\u00a0\u00a0\u00a0\u00a0\u00a0\u00a0\u00a0\u00a0\u00a0\u00a0 Plaza Mayor Chachapoyas<\/p>\n<p><span style=\"text-decoration: underline;\">DEL 21 AL 23 DE NOVIEMBRE<\/span><\/p>\n<p><b>XVIII JORNADA M\u00c9DICA EN EMERGENCIAS QUIR\u00daRGICAS<\/b><\/p>\n<p>Responsable:\u00a0\u00a0\u00a0 Cuerpo M\u00e9dico Hospital Regional Virgen de F\u00e1tima de Chachapoyas<\/p>\n<p>Hora:\u00a0\u00a0\u00a0\u00a0\u00a0\u00a0\u00a0\u00a0\u00a0\u00a0\u00a0\u00a0\u00a0\u00a0\u00a0\u00a0\u00a0\u00a0\u00a0 9:00 a.m.<\/p>\n<p>Lugar:\u00a0\u00a0\u00a0\u00a0\u00a0\u00a0\u00a0\u00a0\u00a0\u00a0\u00a0\u00a0\u00a0\u00a0\u00a0\u00a0\u00a0\u00a0 Auditorio del Colegio M\u00e9dico Amazonas<\/p>\n<p><span style=\"text-decoration: underline;\">JUEVES 21 DE NOVIEMBRE (D\u00eda Central)<\/span><\/p>\n<p><b>CEREMONIA C\u00cdVICA<\/b><\/p>\n<p>8:00 a.m.:\u00a0\u00a0\u00a0\u00a0\u00a0\u00a0\u00a0\u00a0\u00a0\u00a0\u00a0 Misa de Acci\u00f3n de Gracias en la Bas\u00edlica Catedral<\/p>\n<p>8:45 a.m.:\u00a0\u00a0\u00a0\u00a0\u00a0\u00a0\u00a0\u00a0\u00a0\u00a0\u00a0 Sesi\u00f3n Solemne en Auditorio ODEC<\/p>\n<p>9:30 a.m.:\u00a0\u00a0\u00a0\u00a0\u00a0\u00a0\u00a0\u00a0\u00a0\u00a0\u00a0 Procesi\u00f3n de la Bandera<\/p>\n<p>9:45 a.m.:\u00a0\u00a0\u00a0\u00a0\u00a0\u00a0\u00a0\u00a0\u00a0\u00a0\u00a0 Homenaje a los S\u00edmbolos Patrios, Plaza Mayor<\/p>\n<p>10:00 a.m.:\u00a0\u00a0\u00a0\u00a0\u00a0\u00a0\u00a0\u00a0 Discurso del Presidente Regional Amazonas, Jos\u00e9 Arista Arbildo<\/p>\n<p>10:15 a.m.:\u00a0\u00a0\u00a0\u00a0\u00a0\u00a0\u00a0\u00a0 Premiaci\u00f3n Concurso \u201cAs\u00ed es mi Tierra\u201d<\/p>\n<p>10:30 a.m.:\u00a0\u00a0\u00a0\u00a0\u00a0\u00a0\u00a0\u00a0 Desfile escolar escoltas secundarias, institucional y policial<\/p>\n<p><b>LANZAMIENTO DEL SAMU (Sistema de Atenci\u00f3n M\u00f3vil de Urgencias)<\/b><\/p>\n<p>Responsable:\u00a0\u00a0\u00a0 Direcci\u00f3n Regional de Salud Amazonas<\/p>\n<p>Hora:\u00a0\u00a0\u00a0\u00a0\u00a0\u00a0\u00a0\u00a0\u00a0\u00a0\u00a0\u00a0\u00a0\u00a0\u00a0\u00a0\u00a0\u00a0\u00a0 11:30 a.m.<\/p>\n<p>Lugar:\u00a0\u00a0\u00a0\u00a0\u00a0\u00a0\u00a0\u00a0\u00a0\u00a0\u00a0\u00a0\u00a0\u00a0\u00a0\u00a0\u00a0\u00a0 Plaza Mayor<\/p>\n<p><b>CAMPA\u00d1A DERECHO A LA IDENTIDADY RECONOCIMIENTO A LA PATERNIDAD<\/b><\/p>\n<p>Responsable:\u00a0\u00a0\u00a0 Defensa P\u00fablica<\/p>\n<p>Hora:\u00a0\u00a0\u00a0\u00a0\u00a0\u00a0\u00a0\u00a0\u00a0\u00a0\u00a0\u00a0\u00a0\u00a0\u00a0\u00a0\u00a0\u00a0\u00a0 9:00 a.m.<\/p>\n<p>Lugar:\u00a0\u00a0\u00a0\u00a0\u00a0\u00a0\u00a0\u00a0\u00a0\u00a0\u00a0\u00a0\u00a0\u00a0\u00a0\u00a0\u00a0\u00a0 Hospital Regional \u201cVirgen de F\u00e1tima\u201d Chachapoyas<\/p>\n<p><b>FERIA GASTRON\u00d3MICA, AGROINDUSTRIAL, ARTESAL Y TUR\u00cdSTICA<\/b><\/p>\n<p>Responsable:\u00a0\u00a0\u00a0 Direcciones Regionales: PRODUCCI\u00d3N, DIRCETUR Y AGRICULTURA<\/p>\n<p>Hora:\u00a0\u00a0\u00a0\u00a0\u00a0\u00a0\u00a0\u00a0\u00a0\u00a0\u00a0\u00a0\u00a0\u00a0\u00a0\u00a0\u00a0\u00a0\u00a0 12:00 m.<\/p>\n<p>Lugar:\u00a0\u00a0\u00a0\u00a0\u00a0\u00a0\u00a0\u00a0\u00a0\u00a0\u00a0\u00a0\u00a0\u00a0\u00a0\u00a0\u00a0\u00a0 I.E. Isabel Lynch de Rubio<\/p>\n<p><b>FINAL CAMPEONATO DE FULBITO INTERUNIDADES EJECUTORAS<\/b><\/p>\n<p>Responsables:\u00a0 Comisi\u00f3n de Deporte<\/p>\n<p>Hora:\u00a0\u00a0\u00a0\u00a0\u00a0\u00a0\u00a0\u00a0\u00a0\u00a0\u00a0\u00a0\u00a0\u00a0\u00a0\u00a0\u00a0\u00a0\u00a0 12:00 m.<\/p>\n<p>Lugar:\u00a0\u00a0\u00a0\u00a0\u00a0\u00a0\u00a0\u00a0\u00a0\u00a0\u00a0\u00a0\u00a0\u00a0\u00a0\u00a0\u00a0\u00a0 Recreo Campestre Los Rosales<\/p>\n<p><b>GRAN BAILE POPULAR DE CONFRATERNIDAD AMAZONENSE<\/b><\/p>\n<p>Responsable:\u00a0\u00a0\u00a0 PRODUCCIONES FAPH<\/p>\n<p>Hora:\u00a0\u00a0\u00a0\u00a0\u00a0\u00a0\u00a0\u00a0\u00a0\u00a0\u00a0\u00a0\u00a0\u00a0\u00a0\u00a0\u00a0\u00a0\u00a0 8:00 p.m.<\/p>\n<p>Lugar:\u00a0\u00a0\u00a0\u00a0\u00a0\u00a0\u00a0\u00a0\u00a0\u00a0\u00a0\u00a0\u00a0\u00a0\u00a0\u00a0\u00a0\u00a0 Plazuela de Burgos<\/p>\n<p>&nbsp;<\/p>\n<p>&nbsp;<\/p>\n<p>&nbsp;<\/p>\n","protected":false},"excerpt":{"rendered":"<p>Con diversas actividades c\u00edvicas, culturales, sociales, religiosas entre otras, el departamento de Amazonas\u00a0celebra sus 181 a\u00f1os de creaci\u00f3n pol\u00edtica el pr\u00f3ximo jueves 21 de noviembre. Aqu\u00ed la programaci\u00f3n: DEL 14 AL 20 DE NOVIEMBRE DIFUSI\u00d3N DE DOCUMENTALES TUR\u00cdSTICOS DE AMAZONAS [&hellip;]<\/p>\n","protected":false},"author":3,"featured_media":3344,"comment_status":"open","ping_status":"open","sticky":false,"template":"","format":"standard","meta":{"footnotes":""},"categories":[29,5],"tags":[75,193,778],"class_list":["post-3343","post","type-post","status-publish","format-standard","has-post-thumbnail","hentry","category-destacamos","category-ultimas-noticias","tag-amazonas","tag-aniversario","tag-departamento"],"featured_image_urls":{"full":["https:\/\/www.radioactiva.com.pe\/blogs\/wp-content\/uploads\/2013\/11\/escudo.png",210,240,false],"thumbnail":["https:\/\/www.radioactiva.com.pe\/blogs\/wp-content\/uploads\/2013\/11\/escudo-150x150.png",150,150,true],"medium":["https:\/\/www.radioactiva.com.pe\/blogs\/wp-content\/uploads\/2013\/11\/escudo.png",210,240,false],"medium_large":["https:\/\/www.radioactiva.com.pe\/blogs\/wp-content\/uploads\/2013\/11\/escudo.png",210,240,false],"large":["https:\/\/www.radioactiva.com.pe\/blogs\/wp-content\/uploads\/2013\/11\/escudo.png",210,240,false],"wpsimplegallery_admin_thumb":["https:\/\/www.radioactiva.com.pe\/blogs\/wp-content\/uploads\/2013\/11\/escudo.png",95,109,false],"wpsimplegallery_thumb":["https:\/\/www.radioactiva.com.pe\/blogs\/wp-content\/uploads\/2013\/11\/escudo.png",88,100,false],"1536x1536":["https:\/\/www.radioactiva.com.pe\/blogs\/wp-content\/uploads\/2013\/11\/escudo.png",210,240,false],"2048x2048":["https:\/\/www.radioactiva.com.pe\/blogs\/wp-content\/uploads\/2013\/11\/escudo.png",210,240,false],"wp_review_large":["https:\/\/www.radioactiva.com.pe\/blogs\/wp-content\/uploads\/2013\/11\/escudo.png",175,200,false],"wp_review_small":["https:\/\/www.radioactiva.com.pe\/blogs\/wp-content\/uploads\/2013\/11\/escudo.png",57,65,false],"grandmagazine_blog_classic":["https:\/\/www.radioactiva.com.pe\/blogs\/wp-content\/uploads\/2013\/11\/escudo.png",210,240,false],"grandmagazine_blog":["https:\/\/www.radioactiva.com.pe\/blogs\/wp-content\/uploads\/2013\/11\/escudo.png",210,240,false],"woocommerce_thumbnail":["https:\/\/www.radioactiva.com.pe\/blogs\/wp-content\/uploads\/2013\/11\/escudo.png",210,240,false],"woocommerce_single":["https:\/\/www.radioactiva.com.pe\/blogs\/wp-content\/uploads\/2013\/11\/escudo.png",210,240,false],"woocommerce_gallery_thumbnail":["https:\/\/www.radioactiva.com.pe\/blogs\/wp-content\/uploads\/2013\/11\/escudo.png",88,100,false]},"author_info":{"display_name":"Radioactiva","author_link":"https:\/\/www.radioactiva.com.pe\/blogs\/author\/percytv"},"category_info":"<a href=\"https:\/\/www.radioactiva.com.pe\/blogs\/secciones\/destacamos\" rel=\"category tag\">Destacamos<\/a> <a href=\"https:\/\/www.radioactiva.com.pe\/blogs\/secciones\/ultimas-noticias\" rel=\"category tag\">Noticias<\/a>","tag_info":"Noticias","comment_count":0,"_links":{"self":[{"href":"https:\/\/www.radioactiva.com.pe\/blogs\/wp-json\/wp\/v2\/posts\/3343","targetHints":{"allow":["GET"]}}],"collection":[{"href":"https:\/\/www.radioactiva.com.pe\/blogs\/wp-json\/wp\/v2\/posts"}],"about":[{"href":"https:\/\/www.radioactiva.com.pe\/blogs\/wp-json\/wp\/v2\/types\/post"}],"author":[{"embeddable":true,"href":"https:\/\/www.radioactiva.com.pe\/blogs\/wp-json\/wp\/v2\/users\/3"}],"replies":[{"embeddable":true,"href":"https:\/\/www.radioactiva.com.pe\/blogs\/wp-json\/wp\/v2\/comments?post=3343"}],"version-history":[{"count":1,"href":"https:\/\/www.radioactiva.com.pe\/blogs\/wp-json\/wp\/v2\/posts\/3343\/revisions"}],"predecessor-version":[{"id":3345,"href":"https:\/\/www.radioactiva.com.pe\/blogs\/wp-json\/wp\/v2\/posts\/3343\/revisions\/3345"}],"wp:featuredmedia":[{"embeddable":true,"href":"https:\/\/www.radioactiva.com.pe\/blogs\/wp-json\/wp\/v2\/media\/3344"}],"wp:attachment":[{"href":"https:\/\/www.radioactiva.com.pe\/blogs\/wp-json\/wp\/v2\/media?parent=3343"}],"wp:term":[{"taxonomy":"category","embeddable":true,"href":"https:\/\/www.radioactiva.com.pe\/blogs\/wp-json\/wp\/v2\/categories?post=3343"},{"taxonomy":"post_tag","embeddable":true,"href":"https:\/\/www.radioactiva.com.pe\/blogs\/wp-json\/wp\/v2\/tags?post=3343"}],"curies":[{"name":"wp","href":"https:\/\/api.w.org\/{rel}","templated":true}]}}