{"id":3262,"date":"2013-10-09T07:29:51","date_gmt":"2013-10-09T12:29:51","guid":{"rendered":"http:\/\/www.radioactiva.com.pe\/blogs\/?p=3262"},"modified":"2013-10-09T12:11:08","modified_gmt":"2013-10-09T17:11:08","slug":"fallecio-eduardo-pelaez-bardales-ex-congresista-por-amazonas","status":"publish","type":"post","link":"https:\/\/www.radioactiva.com.pe\/blogs\/fallecio-eduardo-pelaez-bardales-ex-congresista-por-amazonas-noticia","title":{"rendered":"Falleci\u00f3 Eduardo Pel\u00e1ez Bardales, ex congresista por Amazonas."},"content":{"rendered":"<p>EL lunes 7 de octubre de 2013 a las 6:00 horas aproximadamente, v\u00edctima de un paro card\u00edaco, falleci\u00f3 Eduardo Pel\u00e1ez Bardales, a los 65 a\u00f1os de edad, \u00a0hermano del titular del Ministerio P\u00fablico, Jos\u00e9 Pel\u00e1ez Bardales, y que fue congresista por el Partido Aprista Peruano en el \u00faltimo per\u00edodo legislativo.<\/p>\n<p><!--more--><\/p>\n<p><a href=\"https:\/\/www.radioactiva.com.pe\/blogs\/wp-content\/uploads\/2013\/10\/eduardo-pelaez-bardales.jpg\"><img loading=\"lazy\" decoding=\"async\" class=\"alignleft size-medium wp-image-3263\" alt=\"eduardo-pelaez-bardales\" src=\"https:\/\/www.radioactiva.com.pe\/blogs\/wp-content\/uploads\/2013\/10\/eduardo-pelaez-bardales-300x180.jpg\" width=\"300\" height=\"180\" \/><\/a>Seg\u00fan las primeras informaciones, Pel\u00e1ez Bardales de 65 a\u00f1os sufri\u00f3 un paro cardiaco cuando descansaba en su fundo de Achamaqui, a treinta minutos de la ciudad de Chachapoyas, capital de la regi\u00f3n Amazonas.<\/p>\n<p>M\u00e9dico de profesi\u00f3n, Pel\u00e1ez Bardales, fue diputado por Amazonas en los periodos \u00a0\u00a01980-1985, 1985-1990 y particip\u00f3 en las elecciones generales del 2006 como candidato al Congreso por Amazonas. El galeno no alcanz\u00f3 una curul por escasos votos, aunque fue el accesitario del APRA por esta regi\u00f3n.<\/p>\n<p>En septiembre del 2008, falleci\u00f3 la legisladora Fabiola Salazar en un accidente vehicular, pasando a ocupar su lugar en el Poder Legislativo como primer accesitario.<\/p>\n<p>Se desempe\u00f1\u00f3 como presidente del Comit\u00e9 de reconstrucci\u00f3n de la Catedral Colonial de Chachapoyas (2005-2007) y fue Presidente de Pro Amazonas.<\/p>\n<p>Junto a su hermano Mario Gabriel Pel\u00e1ez, fund\u00f3 el\u00a0 Instituto Tecnol\u00f3gico Peruano Alem\u00e1n (IPAL). Ambos hermanos crearon la Universidad de la Amazon\u00eda Mario Pel\u00e1ez Baz\u00e1n (UPB), en honor a su padre.<\/p>\n<p>Ayer martes, La Municipalidad de Chachapoyas rindi\u00f3 un homenaje p\u00f3stumo a Eduardo Pel\u00e1ez Bardales, posteriormente, seg\u00fan se ha informado, su cad\u00e1ver fue trasladado a Lima donde recibir\u00e1 tambi\u00e9n los homenajes correspondientes de su familia, amigos, pol\u00edticos y ex autoridades entre otros.<\/p>\n","protected":false},"excerpt":{"rendered":"<p>EL lunes 7 de octubre de 2013 a las 6:00 horas aproximadamente, v\u00edctima de un paro card\u00edaco, falleci\u00f3 Eduardo Pel\u00e1ez Bardales, a los 65 a\u00f1os de edad, \u00a0hermano del titular del Ministerio P\u00fablico, Jos\u00e9 Pel\u00e1ez Bardales, y que fue congresista [&hellip;]<\/p>\n","protected":false},"author":3,"featured_media":3263,"comment_status":"open","ping_status":"open","sticky":false,"template":"","format":"standard","meta":{"footnotes":""},"categories":[29,5],"tags":[75,757,758],"class_list":["post-3262","post","type-post","status-publish","format-standard","has-post-thumbnail","hentry","category-destacamos","category-ultimas-noticias","tag-amazonas","tag-eduardo-pelaez-bardales","tag-ex-congresista"],"featured_image_urls":{"full":["https:\/\/www.radioactiva.com.pe\/blogs\/wp-content\/uploads\/2013\/10\/eduardo-pelaez-bardales.jpg",640,384,false],"thumbnail":["https:\/\/www.radioactiva.com.pe\/blogs\/wp-content\/uploads\/2013\/10\/eduardo-pelaez-bardales-150x150.jpg",150,150,true],"medium":["https:\/\/www.radioactiva.com.pe\/blogs\/wp-content\/uploads\/2013\/10\/eduardo-pelaez-bardales-300x180.jpg",300,180,true],"medium_large":["https:\/\/www.radioactiva.com.pe\/blogs\/wp-content\/uploads\/2013\/10\/eduardo-pelaez-bardales.jpg",640,384,false],"large":["https:\/\/www.radioactiva.com.pe\/blogs\/wp-content\/uploads\/2013\/10\/eduardo-pelaez-bardales.jpg",640,384,false],"wpsimplegallery_admin_thumb":["https:\/\/www.radioactiva.com.pe\/blogs\/wp-content\/uploads\/2013\/10\/eduardo-pelaez-bardales.jpg",109,65,false],"wpsimplegallery_thumb":["https:\/\/www.radioactiva.com.pe\/blogs\/wp-content\/uploads\/2013\/10\/eduardo-pelaez-bardales.jpg",100,60,false],"1536x1536":["https:\/\/www.radioactiva.com.pe\/blogs\/wp-content\/uploads\/2013\/10\/eduardo-pelaez-bardales.jpg",640,384,false],"2048x2048":["https:\/\/www.radioactiva.com.pe\/blogs\/wp-content\/uploads\/2013\/10\/eduardo-pelaez-bardales.jpg",640,384,false],"wp_review_large":["https:\/\/www.radioactiva.com.pe\/blogs\/wp-content\/uploads\/2013\/10\/eduardo-pelaez-bardales.jpg",320,192,false],"wp_review_small":["https:\/\/www.radioactiva.com.pe\/blogs\/wp-content\/uploads\/2013\/10\/eduardo-pelaez-bardales.jpg",65,39,false],"grandmagazine_blog_classic":["https:\/\/www.radioactiva.com.pe\/blogs\/wp-content\/uploads\/2013\/10\/eduardo-pelaez-bardales.jpg",640,384,false],"grandmagazine_blog":["https:\/\/www.radioactiva.com.pe\/blogs\/wp-content\/uploads\/2013\/10\/eduardo-pelaez-bardales.jpg",600,360,false],"woocommerce_thumbnail":["https:\/\/www.radioactiva.com.pe\/blogs\/wp-content\/uploads\/2013\/10\/eduardo-pelaez-bardales.jpg",300,180,false],"woocommerce_single":["https:\/\/www.radioactiva.com.pe\/blogs\/wp-content\/uploads\/2013\/10\/eduardo-pelaez-bardales.jpg",600,360,false],"woocommerce_gallery_thumbnail":["https:\/\/www.radioactiva.com.pe\/blogs\/wp-content\/uploads\/2013\/10\/eduardo-pelaez-bardales.jpg",100,60,false]},"author_info":{"display_name":"Radioactiva","author_link":"https:\/\/www.radioactiva.com.pe\/blogs\/author\/percytv"},"category_info":"<a href=\"https:\/\/www.radioactiva.com.pe\/blogs\/secciones\/destacamos\" rel=\"category tag\">Destacamos<\/a> <a href=\"https:\/\/www.radioactiva.com.pe\/blogs\/secciones\/ultimas-noticias\" rel=\"category tag\">Noticias<\/a>","tag_info":"Noticias","comment_count":0,"_links":{"self":[{"href":"https:\/\/www.radioactiva.com.pe\/blogs\/wp-json\/wp\/v2\/posts\/3262","targetHints":{"allow":["GET"]}}],"collection":[{"href":"https:\/\/www.radioactiva.com.pe\/blogs\/wp-json\/wp\/v2\/posts"}],"about":[{"href":"https:\/\/www.radioactiva.com.pe\/blogs\/wp-json\/wp\/v2\/types\/post"}],"author":[{"embeddable":true,"href":"https:\/\/www.radioactiva.com.pe\/blogs\/wp-json\/wp\/v2\/users\/3"}],"replies":[{"embeddable":true,"href":"https:\/\/www.radioactiva.com.pe\/blogs\/wp-json\/wp\/v2\/comments?post=3262"}],"version-history":[{"count":0,"href":"https:\/\/www.radioactiva.com.pe\/blogs\/wp-json\/wp\/v2\/posts\/3262\/revisions"}],"wp:featuredmedia":[{"embeddable":true,"href":"https:\/\/www.radioactiva.com.pe\/blogs\/wp-json\/wp\/v2\/media\/3263"}],"wp:attachment":[{"href":"https:\/\/www.radioactiva.com.pe\/blogs\/wp-json\/wp\/v2\/media?parent=3262"}],"wp:term":[{"taxonomy":"category","embeddable":true,"href":"https:\/\/www.radioactiva.com.pe\/blogs\/wp-json\/wp\/v2\/categories?post=3262"},{"taxonomy":"post_tag","embeddable":true,"href":"https:\/\/www.radioactiva.com.pe\/blogs\/wp-json\/wp\/v2\/tags?post=3262"}],"curies":[{"name":"wp","href":"https:\/\/api.w.org\/{rel}","templated":true}]}}