{"id":3135,"date":"2013-08-20T08:00:09","date_gmt":"2013-08-20T13:00:09","guid":{"rendered":"http:\/\/www.radioactiva.com.pe\/blogs\/?p=3135"},"modified":"2013-09-24T21:31:19","modified_gmt":"2013-09-25T02:31:19","slug":"ministro-merino-entrego-computadoras-a-colegio-mayor-de-amazonas","status":"publish","type":"post","link":"https:\/\/www.radioactiva.com.pe\/blogs\/ministro-merino-entrego-computadoras-a-colegio-mayor-de-amazonas-noticia","title":{"rendered":"Ministro Merino entreg\u00f3 computadoras a Colegio Mayor de Amazonas"},"content":{"rendered":"<p>El Colegio Mayor de Amazonas, \u201cJos\u00e9 del Carmen Mar\u00edn\u201d, recibi\u00f3 en calidad de donaci\u00f3n 30 computadoras con sus respectivos m\u00f3dulos y un lote de libros de diversos t\u00edtulos y autores de parte del Ministro de Energ\u00eda y Minas, Jorge Merino Tafur, en respuesta al pedido de los estudiantes realizado durante una visita anterior por invitaci\u00f3n del Presidente Regional de Amazonas, Jos\u00e9 Arista Arbildo.<!--more--><\/p>\n<p><a href=\"https:\/\/www.radioactiva.com.pe\/blogs\/wp-content\/uploads\/2013\/08\/ministro-de-energia.jpg\"><img loading=\"lazy\" decoding=\"async\" class=\"alignleft size-medium wp-image-3136\" alt=\"SONY DSC\" src=\"https:\/\/www.radioactiva.com.pe\/blogs\/wp-content\/uploads\/2013\/08\/ministro-de-energia-300x200.jpg\" width=\"300\" height=\"200\" \/><\/a><\/p>\n<p>Merino Tafur, destac\u00f3 la creaci\u00f3n del Colegio Mayor y felicit\u00f3 al Presidente Regional de Amazonas, por su voluntad pol\u00edtica de apostar por la educaci\u00f3n en sus diferentes aspectos que est\u00e1n dando resultados positivos.\u00a0 Record\u00f3 tambi\u00e9n la figura de Jos\u00e9 del Carmen Mar\u00edn un personaje amazonense preclaro de gran trayectoria al servicio de la educaci\u00f3n y fundador del Centro de Altos Estudios Militares del Ej\u00e9rcito Peruano, cuyo ejemplo deben seguir los estudiantes.<\/p>\n<p>Exhort\u00f3 a los j\u00f3venes m\u00e1ximo esfuerzo en sus estudios a fin cumplir sus metas.\u00a0 \u201cQue de este colegio mayor salgan grandes profesionales al servicio de nuestra regi\u00f3n, del pa\u00eds y del mundo\u201d, expres\u00f3 Merino Tafur.<\/p>\n<p>Manifest\u00f3 tambi\u00e9n que para ser m\u00e1s competitivos debemos interconectarnos con la tecnolog\u00eda con programas de estudio modernos, por ello es importante apoyarles con este tipo de equipos y bibliograf\u00eda para fortalecer los niveles de aprendizaje.<\/p>\n<p>Por su parte el Presidente Regional de Amazonas, agradeci\u00f3 al titular de Energ\u00eda y Minas por esta muestra de cari\u00f1o y desprendimiento que sin duda va a contribuir a desarrollar a\u00fan m\u00e1s la calidad de la educaci\u00f3n en este plantel.<\/p>\n<p>\u201cSi los estudiantes logran ingresar a las mejores universidades a carreras profesionales que realmente propicien el desarrollo de nuestra regi\u00f3n, estamos dispuestos a solventar los gastos mediante becas\u201d enfatiz\u00f3 Jos\u00e9 Arista.<\/p>\n<p>Se\u00f1al\u00f3 tambi\u00e9n que la inversi\u00f3n que se realiza en el Colegio Mayor es altamente rentable para la regi\u00f3n y el pa\u00eds cuyos frutos se podr\u00e1n apreciar en un futuro pr\u00f3ximo, pues como en los pa\u00edses desarrollados la mayor parte de sus ingresos es producto de sus grandes conocimientos.<\/p>\n<p>La ceremonia tambi\u00e9n cont\u00f3 con la presencia del Comandante General de la Sexta Brigada de Selva El Milagro, General de Brigada EP, V\u00edctor Tenorio Garc\u00eda; del Alcalde Provincial de Chachapoyas, Di\u00f3genes Zavaleta Tenorio; de la Gerente de Electro Oriente, estudiantes, docentes y padres de familia.<\/p>\n<p>Fuente: RR.PP GRA<\/p>\n<p>&nbsp;<\/p>\n","protected":false},"excerpt":{"rendered":"<p>El Colegio Mayor de Amazonas, \u201cJos\u00e9 del Carmen Mar\u00edn\u201d, recibi\u00f3 en calidad de donaci\u00f3n 30 computadoras con sus respectivos m\u00f3dulos y un lote de libros de diversos t\u00edtulos y autores de parte del Ministro de Energ\u00eda y Minas, Jorge Merino [&hellip;]<\/p>\n","protected":false},"author":3,"featured_media":3136,"comment_status":"open","ping_status":"open","sticky":false,"template":"","format":"standard","meta":{"footnotes":""},"categories":[29,5],"tags":[726,396,725,400],"class_list":["post-3135","post","type-post","status-publish","format-standard","has-post-thumbnail","hentry","category-destacamos","category-ultimas-noticias","tag-colegio-mayor","tag-computadoras","tag-energia-y-minas","tag-ministro"],"featured_image_urls":{"full":["https:\/\/www.radioactiva.com.pe\/blogs\/wp-content\/uploads\/2013\/08\/ministro-de-energia.jpg",768,513,false],"thumbnail":["https:\/\/www.radioactiva.com.pe\/blogs\/wp-content\/uploads\/2013\/08\/ministro-de-energia-150x150.jpg",150,150,true],"medium":["https:\/\/www.radioactiva.com.pe\/blogs\/wp-content\/uploads\/2013\/08\/ministro-de-energia-300x200.jpg",300,200,true],"medium_large":["https:\/\/www.radioactiva.com.pe\/blogs\/wp-content\/uploads\/2013\/08\/ministro-de-energia-768x513.jpg",768,513,true],"large":["https:\/\/www.radioactiva.com.pe\/blogs\/wp-content\/uploads\/2013\/08\/ministro-de-energia.jpg",768,513,false],"wpsimplegallery_admin_thumb":["https:\/\/www.radioactiva.com.pe\/blogs\/wp-content\/uploads\/2013\/08\/ministro-de-energia.jpg",109,73,false],"wpsimplegallery_thumb":["https:\/\/www.radioactiva.com.pe\/blogs\/wp-content\/uploads\/2013\/08\/ministro-de-energia.jpg",100,67,false],"1536x1536":["https:\/\/www.radioactiva.com.pe\/blogs\/wp-content\/uploads\/2013\/08\/ministro-de-energia.jpg",768,513,false],"2048x2048":["https:\/\/www.radioactiva.com.pe\/blogs\/wp-content\/uploads\/2013\/08\/ministro-de-energia.jpg",768,513,false],"wp_review_large":["https:\/\/www.radioactiva.com.pe\/blogs\/wp-content\/uploads\/2013\/08\/ministro-de-energia.jpg",299,200,false],"wp_review_small":["https:\/\/www.radioactiva.com.pe\/blogs\/wp-content\/uploads\/2013\/08\/ministro-de-energia.jpg",65,43,false],"grandmagazine_blog_classic":["https:\/\/www.radioactiva.com.pe\/blogs\/wp-content\/uploads\/2013\/08\/ministro-de-energia.jpg",768,513,false],"grandmagazine_blog":["https:\/\/www.radioactiva.com.pe\/blogs\/wp-content\/uploads\/2013\/08\/ministro-de-energia.jpg",600,401,false],"woocommerce_thumbnail":["https:\/\/www.radioactiva.com.pe\/blogs\/wp-content\/uploads\/2013\/08\/ministro-de-energia.jpg",300,200,false],"woocommerce_single":["https:\/\/www.radioactiva.com.pe\/blogs\/wp-content\/uploads\/2013\/08\/ministro-de-energia.jpg",600,401,false],"woocommerce_gallery_thumbnail":["https:\/\/www.radioactiva.com.pe\/blogs\/wp-content\/uploads\/2013\/08\/ministro-de-energia.jpg",100,67,false]},"author_info":{"display_name":"Radioactiva","author_link":"https:\/\/www.radioactiva.com.pe\/blogs\/author\/percytv"},"category_info":"<a href=\"https:\/\/www.radioactiva.com.pe\/blogs\/secciones\/destacamos\" rel=\"category tag\">Destacamos<\/a> <a href=\"https:\/\/www.radioactiva.com.pe\/blogs\/secciones\/ultimas-noticias\" rel=\"category tag\">Noticias<\/a>","tag_info":"Noticias","comment_count":0,"_links":{"self":[{"href":"https:\/\/www.radioactiva.com.pe\/blogs\/wp-json\/wp\/v2\/posts\/3135","targetHints":{"allow":["GET"]}}],"collection":[{"href":"https:\/\/www.radioactiva.com.pe\/blogs\/wp-json\/wp\/v2\/posts"}],"about":[{"href":"https:\/\/www.radioactiva.com.pe\/blogs\/wp-json\/wp\/v2\/types\/post"}],"author":[{"embeddable":true,"href":"https:\/\/www.radioactiva.com.pe\/blogs\/wp-json\/wp\/v2\/users\/3"}],"replies":[{"embeddable":true,"href":"https:\/\/www.radioactiva.com.pe\/blogs\/wp-json\/wp\/v2\/comments?post=3135"}],"version-history":[{"count":0,"href":"https:\/\/www.radioactiva.com.pe\/blogs\/wp-json\/wp\/v2\/posts\/3135\/revisions"}],"wp:featuredmedia":[{"embeddable":true,"href":"https:\/\/www.radioactiva.com.pe\/blogs\/wp-json\/wp\/v2\/media\/3136"}],"wp:attachment":[{"href":"https:\/\/www.radioactiva.com.pe\/blogs\/wp-json\/wp\/v2\/media?parent=3135"}],"wp:term":[{"taxonomy":"category","embeddable":true,"href":"https:\/\/www.radioactiva.com.pe\/blogs\/wp-json\/wp\/v2\/categories?post=3135"},{"taxonomy":"post_tag","embeddable":true,"href":"https:\/\/www.radioactiva.com.pe\/blogs\/wp-json\/wp\/v2\/tags?post=3135"}],"curies":[{"name":"wp","href":"https:\/\/api.w.org\/{rel}","templated":true}]}}