{"id":3097,"date":"2013-08-01T10:55:20","date_gmt":"2013-08-01T15:55:20","guid":{"rendered":"http:\/\/www.radioactiva.com.pe\/blogs\/?p=3097"},"modified":"2013-08-01T10:56:16","modified_gmt":"2013-08-01T15:56:16","slug":"designan-nuevos-directores-regionales-en-amazonas","status":"publish","type":"post","link":"https:\/\/www.radioactiva.com.pe\/blogs\/designan-nuevos-directores-regionales-en-amazonas-noticia","title":{"rendered":"Designan nuevos Directores Regionales en Amazonas."},"content":{"rendered":"<p><a href=\"https:\/\/www.radioactiva.com.pe\/blogs\/wp-content\/uploads\/2013\/08\/gobierno-regional.jpg\"><img loading=\"lazy\" decoding=\"async\" class=\"alignleft size-medium wp-image-3098\" alt=\"gobierno regional\" src=\"https:\/\/www.radioactiva.com.pe\/blogs\/wp-content\/uploads\/2013\/08\/gobierno-regional-300x225.jpg\" width=\"300\" height=\"225\" \/><\/a>El Presidente Regional de Amazonas, Jos\u00e9 Arista Arbildo, anunci\u00f3 la designaci\u00f3n de siete nuevos directores regionales en diferentes sectores.\u00a0 En tal sentido, hoy fueron publicadas las siguientes resoluciones ejecutivas: N\u00ba 323 que designa al periodista Manuel Caba\u00f1as L\u00f3pez como nuevo Director Regional de Comercio Exterior y Turismo; Resoluci\u00f3n Ejecutiva N\u00ba 318 que designa al licenciado Teodoro Tauma Cam\u00e1n, como nuevo Director Regional de Educaci\u00f3n Amazonas; Resoluci\u00f3n N\u00ba 319 para la licenciada Iraida Consuelo Chicana de S\u00e1nchez, quien asume la Direcci\u00f3n Regional de Trabajo y Promoci\u00f3n del Empleo; la Resoluci\u00f3n N\u00ba 320 que designa al ingeniero Nicol\u00e1s Ruiz Ch\u00e1vez, como nuevo Director Regional de Vivienda, Construcci\u00f3n y Saneamiento; Resoluci\u00f3n N\u00ba 322 mediante el cual se designa a Segundo Tom\u00e1s Villalobos L\u00f3pez como Director Sub Regional de Transportes y Comunicaciones de Bagua; y Resoluci\u00f3n N\u00ba 321 que designa al abogado Heniz Yuri Carrero Vidarte como nuevo Procurador P\u00fablico Regional Adjunto.<\/p>\n<p>De igual manera, mediante resoluci\u00f3n N\u00ba 317, el Presidente Regional Jos\u00e9 Arista, design\u00f3 en el cargo p\u00fablico de confianza al ingeniero Mario Casta\u00f1eda Arbildo, como nuevo Gerente Sub Regional de Bagua, en reemplazo de Wilfredo Becerril Rodr\u00edguez.\u00a0 Todos ellos seleccionados en base a su capacidad de trabajo y experiencia.<\/p>\n<p>Las flamantes autoridades asumen sus funciones oficialmente a partir de hoy primero de agosto, por lo que la m\u00e1xima autoridad regional les invoc\u00f3 entrega y dedicaci\u00f3n con la labor encomendada en beneficio de nuestra poblaci\u00f3n que tanto espera de nosotros.<\/p>\n<p>\u201cEspero que los nuevos directores aporten su profesionalismo y capacidad de gerenciar a fin de mejorar el trabajo y los servicios, no solo en bien de la gesti\u00f3n sino de todo el pueblo amazonense\u201d, enfatiz\u00f3 Jos\u00e9 Arista.<\/p>\n<p>El objetivo de estos cambios se realiza en el marco de una nueva perspectiva del Gobierno Regional a fin de reimpulsar las actividades a favor de los usuarios en dichos sectores.\u00a0 Al respecto los flamantes nuevos directores iniciaron sus labores con acciones de reorganizaci\u00f3n orientado a lograr un trabajo eficaz en concordancia con las pol\u00edticas de desarrollo trazado por la gesti\u00f3n del Presidente Regional, Jos\u00e9 Arista Arbildo.<\/p>\n<p>Fuente: RR.PP Gobiermno Regional Amazonas.<\/p>\n<p>&nbsp;<\/p>\n","protected":false},"excerpt":{"rendered":"<p>El Presidente Regional de Amazonas, Jos\u00e9 Arista Arbildo, anunci\u00f3 la designaci\u00f3n de siete nuevos directores regionales en diferentes sectores.\u00a0 En tal sentido, hoy fueron publicadas las siguientes resoluciones ejecutivas: N\u00ba 323 que designa al periodista Manuel Caba\u00f1as L\u00f3pez como nuevo [&hellip;]<\/p>\n","protected":false},"author":3,"featured_media":3098,"comment_status":"open","ping_status":"open","sticky":false,"template":"","format":"standard","meta":{"footnotes":""},"categories":[29,5],"tags":[75,695],"class_list":["post-3097","post","type-post","status-publish","format-standard","has-post-thumbnail","hentry","category-destacamos","category-ultimas-noticias","tag-amazonas","tag-director-regional-amazonas"],"featured_image_urls":{"full":["https:\/\/www.radioactiva.com.pe\/blogs\/wp-content\/uploads\/2013\/08\/gobierno-regional.jpg",668,501,false],"thumbnail":["https:\/\/www.radioactiva.com.pe\/blogs\/wp-content\/uploads\/2013\/08\/gobierno-regional-150x150.jpg",150,150,true],"medium":["https:\/\/www.radioactiva.com.pe\/blogs\/wp-content\/uploads\/2013\/08\/gobierno-regional-300x225.jpg",300,225,true],"medium_large":["https:\/\/www.radioactiva.com.pe\/blogs\/wp-content\/uploads\/2013\/08\/gobierno-regional.jpg",668,501,false],"large":["https:\/\/www.radioactiva.com.pe\/blogs\/wp-content\/uploads\/2013\/08\/gobierno-regional.jpg",668,501,false],"wpsimplegallery_admin_thumb":["https:\/\/www.radioactiva.com.pe\/blogs\/wp-content\/uploads\/2013\/08\/gobierno-regional.jpg",109,82,false],"wpsimplegallery_thumb":["https:\/\/www.radioactiva.com.pe\/blogs\/wp-content\/uploads\/2013\/08\/gobierno-regional.jpg",100,75,false],"1536x1536":["https:\/\/www.radioactiva.com.pe\/blogs\/wp-content\/uploads\/2013\/08\/gobierno-regional.jpg",668,501,false],"2048x2048":["https:\/\/www.radioactiva.com.pe\/blogs\/wp-content\/uploads\/2013\/08\/gobierno-regional.jpg",668,501,false],"wp_review_large":["https:\/\/www.radioactiva.com.pe\/blogs\/wp-content\/uploads\/2013\/08\/gobierno-regional.jpg",267,200,false],"wp_review_small":["https:\/\/www.radioactiva.com.pe\/blogs\/wp-content\/uploads\/2013\/08\/gobierno-regional.jpg",65,49,false],"grandmagazine_blog_classic":["https:\/\/www.radioactiva.com.pe\/blogs\/wp-content\/uploads\/2013\/08\/gobierno-regional.jpg",668,501,false],"grandmagazine_blog":["https:\/\/www.radioactiva.com.pe\/blogs\/wp-content\/uploads\/2013\/08\/gobierno-regional.jpg",600,450,false],"woocommerce_thumbnail":["https:\/\/www.radioactiva.com.pe\/blogs\/wp-content\/uploads\/2013\/08\/gobierno-regional.jpg",300,225,false],"woocommerce_single":["https:\/\/www.radioactiva.com.pe\/blogs\/wp-content\/uploads\/2013\/08\/gobierno-regional.jpg",600,450,false],"woocommerce_gallery_thumbnail":["https:\/\/www.radioactiva.com.pe\/blogs\/wp-content\/uploads\/2013\/08\/gobierno-regional.jpg",100,75,false]},"author_info":{"display_name":"Radioactiva","author_link":"https:\/\/www.radioactiva.com.pe\/blogs\/author\/percytv"},"category_info":"<a href=\"https:\/\/www.radioactiva.com.pe\/blogs\/secciones\/destacamos\" rel=\"category tag\">Destacamos<\/a> <a href=\"https:\/\/www.radioactiva.com.pe\/blogs\/secciones\/ultimas-noticias\" rel=\"category tag\">Noticias<\/a>","tag_info":"Noticias","comment_count":0,"_links":{"self":[{"href":"https:\/\/www.radioactiva.com.pe\/blogs\/wp-json\/wp\/v2\/posts\/3097","targetHints":{"allow":["GET"]}}],"collection":[{"href":"https:\/\/www.radioactiva.com.pe\/blogs\/wp-json\/wp\/v2\/posts"}],"about":[{"href":"https:\/\/www.radioactiva.com.pe\/blogs\/wp-json\/wp\/v2\/types\/post"}],"author":[{"embeddable":true,"href":"https:\/\/www.radioactiva.com.pe\/blogs\/wp-json\/wp\/v2\/users\/3"}],"replies":[{"embeddable":true,"href":"https:\/\/www.radioactiva.com.pe\/blogs\/wp-json\/wp\/v2\/comments?post=3097"}],"version-history":[{"count":0,"href":"https:\/\/www.radioactiva.com.pe\/blogs\/wp-json\/wp\/v2\/posts\/3097\/revisions"}],"wp:featuredmedia":[{"embeddable":true,"href":"https:\/\/www.radioactiva.com.pe\/blogs\/wp-json\/wp\/v2\/media\/3098"}],"wp:attachment":[{"href":"https:\/\/www.radioactiva.com.pe\/blogs\/wp-json\/wp\/v2\/media?parent=3097"}],"wp:term":[{"taxonomy":"category","embeddable":true,"href":"https:\/\/www.radioactiva.com.pe\/blogs\/wp-json\/wp\/v2\/categories?post=3097"},{"taxonomy":"post_tag","embeddable":true,"href":"https:\/\/www.radioactiva.com.pe\/blogs\/wp-json\/wp\/v2\/tags?post=3097"}],"curies":[{"name":"wp","href":"https:\/\/api.w.org\/{rel}","templated":true}]}}