{"id":3075,"date":"2013-07-17T07:00:25","date_gmt":"2013-07-17T12:00:25","guid":{"rendered":"http:\/\/www.radioactiva.com.pe\/blogs\/?p=3075"},"modified":"2013-07-17T07:00:25","modified_gmt":"2013-07-17T12:00:25","slug":"corte-de-justicia-de-amazonas-prepara-actividades-por-el-dia-del-juez","status":"publish","type":"post","link":"https:\/\/www.radioactiva.com.pe\/blogs\/corte-de-justicia-de-amazonas-prepara-actividades-por-el-dia-del-juez-noticia","title":{"rendered":"Corte de Justicia de Amazonas prepara actividades por  el \u201cD\u00eda del Juez\u201d"},"content":{"rendered":"<p>El pr\u00f3ximo 4 de agosto se celebrar\u00e1 a nivel nacional el D\u00eda del Juez, fecha instaurada mediante Decreto Ley Nro. 18918, del 03 de agosto de 1971, con el objetivo de enaltecer la magistratura nacional y revalorar el trabajo que desempe\u00f1an los jueces.<!--more--><\/p>\n<p><a href=\"https:\/\/www.radioactiva.com.pe\/blogs\/wp-content\/uploads\/2013\/07\/SDC13459.jpg\"><img loading=\"lazy\" decoding=\"async\" class=\"alignleft size-medium wp-image-3076\" alt=\"\" src=\"https:\/\/www.radioactiva.com.pe\/blogs\/wp-content\/uploads\/2013\/07\/SDC13459-300x225.jpg\" width=\"300\" height=\"225\" \/><\/a><\/p>\n<p>La Corte Superior de Justicia de Amazonas, a trav\u00e9s de la Comisi\u00f3n Organizadora de los Actos Preparatorios por el D\u00eda del Juez, presidida por el Dr. Jorge Ch\u00e1vez Rodr\u00edguez, viene organizando diversas actividades, tanto acad\u00e9micas como protocolares.<\/p>\n<p>La Comisi\u00f3n organizadora ha contemplado la realizaci\u00f3n de la segunda Conferencia Magistral, para el 01 y 02 de agosto en el audit\u00f3rium de la ODEC, donde participaran como expositores reconocidos profesionales del derecho, como el Dr. Pedro Grandez Castro, catedr\u00e1tico de la Universidad Pontificia Cat\u00f3lica del Per\u00fa, ex Asesor del Tribunal Constitucional y ex Director de la Academia de la Magistratura; tambi\u00e9n estar\u00e1 presente el Dr. Omar Zapata L\u00f3pez y Dr. Luis Alberto Huam\u00e1n Ordo\u00f1ez, especialistas en materia procesal penal y Laboral, respectivamente.<\/p>\n<p>Asimismo, la ceremonia central se realizar\u00e1 el domingo 04 de agosto a partir de las once de la ma\u00f1ana, que se iniciar\u00e1 con una misa solemne, en la iglesia de Bel\u00e9n, en cumplimiento a la Resoluci\u00f3n Administrativa Nro. 184-2013, suscrita por el Dr. Enrique Mendoza Ram\u00edrez, donde declar\u00f3 que en el presente a\u00f1o, la Celebraci\u00f3n por El D\u00eda del Juez, se llevar\u00e1 a cabo indefectiblemente en la Corte Suprema de Justicia de la Rep\u00fablica y las Corte Superiores de Justicia, el d\u00eda domingo 04 de Agosto del 2013.<\/p>\n","protected":false},"excerpt":{"rendered":"<p>El pr\u00f3ximo 4 de agosto se celebrar\u00e1 a nivel nacional el D\u00eda del Juez, fecha instaurada mediante Decreto Ley Nro. 18918, del 03 de agosto de 1971, con el objetivo de enaltecer la magistratura nacional y revalorar el trabajo que [&hellip;]<\/p>\n","protected":false},"author":3,"featured_media":3076,"comment_status":"open","ping_status":"open","sticky":false,"template":"","format":"standard","meta":{"footnotes":""},"categories":[29,5],"tags":[564,687],"class_list":["post-3075","post","type-post","status-publish","format-standard","has-post-thumbnail","hentry","category-destacamos","category-ultimas-noticias","tag-corte-de-justicia-de-amazonas","tag-dia-del-juez"],"featured_image_urls":{"full":["https:\/\/www.radioactiva.com.pe\/blogs\/wp-content\/uploads\/2013\/07\/SDC13459.jpg",820,615,false],"thumbnail":["https:\/\/www.radioactiva.com.pe\/blogs\/wp-content\/uploads\/2013\/07\/SDC13459-150x150.jpg",150,150,true],"medium":["https:\/\/www.radioactiva.com.pe\/blogs\/wp-content\/uploads\/2013\/07\/SDC13459-300x225.jpg",300,225,true],"medium_large":["https:\/\/www.radioactiva.com.pe\/blogs\/wp-content\/uploads\/2013\/07\/SDC13459-768x576.jpg",768,576,true],"large":["https:\/\/www.radioactiva.com.pe\/blogs\/wp-content\/uploads\/2013\/07\/SDC13459.jpg",820,615,false],"wpsimplegallery_admin_thumb":["https:\/\/www.radioactiva.com.pe\/blogs\/wp-content\/uploads\/2013\/07\/SDC13459.jpg",109,82,false],"wpsimplegallery_thumb":["https:\/\/www.radioactiva.com.pe\/blogs\/wp-content\/uploads\/2013\/07\/SDC13459.jpg",100,75,false],"1536x1536":["https:\/\/www.radioactiva.com.pe\/blogs\/wp-content\/uploads\/2013\/07\/SDC13459.jpg",820,615,false],"2048x2048":["https:\/\/www.radioactiva.com.pe\/blogs\/wp-content\/uploads\/2013\/07\/SDC13459.jpg",820,615,false],"wp_review_large":["https:\/\/www.radioactiva.com.pe\/blogs\/wp-content\/uploads\/2013\/07\/SDC13459.jpg",267,200,false],"wp_review_small":["https:\/\/www.radioactiva.com.pe\/blogs\/wp-content\/uploads\/2013\/07\/SDC13459.jpg",65,49,false],"grandmagazine_blog_classic":["https:\/\/www.radioactiva.com.pe\/blogs\/wp-content\/uploads\/2013\/07\/SDC13459.jpg",820,615,false],"grandmagazine_blog":["https:\/\/www.radioactiva.com.pe\/blogs\/wp-content\/uploads\/2013\/07\/SDC13459.jpg",600,450,false],"woocommerce_thumbnail":["https:\/\/www.radioactiva.com.pe\/blogs\/wp-content\/uploads\/2013\/07\/SDC13459.jpg",300,225,false],"woocommerce_single":["https:\/\/www.radioactiva.com.pe\/blogs\/wp-content\/uploads\/2013\/07\/SDC13459.jpg",600,450,false],"woocommerce_gallery_thumbnail":["https:\/\/www.radioactiva.com.pe\/blogs\/wp-content\/uploads\/2013\/07\/SDC13459.jpg",100,75,false]},"author_info":{"display_name":"Radioactiva","author_link":"https:\/\/www.radioactiva.com.pe\/blogs\/author\/percytv"},"category_info":"<a href=\"https:\/\/www.radioactiva.com.pe\/blogs\/secciones\/destacamos\" rel=\"category tag\">Destacamos<\/a> <a href=\"https:\/\/www.radioactiva.com.pe\/blogs\/secciones\/ultimas-noticias\" rel=\"category tag\">Noticias<\/a>","tag_info":"Noticias","comment_count":0,"_links":{"self":[{"href":"https:\/\/www.radioactiva.com.pe\/blogs\/wp-json\/wp\/v2\/posts\/3075","targetHints":{"allow":["GET"]}}],"collection":[{"href":"https:\/\/www.radioactiva.com.pe\/blogs\/wp-json\/wp\/v2\/posts"}],"about":[{"href":"https:\/\/www.radioactiva.com.pe\/blogs\/wp-json\/wp\/v2\/types\/post"}],"author":[{"embeddable":true,"href":"https:\/\/www.radioactiva.com.pe\/blogs\/wp-json\/wp\/v2\/users\/3"}],"replies":[{"embeddable":true,"href":"https:\/\/www.radioactiva.com.pe\/blogs\/wp-json\/wp\/v2\/comments?post=3075"}],"version-history":[{"count":0,"href":"https:\/\/www.radioactiva.com.pe\/blogs\/wp-json\/wp\/v2\/posts\/3075\/revisions"}],"wp:featuredmedia":[{"embeddable":true,"href":"https:\/\/www.radioactiva.com.pe\/blogs\/wp-json\/wp\/v2\/media\/3076"}],"wp:attachment":[{"href":"https:\/\/www.radioactiva.com.pe\/blogs\/wp-json\/wp\/v2\/media?parent=3075"}],"wp:term":[{"taxonomy":"category","embeddable":true,"href":"https:\/\/www.radioactiva.com.pe\/blogs\/wp-json\/wp\/v2\/categories?post=3075"},{"taxonomy":"post_tag","embeddable":true,"href":"https:\/\/www.radioactiva.com.pe\/blogs\/wp-json\/wp\/v2\/tags?post=3075"}],"curies":[{"name":"wp","href":"https:\/\/api.w.org\/{rel}","templated":true}]}}