{"id":3068,"date":"2013-07-17T06:50:32","date_gmt":"2013-07-17T11:50:32","guid":{"rendered":"http:\/\/www.radioactiva.com.pe\/blogs\/?p=3068"},"modified":"2013-07-17T06:52:05","modified_gmt":"2013-07-17T11:52:05","slug":"maquinaria-pesada-del-gobierno-regional-amazonas-inicia-rehabilitacion-y-mejoramiento-de-carreteras","status":"publish","type":"post","link":"https:\/\/www.radioactiva.com.pe\/blogs\/maquinaria-pesada-del-gobierno-regional-amazonas-inicia-rehabilitacion-y-mejoramiento-de-carreteras-noticia","title":{"rendered":"Maquinaria pesada del Gobierno Regional Amazonas inicia rehabilitaci\u00f3n y mejoramiento de carreteras."},"content":{"rendered":"<p>El moderno pull de maquinaria pesada recientemente adquirido por el Gobierno Regional Amazonas a un costo de 10 millones de nuevos soles, en el marco de la pol\u00edtica de integraci\u00f3n vial del Presidente Regional de Amazonas, Jos\u00e9 Arista Arbildo, inici\u00f3 de inmediato los trabajos de mejoramiento y rehabilitaci\u00f3n de las carreteras vecinales.\u00a0 En primer t\u00e9rmino se beneficia la v\u00eda que une las comunidades campesinas de Chocta con L\u00e1pac, de cinco kil\u00f3metros, en el distrito de Luya, provincia de Luya, beneficiando a m\u00e1s de 5 mil campesinos de la zona, que se dedican al cultivo de papa, ma\u00edz, trigo, frijol y diversas hortalizas.<!--more--><\/p>\n<p><a href=\"https:\/\/www.radioactiva.com.pe\/blogs\/wp-content\/uploads\/2013\/07\/04.jpg\"><img loading=\"lazy\" decoding=\"async\" class=\"alignleft size-medium wp-image-3070\" alt=\"SONY DSC\" src=\"https:\/\/www.radioactiva.com.pe\/blogs\/wp-content\/uploads\/2013\/07\/04-300x200.jpg\" width=\"300\" height=\"200\" \/><\/a><\/p>\n<p>A la ceremonia de inicio de las obras asisti\u00f3 la m\u00e1xima autoridad regional, quien manifest\u00f3 que las m\u00e1quinas han sido adquiridas pensando en el bienestar de los pobladores m\u00e1s humildes, para lo cual se va a intensificar los trabajos de construcci\u00f3n y mejoramiento de carreteras en toda la regi\u00f3n.<\/p>\n<p>\u201cApostamos con fuerza en el mejoramiento de nuestras carreteras para darles transitabilidad, que sirva a los agricultores para que puedan comercializar sus productos a precios competitivos y viajar con comodidad y seguridad\u201d, declar\u00f3 la autoridad regional.<\/p>\n<p>\u201cComo ustedes pueden ver, ya contamos con esta maquinaria que tenemos al frente, no es un ofrecimiento, es una realidad y ahora se pone a su servicio\u201d, enfatiz\u00f3 Arista Arbildo.<\/p>\n<p>Invoc\u00f3 a los vecinos, formar sus comit\u00e9s de vigilancia para supervigilar el uso del combustible porque ya se han presentado casos de p\u00e9rdida del petr\u00f3leo lo cual afecta el avance de las obras, tambi\u00e9n recomend\u00f3 el uso adecuado de las m\u00e1quinas ya que estas deben servir a todas las comunidades.<\/p>\n<p>Por su parte el Alcalde Distrital de Luya, Newman Tuesta Aguilar, hizo llegar su agradecimiento al Presidente Regional, por su visi\u00f3n de brindar apoyo a los campesinos de estas tierras tan productivas que muchas veces por falta de atenci\u00f3n permanecen en la pobreza.\u00a0 Ahora con la nueva pol\u00edtica que viene implantando Jos\u00e9 Arista, esto se est\u00e1 revirtiendo.\u00a0 Con buenas carreteras y apoyo a proyectos productivos se avizoran nuevos tiempos de desarrollo sostenible.<\/p>\n<p>El mejoramiento de esta carretera tambi\u00e9n beneficia a pobladores de comunidades como Trita, Shipata, Huaychopampa, Corobamba, entre otras, quienes se congregaron en la ceremonia de colocaci\u00f3n de la primera piedra y expresaron su p\u00fablico agradecimiento al Presidente Regional, por ese inter\u00e9s que ha puesto a favor de los sectores que por d\u00e9cadas han permanecido postergados.\u00a0 \u201cEste pueblo se siente muy contento, pues es la primera vez que nos visita un Presidente Regional y gracias por lo que est\u00e1 haciendo por nosotros\u201d, manifestaron al un\u00edsono los campesinos.<\/p>\n<p>\u00a0Fuente: RR.PP Gobierno Regional Amazonas.<\/p>\n","protected":false},"excerpt":{"rendered":"<p>El moderno pull de maquinaria pesada recientemente adquirido por el Gobierno Regional Amazonas a un costo de 10 millones de nuevos soles, en el marco de la pol\u00edtica de integraci\u00f3n vial del Presidente Regional de Amazonas, Jos\u00e9 Arista Arbildo, inici\u00f3 [&hellip;]<\/p>\n","protected":false},"author":3,"featured_media":3069,"comment_status":"open","ping_status":"open","sticky":false,"template":"","format":"standard","meta":{"footnotes":""},"categories":[29,5],"tags":[87,373,686],"class_list":["post-3068","post","type-post","status-publish","format-standard","has-post-thumbnail","hentry","category-destacamos","category-ultimas-noticias","tag-gobierno-regional-amazonas","tag-jose-arista","tag-mauinaria-pesada"],"featured_image_urls":{"full":["https:\/\/www.radioactiva.com.pe\/blogs\/wp-content\/uploads\/2013\/07\/01.jpg",820,547,false],"thumbnail":["https:\/\/www.radioactiva.com.pe\/blogs\/wp-content\/uploads\/2013\/07\/01-150x150.jpg",150,150,true],"medium":["https:\/\/www.radioactiva.com.pe\/blogs\/wp-content\/uploads\/2013\/07\/01-300x200.jpg",300,200,true],"medium_large":["https:\/\/www.radioactiva.com.pe\/blogs\/wp-content\/uploads\/2013\/07\/01-768x512.jpg",768,512,true],"large":["https:\/\/www.radioactiva.com.pe\/blogs\/wp-content\/uploads\/2013\/07\/01.jpg",820,547,false],"wpsimplegallery_admin_thumb":["https:\/\/www.radioactiva.com.pe\/blogs\/wp-content\/uploads\/2013\/07\/01.jpg",109,73,false],"wpsimplegallery_thumb":["https:\/\/www.radioactiva.com.pe\/blogs\/wp-content\/uploads\/2013\/07\/01.jpg",100,67,false],"1536x1536":["https:\/\/www.radioactiva.com.pe\/blogs\/wp-content\/uploads\/2013\/07\/01.jpg",820,547,false],"2048x2048":["https:\/\/www.radioactiva.com.pe\/blogs\/wp-content\/uploads\/2013\/07\/01.jpg",820,547,false],"wp_review_large":["https:\/\/www.radioactiva.com.pe\/blogs\/wp-content\/uploads\/2013\/07\/01.jpg",300,200,false],"wp_review_small":["https:\/\/www.radioactiva.com.pe\/blogs\/wp-content\/uploads\/2013\/07\/01.jpg",65,43,false],"grandmagazine_blog_classic":["https:\/\/www.radioactiva.com.pe\/blogs\/wp-content\/uploads\/2013\/07\/01.jpg",820,547,false],"grandmagazine_blog":["https:\/\/www.radioactiva.com.pe\/blogs\/wp-content\/uploads\/2013\/07\/01.jpg",600,400,false],"woocommerce_thumbnail":["https:\/\/www.radioactiva.com.pe\/blogs\/wp-content\/uploads\/2013\/07\/01.jpg",300,200,false],"woocommerce_single":["https:\/\/www.radioactiva.com.pe\/blogs\/wp-content\/uploads\/2013\/07\/01.jpg",600,400,false],"woocommerce_gallery_thumbnail":["https:\/\/www.radioactiva.com.pe\/blogs\/wp-content\/uploads\/2013\/07\/01.jpg",100,67,false]},"author_info":{"display_name":"Radioactiva","author_link":"https:\/\/www.radioactiva.com.pe\/blogs\/author\/percytv"},"category_info":"<a href=\"https:\/\/www.radioactiva.com.pe\/blogs\/secciones\/destacamos\" rel=\"category tag\">Destacamos<\/a> <a href=\"https:\/\/www.radioactiva.com.pe\/blogs\/secciones\/ultimas-noticias\" rel=\"category tag\">Noticias<\/a>","tag_info":"Noticias","comment_count":0,"_links":{"self":[{"href":"https:\/\/www.radioactiva.com.pe\/blogs\/wp-json\/wp\/v2\/posts\/3068","targetHints":{"allow":["GET"]}}],"collection":[{"href":"https:\/\/www.radioactiva.com.pe\/blogs\/wp-json\/wp\/v2\/posts"}],"about":[{"href":"https:\/\/www.radioactiva.com.pe\/blogs\/wp-json\/wp\/v2\/types\/post"}],"author":[{"embeddable":true,"href":"https:\/\/www.radioactiva.com.pe\/blogs\/wp-json\/wp\/v2\/users\/3"}],"replies":[{"embeddable":true,"href":"https:\/\/www.radioactiva.com.pe\/blogs\/wp-json\/wp\/v2\/comments?post=3068"}],"version-history":[{"count":0,"href":"https:\/\/www.radioactiva.com.pe\/blogs\/wp-json\/wp\/v2\/posts\/3068\/revisions"}],"wp:featuredmedia":[{"embeddable":true,"href":"https:\/\/www.radioactiva.com.pe\/blogs\/wp-json\/wp\/v2\/media\/3069"}],"wp:attachment":[{"href":"https:\/\/www.radioactiva.com.pe\/blogs\/wp-json\/wp\/v2\/media?parent=3068"}],"wp:term":[{"taxonomy":"category","embeddable":true,"href":"https:\/\/www.radioactiva.com.pe\/blogs\/wp-json\/wp\/v2\/categories?post=3068"},{"taxonomy":"post_tag","embeddable":true,"href":"https:\/\/www.radioactiva.com.pe\/blogs\/wp-json\/wp\/v2\/tags?post=3068"}],"curies":[{"name":"wp","href":"https:\/\/api.w.org\/{rel}","templated":true}]}}