{"id":3021,"date":"2013-06-25T06:49:29","date_gmt":"2013-06-25T11:49:29","guid":{"rendered":"http:\/\/www.radioactiva.com.pe\/blogs\/?p=3021"},"modified":"2013-06-25T06:56:03","modified_gmt":"2013-06-25T11:56:03","slug":"dictan-prision-preventiva-para-el-alcalde-de-camporredondo","status":"publish","type":"post","link":"https:\/\/www.radioactiva.com.pe\/blogs\/dictan-prision-preventiva-para-el-alcalde-de-camporredondo-noticia","title":{"rendered":"Dictan prisi\u00f3n preventiva para alcalde de Camporredondo"},"content":{"rendered":"<p>El actual alcalde del distrito de Camporredondo, provincia de Luya en Amazonas, Alberto Altamirano, junto a otros tres sujetos, deber\u00e1 enfrentar en prisi\u00f3n la investigaci\u00f3n que se sigue sobre asesinato del exalcalde de Camporredondo, Wilder Cieza Silva, victimado el 8 de marzo a las 9:00 p.m.<!--more--><br \/>\n<a href=\"https:\/\/www.radioactiva.com.pe\/blogs\/wp-content\/uploads\/2013\/06\/alberto-altamirano.jpg\"><img loading=\"lazy\" decoding=\"async\" class=\"alignleft size-medium wp-image-3022\" alt=\"alberto altamirano\" src=\"https:\/\/www.radioactiva.com.pe\/blogs\/wp-content\/uploads\/2013\/06\/alberto-altamirano-300x225.jpg\" width=\"300\" height=\"225\" \/><\/a>El juez a cargo del del caso resolvi\u00f3 ayer en L\u00e1mud, \u00a0que los investigados deber\u00e1n enfrentar el proceso con prisi\u00f3n preventiva durante siete meses.<\/p>\n<p>La audiencia judicial se desarroll\u00f3 desde las 10:00 horas hasta las 15:00 horas y de 18:00 horas hasta las 21:00 horas del lunes.<\/p>\n<p>Por su parte, Alberto Altamirano reiter\u00f3 su inocencia, a pesar de que existen pruebas que lo incriminan, \u00a0y dijo que espera \u00abque se haga justicia\u00bb.<\/p>\n","protected":false},"excerpt":{"rendered":"<p>El actual alcalde del distrito de Camporredondo, provincia de Luya en Amazonas, Alberto Altamirano, junto a otros tres sujetos, deber\u00e1 enfrentar en prisi\u00f3n la investigaci\u00f3n que se sigue sobre asesinato del exalcalde de Camporredondo, Wilder Cieza Silva, victimado el 8 [&hellip;]<\/p>\n","protected":false},"author":3,"featured_media":3022,"comment_status":"open","ping_status":"open","sticky":false,"template":"","format":"standard","meta":{"footnotes":""},"categories":[29,5],"tags":[92,668,75,584],"class_list":["post-3021","post","type-post","status-publish","format-standard","has-post-thumbnail","hentry","category-destacamos","category-ultimas-noticias","tag-alcalde","tag-alcalde-de-camporredondo","tag-amazonas","tag-asesinato"],"featured_image_urls":{"full":["https:\/\/www.radioactiva.com.pe\/blogs\/wp-content\/uploads\/2013\/06\/alberto-altamirano.jpg",640,480,false],"thumbnail":["https:\/\/www.radioactiva.com.pe\/blogs\/wp-content\/uploads\/2013\/06\/alberto-altamirano-150x150.jpg",150,150,true],"medium":["https:\/\/www.radioactiva.com.pe\/blogs\/wp-content\/uploads\/2013\/06\/alberto-altamirano-300x225.jpg",300,225,true],"medium_large":["https:\/\/www.radioactiva.com.pe\/blogs\/wp-content\/uploads\/2013\/06\/alberto-altamirano.jpg",640,480,false],"large":["https:\/\/www.radioactiva.com.pe\/blogs\/wp-content\/uploads\/2013\/06\/alberto-altamirano.jpg",640,480,false],"wpsimplegallery_admin_thumb":["https:\/\/www.radioactiva.com.pe\/blogs\/wp-content\/uploads\/2013\/06\/alberto-altamirano.jpg",109,82,false],"wpsimplegallery_thumb":["https:\/\/www.radioactiva.com.pe\/blogs\/wp-content\/uploads\/2013\/06\/alberto-altamirano.jpg",100,75,false],"1536x1536":["https:\/\/www.radioactiva.com.pe\/blogs\/wp-content\/uploads\/2013\/06\/alberto-altamirano.jpg",640,480,false],"2048x2048":["https:\/\/www.radioactiva.com.pe\/blogs\/wp-content\/uploads\/2013\/06\/alberto-altamirano.jpg",640,480,false],"wp_review_large":["https:\/\/www.radioactiva.com.pe\/blogs\/wp-content\/uploads\/2013\/06\/alberto-altamirano.jpg",267,200,false],"wp_review_small":["https:\/\/www.radioactiva.com.pe\/blogs\/wp-content\/uploads\/2013\/06\/alberto-altamirano.jpg",65,49,false],"grandmagazine_blog_classic":["https:\/\/www.radioactiva.com.pe\/blogs\/wp-content\/uploads\/2013\/06\/alberto-altamirano.jpg",640,480,false],"grandmagazine_blog":["https:\/\/www.radioactiva.com.pe\/blogs\/wp-content\/uploads\/2013\/06\/alberto-altamirano.jpg",600,450,false],"woocommerce_thumbnail":["https:\/\/www.radioactiva.com.pe\/blogs\/wp-content\/uploads\/2013\/06\/alberto-altamirano.jpg",300,225,false],"woocommerce_single":["https:\/\/www.radioactiva.com.pe\/blogs\/wp-content\/uploads\/2013\/06\/alberto-altamirano.jpg",600,450,false],"woocommerce_gallery_thumbnail":["https:\/\/www.radioactiva.com.pe\/blogs\/wp-content\/uploads\/2013\/06\/alberto-altamirano.jpg",100,75,false]},"author_info":{"display_name":"Radioactiva","author_link":"https:\/\/www.radioactiva.com.pe\/blogs\/author\/percytv"},"category_info":"<a href=\"https:\/\/www.radioactiva.com.pe\/blogs\/secciones\/destacamos\" rel=\"category tag\">Destacamos<\/a> <a href=\"https:\/\/www.radioactiva.com.pe\/blogs\/secciones\/ultimas-noticias\" rel=\"category tag\">Noticias<\/a>","tag_info":"Noticias","comment_count":0,"_links":{"self":[{"href":"https:\/\/www.radioactiva.com.pe\/blogs\/wp-json\/wp\/v2\/posts\/3021","targetHints":{"allow":["GET"]}}],"collection":[{"href":"https:\/\/www.radioactiva.com.pe\/blogs\/wp-json\/wp\/v2\/posts"}],"about":[{"href":"https:\/\/www.radioactiva.com.pe\/blogs\/wp-json\/wp\/v2\/types\/post"}],"author":[{"embeddable":true,"href":"https:\/\/www.radioactiva.com.pe\/blogs\/wp-json\/wp\/v2\/users\/3"}],"replies":[{"embeddable":true,"href":"https:\/\/www.radioactiva.com.pe\/blogs\/wp-json\/wp\/v2\/comments?post=3021"}],"version-history":[{"count":0,"href":"https:\/\/www.radioactiva.com.pe\/blogs\/wp-json\/wp\/v2\/posts\/3021\/revisions"}],"wp:featuredmedia":[{"embeddable":true,"href":"https:\/\/www.radioactiva.com.pe\/blogs\/wp-json\/wp\/v2\/media\/3022"}],"wp:attachment":[{"href":"https:\/\/www.radioactiva.com.pe\/blogs\/wp-json\/wp\/v2\/media?parent=3021"}],"wp:term":[{"taxonomy":"category","embeddable":true,"href":"https:\/\/www.radioactiva.com.pe\/blogs\/wp-json\/wp\/v2\/categories?post=3021"},{"taxonomy":"post_tag","embeddable":true,"href":"https:\/\/www.radioactiva.com.pe\/blogs\/wp-json\/wp\/v2\/tags?post=3021"}],"curies":[{"name":"wp","href":"https:\/\/api.w.org\/{rel}","templated":true}]}}