{"id":3002,"date":"2013-06-17T16:57:03","date_gmt":"2013-06-17T21:57:03","guid":{"rendered":"http:\/\/www.radioactiva.com.pe\/blogs\/?p=3002"},"modified":"2013-06-17T16:57:03","modified_gmt":"2013-06-17T21:57:03","slug":"160-millones-de-nuevos-soles-para-electrificacion-rural-en-amazonas","status":"publish","type":"post","link":"https:\/\/www.radioactiva.com.pe\/blogs\/160-millones-de-nuevos-soles-para-electrificacion-rural-en-amazonas-noticia","title":{"rendered":"160 millones de nuevos soles para electrificaci\u00f3n rural en Amazonas."},"content":{"rendered":"<p>El Presidente Regional de Amazonas, Jos\u00e9 Arista Arbildo conjuntamente con los alcaldes provinciales y distritales sostuvieron una reuni\u00f3n con el Ministro de Energ\u00eda y Minas, Jorge Merino Tafur en la ciudad de Chachapoyas, a fin de entablar acuerdos para poner en marcha nuevos proyectos de electrificaci\u00f3n rural en todo el \u00e1mbito de la regi\u00f3n.<!--more--><\/p>\n<p><a href=\"https:\/\/www.radioactiva.com.pe\/blogs\/wp-content\/uploads\/2013\/06\/electrificacion.jpg\"><img loading=\"lazy\" decoding=\"async\" class=\"alignleft size-medium wp-image-3003\" alt=\"electrificacion\" src=\"https:\/\/www.radioactiva.com.pe\/blogs\/wp-content\/uploads\/2013\/06\/electrificacion-300x200.jpg\" width=\"300\" height=\"200\" \/><\/a><\/p>\n<p>Entre los principales compromisos resalta el apoyo que brindar\u00e1 el Ministerio de Energ\u00eda y Minas con t\u00e9cnicos especialistas en estudios y formulaci\u00f3n de proyectos de electrificaci\u00f3n quienes llegar\u00e1n a nuestra regi\u00f3n en los pr\u00f3ximos d\u00edas a fin de capacitar y orientar a los proyectistas de la regi\u00f3n sobre una adecuada elaboraci\u00f3n de proyectos de inversi\u00f3n, el objetivo es evitar las constantes observaciones y la p\u00e9rdida de tiempo que ello significa.<\/p>\n<p>Jorge Merino anunci\u00f3 tambi\u00e9n que existe un presupuesto de 160 millones de nuevos soles para electrificaci\u00f3n, por lo que es necesario que trabajemos todos juntos a fin de canalizar proyectos integrales en paquetes con la participaci\u00f3n del Gobierno Regional y las municipalidades y agilizar su aprobaci\u00f3n.\u00a0 No desaprovechemos esta oportunidad que tiene Amazonas para electrificar a sus pueblos, manifest\u00f3 el alto funcionario.<\/p>\n<p>El titular de Energ\u00eda y Minas tom\u00f3 nota de las propuestas y sugerencias de los alcaldes para mejorar el servicio en sus localidades donde se presentan diversos inconvenientes con las empresas el\u00e9ctricas concesionarias, comprometi\u00e9ndose tomar una serie de medidas para solucionar la problem\u00e1tica local.<\/p>\n<p>Por su parte el Presidente Regional de Amazonas, Jos\u00e9 Arista Arbildo, agradeci\u00f3 al Ministro por su visita y preocupaci\u00f3n por dotar de este elemental servicio lo m\u00e1s pronto posible a las comunidades m\u00e1s pobres de nuestra regi\u00f3n.<\/p>\n<p>Tambi\u00e9n destac\u00f3 la puesta en marcha de programas sociales como el FISE pues una cocina a gas cambia la salud de los ni\u00f1os y de las familias.<\/p>\n<p>Jorge Merino se refiri\u00f3 asimismo al enorme potencial hidroenerg\u00e9tico con que cuenta nuestra regi\u00f3n con m\u00e1s de 12 mil megavatios que es casi 12 veces la central hidroel\u00e9ctrica del Mantaro, es decir suficiente energ\u00eda que nos podr\u00eda convertir en exportadores a los pa\u00edses vecinos.\u00a0 Por eso coincidimos con las autoridades de Amazonas la necesidad de inversi\u00f3n para luchar contra la pobreza con inclusi\u00f3n social.<\/p>\n<p>A su turno el Gerente General Regional, Silvio Torres Castro, le hizo saber su preocupaci\u00f3n sobre el manejo del servicio el\u00e9ctrico que deber\u00eda estar en manos de una sola empresa a fin de mejorar el servicio.<\/p>\n<p>Fuente: RR.PP Gobierno Regional Amazonas.<\/p>\n<p>&nbsp;<\/p>\n","protected":false},"excerpt":{"rendered":"<p>El Presidente Regional de Amazonas, Jos\u00e9 Arista Arbildo conjuntamente con los alcaldes provinciales y distritales sostuvieron una reuni\u00f3n con el Ministro de Energ\u00eda y Minas, Jorge Merino Tafur en la ciudad de Chachapoyas, a fin de entablar acuerdos para poner [&hellip;]<\/p>\n","protected":false},"author":3,"featured_media":3003,"comment_status":"open","ping_status":"open","sticky":false,"template":"","format":"standard","meta":{"footnotes":""},"categories":[29,5],"tags":[],"class_list":["post-3002","post","type-post","status-publish","format-standard","has-post-thumbnail","hentry","category-destacamos","category-ultimas-noticias"],"featured_image_urls":{"full":["https:\/\/www.radioactiva.com.pe\/blogs\/wp-content\/uploads\/2013\/06\/electrificacion.jpg",717,479,false],"thumbnail":["https:\/\/www.radioactiva.com.pe\/blogs\/wp-content\/uploads\/2013\/06\/electrificacion-150x150.jpg",150,150,true],"medium":["https:\/\/www.radioactiva.com.pe\/blogs\/wp-content\/uploads\/2013\/06\/electrificacion-300x200.jpg",300,200,true],"medium_large":["https:\/\/www.radioactiva.com.pe\/blogs\/wp-content\/uploads\/2013\/06\/electrificacion.jpg",717,479,false],"large":["https:\/\/www.radioactiva.com.pe\/blogs\/wp-content\/uploads\/2013\/06\/electrificacion.jpg",717,479,false],"wpsimplegallery_admin_thumb":["https:\/\/www.radioactiva.com.pe\/blogs\/wp-content\/uploads\/2013\/06\/electrificacion.jpg",109,73,false],"wpsimplegallery_thumb":["https:\/\/www.radioactiva.com.pe\/blogs\/wp-content\/uploads\/2013\/06\/electrificacion.jpg",100,67,false],"1536x1536":["https:\/\/www.radioactiva.com.pe\/blogs\/wp-content\/uploads\/2013\/06\/electrificacion.jpg",717,479,false],"2048x2048":["https:\/\/www.radioactiva.com.pe\/blogs\/wp-content\/uploads\/2013\/06\/electrificacion.jpg",717,479,false],"wp_review_large":["https:\/\/www.radioactiva.com.pe\/blogs\/wp-content\/uploads\/2013\/06\/electrificacion.jpg",299,200,false],"wp_review_small":["https:\/\/www.radioactiva.com.pe\/blogs\/wp-content\/uploads\/2013\/06\/electrificacion.jpg",65,43,false],"grandmagazine_blog_classic":["https:\/\/www.radioactiva.com.pe\/blogs\/wp-content\/uploads\/2013\/06\/electrificacion.jpg",717,479,false],"grandmagazine_blog":["https:\/\/www.radioactiva.com.pe\/blogs\/wp-content\/uploads\/2013\/06\/electrificacion.jpg",600,401,false],"woocommerce_thumbnail":["https:\/\/www.radioactiva.com.pe\/blogs\/wp-content\/uploads\/2013\/06\/electrificacion.jpg",300,200,false],"woocommerce_single":["https:\/\/www.radioactiva.com.pe\/blogs\/wp-content\/uploads\/2013\/06\/electrificacion.jpg",600,401,false],"woocommerce_gallery_thumbnail":["https:\/\/www.radioactiva.com.pe\/blogs\/wp-content\/uploads\/2013\/06\/electrificacion.jpg",100,67,false]},"author_info":{"display_name":"Radioactiva","author_link":"https:\/\/www.radioactiva.com.pe\/blogs\/author\/percytv"},"category_info":"<a href=\"https:\/\/www.radioactiva.com.pe\/blogs\/secciones\/destacamos\" rel=\"category tag\">Destacamos<\/a> <a href=\"https:\/\/www.radioactiva.com.pe\/blogs\/secciones\/ultimas-noticias\" rel=\"category tag\">Noticias<\/a>","tag_info":"Noticias","comment_count":0,"_links":{"self":[{"href":"https:\/\/www.radioactiva.com.pe\/blogs\/wp-json\/wp\/v2\/posts\/3002","targetHints":{"allow":["GET"]}}],"collection":[{"href":"https:\/\/www.radioactiva.com.pe\/blogs\/wp-json\/wp\/v2\/posts"}],"about":[{"href":"https:\/\/www.radioactiva.com.pe\/blogs\/wp-json\/wp\/v2\/types\/post"}],"author":[{"embeddable":true,"href":"https:\/\/www.radioactiva.com.pe\/blogs\/wp-json\/wp\/v2\/users\/3"}],"replies":[{"embeddable":true,"href":"https:\/\/www.radioactiva.com.pe\/blogs\/wp-json\/wp\/v2\/comments?post=3002"}],"version-history":[{"count":0,"href":"https:\/\/www.radioactiva.com.pe\/blogs\/wp-json\/wp\/v2\/posts\/3002\/revisions"}],"wp:featuredmedia":[{"embeddable":true,"href":"https:\/\/www.radioactiva.com.pe\/blogs\/wp-json\/wp\/v2\/media\/3003"}],"wp:attachment":[{"href":"https:\/\/www.radioactiva.com.pe\/blogs\/wp-json\/wp\/v2\/media?parent=3002"}],"wp:term":[{"taxonomy":"category","embeddable":true,"href":"https:\/\/www.radioactiva.com.pe\/blogs\/wp-json\/wp\/v2\/categories?post=3002"},{"taxonomy":"post_tag","embeddable":true,"href":"https:\/\/www.radioactiva.com.pe\/blogs\/wp-json\/wp\/v2\/tags?post=3002"}],"curies":[{"name":"wp","href":"https:\/\/api.w.org\/{rel}","templated":true}]}}