{"id":2888,"date":"2013-04-10T10:31:00","date_gmt":"2013-04-10T15:31:00","guid":{"rendered":"http:\/\/www.radioactiva.com.pe\/blogs\/?p=2888"},"modified":"2013-04-20T21:51:28","modified_gmt":"2013-04-21T02:51:28","slug":"los-chilchos-en-amazonas-una-de-las-nuevas-areas-de-conservacion-privadas-reconocidas-por-el-ministerio-del-ambiente","status":"publish","type":"post","link":"https:\/\/www.radioactiva.com.pe\/blogs\/los-chilchos-en-amazonas-una-de-las-nuevas-areas-de-conservacion-privadas-reconocidas-por-el-ministerio-del-ambiente-noticia","title":{"rendered":"Los Chilchos en Amazonas una de las nuevas \u00e1reas de conservaci\u00f3n privadas reconocidas por el Ministerio del Ambiente."},"content":{"rendered":"<p><a class=\"highslide\" href=\"https:\/\/www.radioactiva.com.pe\/blogs\/wp-content\/uploads\/2013\/04\/Ministerio-del-ambiente.jpg\"><img loading=\"lazy\" decoding=\"async\" class=\"alignleft size-medium wp-image-2889\" title=\"Ministerio del ambiente\" src=\"https:\/\/www.radioactiva.com.pe\/blogs\/wp-content\/uploads\/2013\/04\/Ministerio-del-ambiente-300x169.jpg\" alt=\"\" width=\"300\" height=\"169\" \/><\/a><\/p>\n<p>El Ministerio del Ambiente (Minam) reconoci\u00f3 13 nuevas \u00c1reas de Conservaci\u00f3n Privada (ACP) en cinco regiones del pa\u00eds, con lo cual los lugares de este tipo suman un total de 61, lo que significa m\u00e1s de 250 mil hect\u00e1reas.<\/p>\n<p><!--more--><\/p>\n<p>El titular del sector, Manuel Pulgar-Vidal, resalt\u00f3 que estos espacios han sido cedidos voluntariamente por sus propietarios para la preservaci\u00f3n de los recursos naturales, la protecci\u00f3n de especies amenazadas y el desarrollo sostenible.<\/p>\n<p>\u201cLos due\u00f1os de los predios que estamos reconociendo hoy como \u00c1reas de Conservaci\u00f3n Privadas (ACP), han decidido dedicarse a la conservaci\u00f3n de los ecosistemas, a no talar los \u00e1rboles, a mantener la diversidad biol\u00f3gica y a proteger las especies que all\u00ed viven. Es importante resaltar que estas personas cuidan el ambiente no solo en beneficio propio sino de todos los peruanos\u201d, sostuvo el ministro.<\/p>\n<p>Entre estos espacios destaca la de Los Chilchos, en la regi\u00f3n Amazonas, la m\u00e1s grande del pa\u00eds con 46 mil hect\u00e1reas, donde se no cazan animales silvestres, se evita la tala y quema de los bosques y se promueve el uso de productos org\u00e1nicos en la fertilizaci\u00f3n.<\/p>\n<p>Tamb\u00eden est\u00e1n la de Pucunucho (San Mart\u00edn), ubicada en una de las zonas m\u00e1s deforestadas y con las m\u00e1s altas temperaturas de la regi\u00f3n; El Gato (Madre de Dios), donde se promueve el turismo sostenible y la conservaci\u00f3n del bosque; Larga Vista I y II (San Mart\u00edn), amenazada por la degradaci\u00f3n del suelo; el Bosque Benjam\u00edn I y Camino Verde-Baltimore (Madre de Dios); as\u00ed como el Bosque de Palmeras de la Comunidad Campesina Taulia Molinopampa y Bosque Berl\u00edn (Amazonas).<\/p>\n<p>Fuente: Peru 21<\/p>\n","protected":false},"excerpt":{"rendered":"<p>El Ministerio del Ambiente (Minam) reconoci\u00f3 13 nuevas \u00c1reas de Conservaci\u00f3n Privada (ACP) en cinco regiones del pa\u00eds, con lo cual los lugares de este tipo suman un total de 61, lo que significa m\u00e1s de 250 mil hect\u00e1reas.<\/p>\n","protected":false},"author":3,"featured_media":2889,"comment_status":"open","ping_status":"open","sticky":false,"template":"","format":"standard","meta":{"footnotes":""},"categories":[5],"tags":[75,645,644],"class_list":["post-2888","post","type-post","status-publish","format-standard","has-post-thumbnail","hentry","category-ultimas-noticias","tag-amazonas","tag-areas-de-conservacion","tag-chilchos"],"featured_image_urls":{"full":["https:\/\/www.radioactiva.com.pe\/blogs\/wp-content\/uploads\/2013\/04\/Ministerio-del-ambiente.jpg",630,355,false],"thumbnail":["https:\/\/www.radioactiva.com.pe\/blogs\/wp-content\/uploads\/2013\/04\/Ministerio-del-ambiente-150x150.jpg",150,150,true],"medium":["https:\/\/www.radioactiva.com.pe\/blogs\/wp-content\/uploads\/2013\/04\/Ministerio-del-ambiente-300x169.jpg",300,169,true],"medium_large":["https:\/\/www.radioactiva.com.pe\/blogs\/wp-content\/uploads\/2013\/04\/Ministerio-del-ambiente.jpg",630,355,false],"large":["https:\/\/www.radioactiva.com.pe\/blogs\/wp-content\/uploads\/2013\/04\/Ministerio-del-ambiente.jpg",630,355,false],"wpsimplegallery_admin_thumb":["https:\/\/www.radioactiva.com.pe\/blogs\/wp-content\/uploads\/2013\/04\/Ministerio-del-ambiente.jpg",109,61,false],"wpsimplegallery_thumb":["https:\/\/www.radioactiva.com.pe\/blogs\/wp-content\/uploads\/2013\/04\/Ministerio-del-ambiente.jpg",100,56,false],"1536x1536":["https:\/\/www.radioactiva.com.pe\/blogs\/wp-content\/uploads\/2013\/04\/Ministerio-del-ambiente.jpg",630,355,false],"2048x2048":["https:\/\/www.radioactiva.com.pe\/blogs\/wp-content\/uploads\/2013\/04\/Ministerio-del-ambiente.jpg",630,355,false],"wp_review_large":["https:\/\/www.radioactiva.com.pe\/blogs\/wp-content\/uploads\/2013\/04\/Ministerio-del-ambiente.jpg",320,180,false],"wp_review_small":["https:\/\/www.radioactiva.com.pe\/blogs\/wp-content\/uploads\/2013\/04\/Ministerio-del-ambiente.jpg",65,37,false],"grandmagazine_blog_classic":["https:\/\/www.radioactiva.com.pe\/blogs\/wp-content\/uploads\/2013\/04\/Ministerio-del-ambiente.jpg",630,355,false],"grandmagazine_blog":["https:\/\/www.radioactiva.com.pe\/blogs\/wp-content\/uploads\/2013\/04\/Ministerio-del-ambiente.jpg",600,338,false],"woocommerce_thumbnail":["https:\/\/www.radioactiva.com.pe\/blogs\/wp-content\/uploads\/2013\/04\/Ministerio-del-ambiente.jpg",300,169,false],"woocommerce_single":["https:\/\/www.radioactiva.com.pe\/blogs\/wp-content\/uploads\/2013\/04\/Ministerio-del-ambiente.jpg",600,338,false],"woocommerce_gallery_thumbnail":["https:\/\/www.radioactiva.com.pe\/blogs\/wp-content\/uploads\/2013\/04\/Ministerio-del-ambiente.jpg",100,56,false]},"author_info":{"display_name":"Radioactiva","author_link":"https:\/\/www.radioactiva.com.pe\/blogs\/author\/percytv"},"category_info":"<a href=\"https:\/\/www.radioactiva.com.pe\/blogs\/secciones\/ultimas-noticias\" rel=\"category tag\">Noticias<\/a>","tag_info":"Noticias","comment_count":0,"_links":{"self":[{"href":"https:\/\/www.radioactiva.com.pe\/blogs\/wp-json\/wp\/v2\/posts\/2888","targetHints":{"allow":["GET"]}}],"collection":[{"href":"https:\/\/www.radioactiva.com.pe\/blogs\/wp-json\/wp\/v2\/posts"}],"about":[{"href":"https:\/\/www.radioactiva.com.pe\/blogs\/wp-json\/wp\/v2\/types\/post"}],"author":[{"embeddable":true,"href":"https:\/\/www.radioactiva.com.pe\/blogs\/wp-json\/wp\/v2\/users\/3"}],"replies":[{"embeddable":true,"href":"https:\/\/www.radioactiva.com.pe\/blogs\/wp-json\/wp\/v2\/comments?post=2888"}],"version-history":[{"count":0,"href":"https:\/\/www.radioactiva.com.pe\/blogs\/wp-json\/wp\/v2\/posts\/2888\/revisions"}],"wp:featuredmedia":[{"embeddable":true,"href":"https:\/\/www.radioactiva.com.pe\/blogs\/wp-json\/wp\/v2\/media\/2889"}],"wp:attachment":[{"href":"https:\/\/www.radioactiva.com.pe\/blogs\/wp-json\/wp\/v2\/media?parent=2888"}],"wp:term":[{"taxonomy":"category","embeddable":true,"href":"https:\/\/www.radioactiva.com.pe\/blogs\/wp-json\/wp\/v2\/categories?post=2888"},{"taxonomy":"post_tag","embeddable":true,"href":"https:\/\/www.radioactiva.com.pe\/blogs\/wp-json\/wp\/v2\/tags?post=2888"}],"curies":[{"name":"wp","href":"https:\/\/api.w.org\/{rel}","templated":true}]}}