{"id":2868,"date":"2013-03-21T10:27:19","date_gmt":"2013-03-21T15:27:19","guid":{"rendered":"http:\/\/www.radioactiva.com.pe\/blogs\/?p=2868"},"modified":"2013-04-07T12:40:59","modified_gmt":"2013-04-07T17:40:59","slug":"ministra-trivelli-participara-en-acto-por-primer-aniversario-de-cuna-mas-en-bagua","status":"publish","type":"post","link":"https:\/\/www.radioactiva.com.pe\/blogs\/ministra-trivelli-participara-en-acto-por-primer-aniversario-de-cuna-mas-en-bagua-noticia","title":{"rendered":"Ministra Trivelli participar\u00e1 en acto por primer aniversario de Cuna M\u00e1s en Bagua"},"content":{"rendered":"<div id=\"attachment_2869\" style=\"width: 310px\" class=\"wp-caption alignleft\"><a class=\"highslide\" onclick=\"return vz.expand(this)\" href=\"https:\/\/www.radioactiva.com.pe\/blogs\/wp-content\/uploads\/2013\/03\/CUNA_M11.jpg\"><img loading=\"lazy\" decoding=\"async\" aria-describedby=\"caption-attachment-2869\" class=\"size-medium wp-image-2869\" title=\"Cuna Mas Amazonas\" src=\"https:\/\/www.radioactiva.com.pe\/blogs\/wp-content\/uploads\/2013\/03\/CUNA_M11-300x168.jpg\" alt=\"Cuna Mas Amazonas\" width=\"300\" height=\"168\" \/><\/a><p id=\"caption-attachment-2869\" class=\"wp-caption-text\">Cuna Mas Amazonas<\/p><\/div>\n<p>La ministra de Desarrollo e Inclusi\u00f3n Social, Carolina Trivelli participar\u00e1 de las actividades por el primer aniversario del Programa Nacional Cuna M\u00e1s que se realizar\u00e1 en la provincia de Bagua, Regi\u00f3n Amazonas, este viernes 22 de marzo.<\/p>\n<p><!--more-->Trivelli, junto a la directora ejecutiva del programa Cuna M\u00e1s, Andrea Portugal, visitar\u00e1n con las diversas autoridades de la Regi\u00f3n los ambientes del Centro Infantil de Atenci\u00f3n Integral (CIAI) \u201cSemillitas\u201d ubicado en el Asentamiento Humano 18 de Enero del distrito de Bagua, y apreciar\u00e1n los trabajos que se ejecutan a favor de los ni\u00f1os y ni\u00f1as de la zona.<\/p>\n<p>Entre las autoridades que participar\u00e1n de esta visita se encuentran el presidente del Gobierno Regional de Amazonas, Jos\u00e9 Arista y el alcalde del distrito de Bagua, Ferry Torres, entre otros.<\/p>\n<p>El Programa Nacional Cuna M\u00e1s cumple un a\u00f1o brindando atenci\u00f3n integral a m\u00e1s de 62 mil ni\u00f1os y ni\u00f1as menores de 3 a\u00f1os de edad que viven en zonas de pobreza y pobreza extrema, a trav\u00e9s de m\u00e1s de 6 mil Servicios de Cuidado Diurno y 5 mil visitas a hogares con el Servicio de Acompa\u00f1amiento a Familias.<\/p>\n<p>Adem\u00e1s, el Centro Infantil de Atenci\u00f3n Integral (CIAI) Cuna M\u00e1s \u201cSemillitas\u201d de Bagua pertenece al Comit\u00e9 de Gesti\u00f3n Gotitas de Amor, en sus dos salas de aprendizaje brinda atenci\u00f3n integral a 24 ni\u00f1as y ni\u00f1os, y fue implementado en un local comunal construido por Foncodes en el a\u00f1o 2011.<\/p>\n<p>Cuna M\u00e1s apunta a crear las condiciones para que nuestros ni\u00f1os y ni\u00f1as tengan atenci\u00f3n especial del Estado en su primera infancia, etapa fundamental para el desarrollo de sus habilidades y que los prepara para dar un paso m\u00e1s en su desarrollo integral, resalt\u00f3 la entidad.<\/p>\n<p>&nbsp;<\/p>\n","protected":false},"excerpt":{"rendered":"<p>La ministra de Desarrollo e Inclusi\u00f3n Social, Carolina Trivelli participar\u00e1 de las actividades por el primer aniversario del Programa Nacional Cuna M\u00e1s que se realizar\u00e1 en la provincia de Bagua, Regi\u00f3n Amazonas, este viernes 22 de marzo.<\/p>\n","protected":false},"author":3,"featured_media":2869,"comment_status":"open","ping_status":"open","sticky":false,"template":"","format":"standard","meta":{"footnotes":""},"categories":[29,5],"tags":[75,639,640,641,642],"class_list":["post-2868","post","type-post","status-publish","format-standard","has-post-thumbnail","hentry","category-destacamos","category-ultimas-noticias","tag-amazonas","tag-cuna","tag-mas","tag-ministra","tag-trivelli"],"featured_image_urls":{"full":["https:\/\/www.radioactiva.com.pe\/blogs\/wp-content\/uploads\/2013\/03\/CUNA_M11.jpg",1600,898,false],"thumbnail":["https:\/\/www.radioactiva.com.pe\/blogs\/wp-content\/uploads\/2013\/03\/CUNA_M11-150x150.jpg",150,150,true],"medium":["https:\/\/www.radioactiva.com.pe\/blogs\/wp-content\/uploads\/2013\/03\/CUNA_M11-300x168.jpg",300,168,true],"medium_large":["https:\/\/www.radioactiva.com.pe\/blogs\/wp-content\/uploads\/2013\/03\/CUNA_M11-768x431.jpg",768,431,true],"large":["https:\/\/www.radioactiva.com.pe\/blogs\/wp-content\/uploads\/2013\/03\/CUNA_M11-1024x575.jpg",1024,575,true],"wpsimplegallery_admin_thumb":["https:\/\/www.radioactiva.com.pe\/blogs\/wp-content\/uploads\/2013\/03\/CUNA_M11.jpg",109,61,false],"wpsimplegallery_thumb":["https:\/\/www.radioactiva.com.pe\/blogs\/wp-content\/uploads\/2013\/03\/CUNA_M11.jpg",100,56,false],"1536x1536":["https:\/\/www.radioactiva.com.pe\/blogs\/wp-content\/uploads\/2013\/03\/CUNA_M11.jpg",1536,862,false],"2048x2048":["https:\/\/www.radioactiva.com.pe\/blogs\/wp-content\/uploads\/2013\/03\/CUNA_M11.jpg",1600,898,false],"wp_review_large":["https:\/\/www.radioactiva.com.pe\/blogs\/wp-content\/uploads\/2013\/03\/CUNA_M11.jpg",320,180,false],"wp_review_small":["https:\/\/www.radioactiva.com.pe\/blogs\/wp-content\/uploads\/2013\/03\/CUNA_M11.jpg",65,36,false],"grandmagazine_blog_classic":["https:\/\/www.radioactiva.com.pe\/blogs\/wp-content\/uploads\/2013\/03\/CUNA_M11.jpg",1024,575,false],"grandmagazine_blog":["https:\/\/www.radioactiva.com.pe\/blogs\/wp-content\/uploads\/2013\/03\/CUNA_M11.jpg",600,337,false],"woocommerce_thumbnail":["https:\/\/www.radioactiva.com.pe\/blogs\/wp-content\/uploads\/2013\/03\/CUNA_M11.jpg",300,168,false],"woocommerce_single":["https:\/\/www.radioactiva.com.pe\/blogs\/wp-content\/uploads\/2013\/03\/CUNA_M11.jpg",600,337,false],"woocommerce_gallery_thumbnail":["https:\/\/www.radioactiva.com.pe\/blogs\/wp-content\/uploads\/2013\/03\/CUNA_M11.jpg",100,56,false]},"author_info":{"display_name":"Radioactiva","author_link":"https:\/\/www.radioactiva.com.pe\/blogs\/author\/percytv"},"category_info":"<a href=\"https:\/\/www.radioactiva.com.pe\/blogs\/secciones\/destacamos\" rel=\"category tag\">Destacamos<\/a> <a href=\"https:\/\/www.radioactiva.com.pe\/blogs\/secciones\/ultimas-noticias\" rel=\"category tag\">Noticias<\/a>","tag_info":"Noticias","comment_count":0,"_links":{"self":[{"href":"https:\/\/www.radioactiva.com.pe\/blogs\/wp-json\/wp\/v2\/posts\/2868","targetHints":{"allow":["GET"]}}],"collection":[{"href":"https:\/\/www.radioactiva.com.pe\/blogs\/wp-json\/wp\/v2\/posts"}],"about":[{"href":"https:\/\/www.radioactiva.com.pe\/blogs\/wp-json\/wp\/v2\/types\/post"}],"author":[{"embeddable":true,"href":"https:\/\/www.radioactiva.com.pe\/blogs\/wp-json\/wp\/v2\/users\/3"}],"replies":[{"embeddable":true,"href":"https:\/\/www.radioactiva.com.pe\/blogs\/wp-json\/wp\/v2\/comments?post=2868"}],"version-history":[{"count":0,"href":"https:\/\/www.radioactiva.com.pe\/blogs\/wp-json\/wp\/v2\/posts\/2868\/revisions"}],"wp:featuredmedia":[{"embeddable":true,"href":"https:\/\/www.radioactiva.com.pe\/blogs\/wp-json\/wp\/v2\/media\/2869"}],"wp:attachment":[{"href":"https:\/\/www.radioactiva.com.pe\/blogs\/wp-json\/wp\/v2\/media?parent=2868"}],"wp:term":[{"taxonomy":"category","embeddable":true,"href":"https:\/\/www.radioactiva.com.pe\/blogs\/wp-json\/wp\/v2\/categories?post=2868"},{"taxonomy":"post_tag","embeddable":true,"href":"https:\/\/www.radioactiva.com.pe\/blogs\/wp-json\/wp\/v2\/tags?post=2868"}],"curies":[{"name":"wp","href":"https:\/\/api.w.org\/{rel}","templated":true}]}}