{"id":2851,"date":"2013-03-19T17:20:34","date_gmt":"2013-03-19T22:20:34","guid":{"rendered":"http:\/\/www.radioactiva.com.pe\/blogs\/?p=2851"},"modified":"2013-03-19T17:20:34","modified_gmt":"2013-03-19T22:20:34","slug":"se-firmo-contrato-de-concesion-para-el-interconectado-nacional-carhuaquero-caclic-moyobamba","status":"publish","type":"post","link":"https:\/\/www.radioactiva.com.pe\/blogs\/se-firmo-contrato-de-concesion-para-el-interconectado-nacional-carhuaquero-caclic-moyobamba-noticia","title":{"rendered":"Se firm\u00f3 contrato de concesi\u00f3n para el Interconectado Nacional Carhuaquero C\u00e1clic Moyobamba"},"content":{"rendered":"<p>La Regi\u00f3n Amazonas, conjuntamente con San Mart\u00edn y Cajamarca se incorporan al Sistema El\u00e9ctrico Interconectado Nacional gracias al proyecto de construcci\u00f3n de la L\u00ednea de Transmisi\u00f3n El\u00e9ctrica Carhuaquero \u2013 Cajamarca Norte \u2013 C\u00e1clic \u2013 Moyobamba en 220 kilovoltios, seg\u00fan inform\u00f3 el Presidente Regional de Amazonas, Jos\u00e9 Arista Arbildo, luego de participar en la ceremonia de suscripci\u00f3n de del contrato de concesi\u00f3n con la empresa ganadora de la buena pro del proyecto por un monto de inversi\u00f3n de 106 millones 897 mil d\u00f3lares.<!--more--><\/p>\n<p><a class=\"highslide\" onclick=\"return vz.expand(this)\" href=\"https:\/\/www.radioactiva.com.pe\/blogs\/wp-content\/uploads\/2013\/03\/electrificacion_11.jpg\"><img loading=\"lazy\" decoding=\"async\" class=\"alignleft size-medium wp-image-2852\" title=\"electrificacion_1[1]\" src=\"https:\/\/www.radioactiva.com.pe\/blogs\/wp-content\/uploads\/2013\/03\/electrificacion_11-300x200.jpg\" alt=\"\" width=\"300\" height=\"200\" \/><\/a>El evento desarrollado en la ciudad de Moyobamba, capital de la Regi\u00f3n San Mart\u00edn, tambi\u00e9n cont\u00f3 con la presencia del Presidente de la Rep\u00fablica, Ollanta Humala Tasso; del Ministro de Energ\u00eda y Minas, Jorge Merino Tafur; del Presidente Regional de San Mart\u00edn, C\u00e9sar Villanueva Ar\u00e9valo; entre otras autoridades locales.<\/p>\n<p>\u201cEs uno de los grandes proyectos energ\u00e9ticos que va a beneficiar a miles de familias de bajos recursos de las comunidades m\u00e1s pobres de nuestra regi\u00f3n\u201d afirm\u00f3 Jos\u00e9 Arista.\u00a0 Manifest\u00f3 asimismo que permitir\u00e1 dotar de un servicio de energ\u00eda de calidad que va a suplir las deficiencias que se presentan actualmente con los constantes apagones causando serios perjuicios, lo cual incluso es una limitante para la instalaci\u00f3n de equipos sofisticados y ahuyenta las oportunidades de inversi\u00f3n.<\/p>\n<p>Por su parte el Ministro de Energ\u00eda y Minas, Jorge Merino, destac\u00f3 la instalaci\u00f3n de m\u00e1s de 400 kil\u00f3metros de l\u00ednea de transmisi\u00f3n que permitir\u00e1 la cobertura del suministro en forma oportuna y de calidad.\u00a0 La l\u00ednea que llegar\u00e1 desde Carhuaquero brindar\u00e1 m\u00e1s confiabilidad al sistema para asegurar el abastecimiento energ\u00e9tico y completar\u00e1 la interconexi\u00f3n de los sistemas Bagua \u2013 Ja\u00e9n \u2013 C\u00e1clic \u2013 Chachapoyas \u2013 Moyobamba \u2013 Tarapoto con el SEIN, beneficiando a miles de familias.<\/p>\n<p>En una primera etapa la l\u00ednea de transmisi\u00f3n dotar\u00e1 de energ\u00eda a las ciudades y localidades de la zona rural de Amazonas, Cajamarca y San Mart\u00edn, para luego extenderse en una segunda etapa hacia Iquitos, v\u00eda una conexi\u00f3n con Yurimaguas, en la provincia de Alto Amazonas, Regi\u00f3n Loreto.<\/p>\n<p>Jorge Merino, inform\u00f3 tambi\u00e9n que su sector cuenta con recursos orientados a impulsar obras de electrificaci\u00f3n rural por lo que invoc\u00f3 a las autoridades locales coordinar con la Direcci\u00f3n General de Electrificaci\u00f3n Rural (DGER) a fin de llevar adelante proyectos en beneficio de las familias m\u00e1s pobres.<\/p>\n<p>&nbsp;<\/p>\n","protected":false},"excerpt":{"rendered":"<p>La Regi\u00f3n Amazonas, conjuntamente con San Mart\u00edn y Cajamarca se incorporan al Sistema El\u00e9ctrico Interconectado Nacional gracias al proyecto de construcci\u00f3n de la L\u00ednea de Transmisi\u00f3n El\u00e9ctrica Carhuaquero \u2013 Cajamarca Norte \u2013 C\u00e1clic \u2013 Moyobamba en 220 kilovoltios, seg\u00fan inform\u00f3 [&hellip;]<\/p>\n","protected":false},"author":3,"featured_media":2852,"comment_status":"open","ping_status":"open","sticky":false,"template":"","format":"standard","meta":{"footnotes":""},"categories":[29,5],"tags":[635],"class_list":["post-2851","post","type-post","status-publish","format-standard","has-post-thumbnail","hentry","category-destacamos","category-ultimas-noticias","tag-interconectado-carhuaquero-caclic-moyobamba-amazonas"],"featured_image_urls":{"full":["https:\/\/www.radioactiva.com.pe\/blogs\/wp-content\/uploads\/2013\/03\/electrificacion_11.jpg",820,548,false],"thumbnail":["https:\/\/www.radioactiva.com.pe\/blogs\/wp-content\/uploads\/2013\/03\/electrificacion_11-150x150.jpg",150,150,true],"medium":["https:\/\/www.radioactiva.com.pe\/blogs\/wp-content\/uploads\/2013\/03\/electrificacion_11-300x200.jpg",300,200,true],"medium_large":["https:\/\/www.radioactiva.com.pe\/blogs\/wp-content\/uploads\/2013\/03\/electrificacion_11-768x513.jpg",768,513,true],"large":["https:\/\/www.radioactiva.com.pe\/blogs\/wp-content\/uploads\/2013\/03\/electrificacion_11.jpg",820,548,false],"wpsimplegallery_admin_thumb":["https:\/\/www.radioactiva.com.pe\/blogs\/wp-content\/uploads\/2013\/03\/electrificacion_11.jpg",109,73,false],"wpsimplegallery_thumb":["https:\/\/www.radioactiva.com.pe\/blogs\/wp-content\/uploads\/2013\/03\/electrificacion_11.jpg",100,67,false],"1536x1536":["https:\/\/www.radioactiva.com.pe\/blogs\/wp-content\/uploads\/2013\/03\/electrificacion_11.jpg",820,548,false],"2048x2048":["https:\/\/www.radioactiva.com.pe\/blogs\/wp-content\/uploads\/2013\/03\/electrificacion_11.jpg",820,548,false],"wp_review_large":["https:\/\/www.radioactiva.com.pe\/blogs\/wp-content\/uploads\/2013\/03\/electrificacion_11.jpg",299,200,false],"wp_review_small":["https:\/\/www.radioactiva.com.pe\/blogs\/wp-content\/uploads\/2013\/03\/electrificacion_11.jpg",65,43,false],"grandmagazine_blog_classic":["https:\/\/www.radioactiva.com.pe\/blogs\/wp-content\/uploads\/2013\/03\/electrificacion_11.jpg",820,548,false],"grandmagazine_blog":["https:\/\/www.radioactiva.com.pe\/blogs\/wp-content\/uploads\/2013\/03\/electrificacion_11.jpg",600,401,false],"woocommerce_thumbnail":["https:\/\/www.radioactiva.com.pe\/blogs\/wp-content\/uploads\/2013\/03\/electrificacion_11.jpg",300,200,false],"woocommerce_single":["https:\/\/www.radioactiva.com.pe\/blogs\/wp-content\/uploads\/2013\/03\/electrificacion_11.jpg",600,401,false],"woocommerce_gallery_thumbnail":["https:\/\/www.radioactiva.com.pe\/blogs\/wp-content\/uploads\/2013\/03\/electrificacion_11.jpg",100,67,false]},"author_info":{"display_name":"Radioactiva","author_link":"https:\/\/www.radioactiva.com.pe\/blogs\/author\/percytv"},"category_info":"<a href=\"https:\/\/www.radioactiva.com.pe\/blogs\/secciones\/destacamos\" rel=\"category tag\">Destacamos<\/a> <a href=\"https:\/\/www.radioactiva.com.pe\/blogs\/secciones\/ultimas-noticias\" rel=\"category tag\">Noticias<\/a>","tag_info":"Noticias","comment_count":0,"_links":{"self":[{"href":"https:\/\/www.radioactiva.com.pe\/blogs\/wp-json\/wp\/v2\/posts\/2851","targetHints":{"allow":["GET"]}}],"collection":[{"href":"https:\/\/www.radioactiva.com.pe\/blogs\/wp-json\/wp\/v2\/posts"}],"about":[{"href":"https:\/\/www.radioactiva.com.pe\/blogs\/wp-json\/wp\/v2\/types\/post"}],"author":[{"embeddable":true,"href":"https:\/\/www.radioactiva.com.pe\/blogs\/wp-json\/wp\/v2\/users\/3"}],"replies":[{"embeddable":true,"href":"https:\/\/www.radioactiva.com.pe\/blogs\/wp-json\/wp\/v2\/comments?post=2851"}],"version-history":[{"count":0,"href":"https:\/\/www.radioactiva.com.pe\/blogs\/wp-json\/wp\/v2\/posts\/2851\/revisions"}],"wp:featuredmedia":[{"embeddable":true,"href":"https:\/\/www.radioactiva.com.pe\/blogs\/wp-json\/wp\/v2\/media\/2852"}],"wp:attachment":[{"href":"https:\/\/www.radioactiva.com.pe\/blogs\/wp-json\/wp\/v2\/media?parent=2851"}],"wp:term":[{"taxonomy":"category","embeddable":true,"href":"https:\/\/www.radioactiva.com.pe\/blogs\/wp-json\/wp\/v2\/categories?post=2851"},{"taxonomy":"post_tag","embeddable":true,"href":"https:\/\/www.radioactiva.com.pe\/blogs\/wp-json\/wp\/v2\/tags?post=2851"}],"curies":[{"name":"wp","href":"https:\/\/api.w.org\/{rel}","templated":true}]}}