{"id":2708,"date":"2013-01-09T07:37:03","date_gmt":"2013-01-09T12:37:03","guid":{"rendered":"http:\/\/www.radioactiva.com.pe\/blogs\/?p=2708"},"modified":"2013-01-11T20:16:48","modified_gmt":"2013-01-12T01:16:48","slug":"organizaciones-indigenas-de-amazonas-buscan-dialogo-con-el-ejecutivo-para-solucionar-demandas","status":"publish","type":"post","link":"https:\/\/www.radioactiva.com.pe\/blogs\/organizaciones-indigenas-de-amazonas-buscan-dialogo-con-el-ejecutivo-para-solucionar-demandas-noticia","title":{"rendered":"Organizaciones ind\u00edgenas de Amazonas buscan di\u00e1logo con el Ejecutivo para solucionar demandas"},"content":{"rendered":"<p><a class=\"highslide\" href=\"https:\/\/www.radioactiva.com.pe\/blogs\/wp-content\/uploads\/2013\/01\/Nativos-de-condorcanqui.jpg\"><img loading=\"lazy\" decoding=\"async\" class=\"alignleft size-medium wp-image-2709\" title=\"Nativos de condorcanqui\" src=\"https:\/\/www.radioactiva.com.pe\/blogs\/wp-content\/uploads\/2013\/01\/Nativos-de-condorcanqui-300x199.jpg\" alt=\"\" width=\"300\" height=\"199\" \/><\/a><\/p>\n<p>El Presidente del Frente de Defensa y Desarrollo de los Intereses de la Provincia de Condorcanqui, Sr.\u00a0 Carlos Altamirano Rafael, \u00a0y los representantes de las Organizaciones Ind\u00edgenas m\u00e1s representativas de la regi\u00f3n Amazonas, quienes se encuentran en Lima, acordaron postergar el inicio de las protestas que se han venido organizando en esta regi\u00f3n para poder ser escuchados por el Ejecutivo.<!--more--><\/p>\n<p>La delegaci\u00f3n de autoridades ind\u00edgenas lleg\u00f3 a\u00a0 la capital con el objetivo principal de reunirse con el Presidente del Consejo de Ministros, Juan Jim\u00e9nez, el Ministro de Transporte y Comunicaciones, Carlos Paredes \u00a0y \u00a0el Director Ejecutivo de Prov\u00edas Nacional, Ra\u00fal Torres, a fin de viabilizar la construcci\u00f3n de la carretera Durand-Sarameriza correspondiente al IV Eje Vial, uno de los proyectos emblem\u00e1ticos de la regi\u00f3n\u00a0 que viene siendo postergado por varias d\u00e9cadas.<\/p>\n<p>El congresita por Amazonas Eduardo Nayap, se\u00f1alo: He agotado la presentaci\u00f3n de este importante pedido ante todas las instancias correspondientes. Sin embargo, el \u00faltimo pedido que realic\u00e9 para que se incluya este proyecto dentro del presupuesto para el a\u00f1o fiscal 2013, no fue atendido.<\/p>\n<p>Cabe resaltar, que este tramo de la carretera es muy importante para la comunicaci\u00f3n, el comercio, la econom\u00eda, y por ende el desarrollo de la regi\u00f3n Amazonas.\u00a0 Por lo que, solicito se priorice su ejecuci\u00f3n.<\/p>\n<p>Mi pueblo est\u00e1 optando por el di\u00e1logo esperando escuchar y ser escuchados no dilatemos m\u00e1s esta situaci\u00f3n. Por lo que, solicito a las autoridades correspondientes recibir en sus despachos a la delegaci\u00f3n que se encuentra en la capital\u201d, indic\u00f3 el parlamentario.<\/p>\n<p>Fuente: RR.PP despacho congresal de Eduardo Nayap.<\/p>\n","protected":false},"excerpt":{"rendered":"<p>El Presidente del Frente de Defensa y Desarrollo de los Intereses de la Provincia de Condorcanqui, Sr.\u00a0 Carlos Altamirano Rafael, \u00a0y los representantes de las Organizaciones Ind\u00edgenas m\u00e1s representativas de la regi\u00f3n Amazonas, quienes se encuentran en Lima, acordaron postergar [&hellip;]<\/p>\n","protected":false},"author":3,"featured_media":2709,"comment_status":"open","ping_status":"open","sticky":false,"template":"","format":"standard","meta":{"footnotes":""},"categories":[29,5],"tags":[567],"class_list":["post-2708","post","type-post","status-publish","format-standard","has-post-thumbnail","hentry","category-destacamos","category-ultimas-noticias","tag-nativos-de-condorcanqui"],"featured_image_urls":{"full":["https:\/\/www.radioactiva.com.pe\/blogs\/wp-content\/uploads\/2013\/01\/Nativos-de-condorcanqui.jpg",1600,1064,false],"thumbnail":["https:\/\/www.radioactiva.com.pe\/blogs\/wp-content\/uploads\/2013\/01\/Nativos-de-condorcanqui-150x150.jpg",150,150,true],"medium":["https:\/\/www.radioactiva.com.pe\/blogs\/wp-content\/uploads\/2013\/01\/Nativos-de-condorcanqui-300x200.jpg",300,200,true],"medium_large":["https:\/\/www.radioactiva.com.pe\/blogs\/wp-content\/uploads\/2013\/01\/Nativos-de-condorcanqui-768x511.jpg",768,511,true],"large":["https:\/\/www.radioactiva.com.pe\/blogs\/wp-content\/uploads\/2013\/01\/Nativos-de-condorcanqui-1024x681.jpg",1024,681,true],"wpsimplegallery_admin_thumb":["https:\/\/www.radioactiva.com.pe\/blogs\/wp-content\/uploads\/2013\/01\/Nativos-de-condorcanqui.jpg",109,72,false],"wpsimplegallery_thumb":["https:\/\/www.radioactiva.com.pe\/blogs\/wp-content\/uploads\/2013\/01\/Nativos-de-condorcanqui.jpg",100,67,false],"1536x1536":["https:\/\/www.radioactiva.com.pe\/blogs\/wp-content\/uploads\/2013\/01\/Nativos-de-condorcanqui.jpg",1536,1021,false],"2048x2048":["https:\/\/www.radioactiva.com.pe\/blogs\/wp-content\/uploads\/2013\/01\/Nativos-de-condorcanqui.jpg",1600,1064,false],"wp_review_large":["https:\/\/www.radioactiva.com.pe\/blogs\/wp-content\/uploads\/2013\/01\/Nativos-de-condorcanqui.jpg",301,200,false],"wp_review_small":["https:\/\/www.radioactiva.com.pe\/blogs\/wp-content\/uploads\/2013\/01\/Nativos-de-condorcanqui.jpg",65,43,false],"grandmagazine_blog_classic":["https:\/\/www.radioactiva.com.pe\/blogs\/wp-content\/uploads\/2013\/01\/Nativos-de-condorcanqui.jpg",1024,681,false],"grandmagazine_blog":["https:\/\/www.radioactiva.com.pe\/blogs\/wp-content\/uploads\/2013\/01\/Nativos-de-condorcanqui.jpg",600,399,false],"woocommerce_thumbnail":["https:\/\/www.radioactiva.com.pe\/blogs\/wp-content\/uploads\/2013\/01\/Nativos-de-condorcanqui.jpg",300,200,false],"woocommerce_single":["https:\/\/www.radioactiva.com.pe\/blogs\/wp-content\/uploads\/2013\/01\/Nativos-de-condorcanqui.jpg",600,399,false],"woocommerce_gallery_thumbnail":["https:\/\/www.radioactiva.com.pe\/blogs\/wp-content\/uploads\/2013\/01\/Nativos-de-condorcanqui.jpg",100,67,false]},"author_info":{"display_name":"Radioactiva","author_link":"https:\/\/www.radioactiva.com.pe\/blogs\/author\/percytv"},"category_info":"<a href=\"https:\/\/www.radioactiva.com.pe\/blogs\/secciones\/destacamos\" rel=\"category tag\">Destacamos<\/a> <a href=\"https:\/\/www.radioactiva.com.pe\/blogs\/secciones\/ultimas-noticias\" rel=\"category tag\">Noticias<\/a>","tag_info":"Noticias","comment_count":0,"_links":{"self":[{"href":"https:\/\/www.radioactiva.com.pe\/blogs\/wp-json\/wp\/v2\/posts\/2708","targetHints":{"allow":["GET"]}}],"collection":[{"href":"https:\/\/www.radioactiva.com.pe\/blogs\/wp-json\/wp\/v2\/posts"}],"about":[{"href":"https:\/\/www.radioactiva.com.pe\/blogs\/wp-json\/wp\/v2\/types\/post"}],"author":[{"embeddable":true,"href":"https:\/\/www.radioactiva.com.pe\/blogs\/wp-json\/wp\/v2\/users\/3"}],"replies":[{"embeddable":true,"href":"https:\/\/www.radioactiva.com.pe\/blogs\/wp-json\/wp\/v2\/comments?post=2708"}],"version-history":[{"count":0,"href":"https:\/\/www.radioactiva.com.pe\/blogs\/wp-json\/wp\/v2\/posts\/2708\/revisions"}],"wp:featuredmedia":[{"embeddable":true,"href":"https:\/\/www.radioactiva.com.pe\/blogs\/wp-json\/wp\/v2\/media\/2709"}],"wp:attachment":[{"href":"https:\/\/www.radioactiva.com.pe\/blogs\/wp-json\/wp\/v2\/media?parent=2708"}],"wp:term":[{"taxonomy":"category","embeddable":true,"href":"https:\/\/www.radioactiva.com.pe\/blogs\/wp-json\/wp\/v2\/categories?post=2708"},{"taxonomy":"post_tag","embeddable":true,"href":"https:\/\/www.radioactiva.com.pe\/blogs\/wp-json\/wp\/v2\/tags?post=2708"}],"curies":[{"name":"wp","href":"https:\/\/api.w.org\/{rel}","templated":true}]}}