{"id":2677,"date":"2012-12-07T06:38:42","date_gmt":"2012-12-07T11:38:42","guid":{"rendered":"http:\/\/www.radioactiva.com.pe\/blogs\/?p=2677"},"modified":"2013-01-02T12:41:46","modified_gmt":"2013-01-02T17:41:46","slug":"luz-carolina-vigil-curo-es-la-nueva-presidenta-de-la-corte-de-justicia-de-amazonas","status":"publish","type":"post","link":"https:\/\/www.radioactiva.com.pe\/blogs\/luz-carolina-vigil-curo-es-la-nueva-presidenta-de-la-corte-de-justicia-de-amazonas-noticia","title":{"rendered":"Luz Carolina Vigil Curo,  es la nueva Presidenta de la Corte de Justicia de Amazonas."},"content":{"rendered":"<p><a class=\"highslide\" href=\"https:\/\/www.radioactiva.com.pe\/blogs\/wp-content\/uploads\/2012\/12\/Luz-Carolina-Vigil-Curo.jpg\"><img loading=\"lazy\" decoding=\"async\" class=\"alignleft size-medium wp-image-2678\" title=\"\" src=\"https:\/\/www.radioactiva.com.pe\/blogs\/wp-content\/uploads\/2012\/12\/Luz-Carolina-Vigil-Curo-300x225.jpg\" alt=\"\" width=\"300\" height=\"225\" \/><\/a><\/p>\n<p>Por segunda vez consecutiva una mujer ocupa el cargo de la presidencia de la Corte Superior de Justicia de Amazonas, en estricto cumplimiento al art\u00edculo 74 y 88\u00b0 de la Ley Org\u00e1nica del Poder Judicial, ayer jueves 06 de diciembre, en Sala Plena los Jueces Superiores Titulares de la Corte Superior de Justicia de Amazonas, eligieron a la nueva Presidenta de \u00e9sta Corte para el periodo 2013-2014.<!--more--><\/p>\n<p>La Dra. Luz Carolina Vigil Curo, resulto elegida dentro de seis jueces superiores elegibles en los que figuraban: el Dr. Delmiro Carrasco Garcia, el Dr. Alejandro Espino Mendez, la Dra. Nancy Consuelo Sanchez Hidalgo, el Dr. Hugo Mollinedo Valencia<br \/>\nel Dr. Gonzalo Zabarburu Saavedra, ademas de la Dra. Esperanza Tafur Gupioc, quien solo participo ejerciendfo su derecho a voto.<\/p>\n<p>La Dra. Esperanza Tafur Gupioc, quien ocupa el cargo de presidenta de la Corte de Amazonas en el periodo 2010-2012 \u00a0manifest\u00f3 que la nueva titular que juramentar\u00e1 el 1 de enero de 2013, recibir\u00e1 una Corte, que en los \u00faltimos a\u00f1os ha crecido, Jurisdiccional y Administrativamente as\u00ed como en sus necesidades siendo una de ellas, continuar con el Proyecto de la construcci\u00f3n del Palacio Judicial, que es anhelo de todos los que conforman la Corte Superior de Justicia de Amazonas.<\/p>\n<p>Por lo pronto, dijo, que ya deja saneado legalmente el terreno donado por parte del Gobierno Regional Amazonas, para que el sucesor o sucesora siga con las gestiones para la elaboraci\u00f3n del perfil t\u00e9cnico y la daci\u00f3n del presupuesto para la construcci\u00f3n del Palacio de Justicia de Amazonas.<\/p>\n<p>En el \u00e1mbito jurisdiccional, la Dra. Tafur, manifest\u00f3 que la Corte de Amazonas, ha sido beneficiada con la creaci\u00f3n y conversi\u00f3n de \u00f3rganos jurisdiccionales, pues durante su gesti\u00f3n ha tenido que sortear diversas dificultades para que algunos \u00f3rganos transitorios contin\u00faen con su labor en este distrito Judicial, por lo que hasta la fecha siguen funcionando cinco \u00f3rganos jurisdiccionales transitorios; dos Salas Penales y tres Juzgados Penales Liquidadores, en Chachapoyas, Utcubamba y Bagua, respectivamente, brindando tranquilidad a los trabajadores y seguridad jur\u00eddica de los litigantes y usuarios de la Administraci\u00f3n de Justicia.<\/p>\n","protected":false},"excerpt":{"rendered":"<p>Por segunda vez consecutiva una mujer ocupa el cargo de la presidencia de la Corte Superior de Justicia de Amazonas, en estricto cumplimiento al art\u00edculo 74 y 88\u00b0 de la Ley Org\u00e1nica del Poder Judicial, ayer jueves 06 de diciembre, [&hellip;]<\/p>\n","protected":false},"author":3,"featured_media":2678,"comment_status":"open","ping_status":"open","sticky":false,"template":"","format":"standard","meta":{"footnotes":""},"categories":[29,5],"tags":[564,565],"class_list":["post-2677","post","type-post","status-publish","format-standard","has-post-thumbnail","hentry","category-destacamos","category-ultimas-noticias","tag-corte-de-justicia-de-amazonas","tag-presdeinta-de-la-corte-chachapoyas-poder-judicial"],"featured_image_urls":{"full":["https:\/\/www.radioactiva.com.pe\/blogs\/wp-content\/uploads\/2012\/12\/Luz-Carolina-Vigil-Curo.jpg",800,600,false],"thumbnail":["https:\/\/www.radioactiva.com.pe\/blogs\/wp-content\/uploads\/2012\/12\/Luz-Carolina-Vigil-Curo-150x150.jpg",150,150,true],"medium":["https:\/\/www.radioactiva.com.pe\/blogs\/wp-content\/uploads\/2012\/12\/Luz-Carolina-Vigil-Curo-300x225.jpg",300,225,true],"medium_large":["https:\/\/www.radioactiva.com.pe\/blogs\/wp-content\/uploads\/2012\/12\/Luz-Carolina-Vigil-Curo-768x576.jpg",768,576,true],"large":["https:\/\/www.radioactiva.com.pe\/blogs\/wp-content\/uploads\/2012\/12\/Luz-Carolina-Vigil-Curo.jpg",800,600,false],"wpsimplegallery_admin_thumb":["https:\/\/www.radioactiva.com.pe\/blogs\/wp-content\/uploads\/2012\/12\/Luz-Carolina-Vigil-Curo.jpg",109,82,false],"wpsimplegallery_thumb":["https:\/\/www.radioactiva.com.pe\/blogs\/wp-content\/uploads\/2012\/12\/Luz-Carolina-Vigil-Curo.jpg",100,75,false],"1536x1536":["https:\/\/www.radioactiva.com.pe\/blogs\/wp-content\/uploads\/2012\/12\/Luz-Carolina-Vigil-Curo.jpg",800,600,false],"2048x2048":["https:\/\/www.radioactiva.com.pe\/blogs\/wp-content\/uploads\/2012\/12\/Luz-Carolina-Vigil-Curo.jpg",800,600,false],"wp_review_large":["https:\/\/www.radioactiva.com.pe\/blogs\/wp-content\/uploads\/2012\/12\/Luz-Carolina-Vigil-Curo.jpg",267,200,false],"wp_review_small":["https:\/\/www.radioactiva.com.pe\/blogs\/wp-content\/uploads\/2012\/12\/Luz-Carolina-Vigil-Curo.jpg",65,49,false],"grandmagazine_blog_classic":["https:\/\/www.radioactiva.com.pe\/blogs\/wp-content\/uploads\/2012\/12\/Luz-Carolina-Vigil-Curo.jpg",800,600,false],"grandmagazine_blog":["https:\/\/www.radioactiva.com.pe\/blogs\/wp-content\/uploads\/2012\/12\/Luz-Carolina-Vigil-Curo.jpg",600,450,false],"woocommerce_thumbnail":["https:\/\/www.radioactiva.com.pe\/blogs\/wp-content\/uploads\/2012\/12\/Luz-Carolina-Vigil-Curo.jpg",300,225,false],"woocommerce_single":["https:\/\/www.radioactiva.com.pe\/blogs\/wp-content\/uploads\/2012\/12\/Luz-Carolina-Vigil-Curo.jpg",600,450,false],"woocommerce_gallery_thumbnail":["https:\/\/www.radioactiva.com.pe\/blogs\/wp-content\/uploads\/2012\/12\/Luz-Carolina-Vigil-Curo.jpg",100,75,false]},"author_info":{"display_name":"Radioactiva","author_link":"https:\/\/www.radioactiva.com.pe\/blogs\/author\/percytv"},"category_info":"<a href=\"https:\/\/www.radioactiva.com.pe\/blogs\/secciones\/destacamos\" rel=\"category tag\">Destacamos<\/a> <a href=\"https:\/\/www.radioactiva.com.pe\/blogs\/secciones\/ultimas-noticias\" rel=\"category tag\">Noticias<\/a>","tag_info":"Noticias","comment_count":0,"_links":{"self":[{"href":"https:\/\/www.radioactiva.com.pe\/blogs\/wp-json\/wp\/v2\/posts\/2677","targetHints":{"allow":["GET"]}}],"collection":[{"href":"https:\/\/www.radioactiva.com.pe\/blogs\/wp-json\/wp\/v2\/posts"}],"about":[{"href":"https:\/\/www.radioactiva.com.pe\/blogs\/wp-json\/wp\/v2\/types\/post"}],"author":[{"embeddable":true,"href":"https:\/\/www.radioactiva.com.pe\/blogs\/wp-json\/wp\/v2\/users\/3"}],"replies":[{"embeddable":true,"href":"https:\/\/www.radioactiva.com.pe\/blogs\/wp-json\/wp\/v2\/comments?post=2677"}],"version-history":[{"count":0,"href":"https:\/\/www.radioactiva.com.pe\/blogs\/wp-json\/wp\/v2\/posts\/2677\/revisions"}],"wp:featuredmedia":[{"embeddable":true,"href":"https:\/\/www.radioactiva.com.pe\/blogs\/wp-json\/wp\/v2\/media\/2678"}],"wp:attachment":[{"href":"https:\/\/www.radioactiva.com.pe\/blogs\/wp-json\/wp\/v2\/media?parent=2677"}],"wp:term":[{"taxonomy":"category","embeddable":true,"href":"https:\/\/www.radioactiva.com.pe\/blogs\/wp-json\/wp\/v2\/categories?post=2677"},{"taxonomy":"post_tag","embeddable":true,"href":"https:\/\/www.radioactiva.com.pe\/blogs\/wp-json\/wp\/v2\/tags?post=2677"}],"curies":[{"name":"wp","href":"https:\/\/api.w.org\/{rel}","templated":true}]}}