{"id":2668,"date":"2012-11-26T06:48:05","date_gmt":"2012-11-26T11:48:05","guid":{"rendered":"http:\/\/www.radioactiva.com.pe\/blogs\/?p=2668"},"modified":"2013-01-02T12:44:38","modified_gmt":"2013-01-02T17:44:38","slug":"rinden-homenaje-a-personajes-destacados-de-la-region-amazonas","status":"publish","type":"post","link":"https:\/\/www.radioactiva.com.pe\/blogs\/rinden-homenaje-a-personajes-destacados-de-la-region-amazonas-noticia","title":{"rendered":"Rinden homenaje a personajes destacados de la regi\u00f3n Amazonas"},"content":{"rendered":"<p><a class=\"highslide\" href=\"https:\/\/www.radioactiva.com.pe\/blogs\/wp-content\/uploads\/2012\/11\/reconocimiento-01.jpg\"><img loading=\"lazy\" decoding=\"async\" class=\"alignleft size-medium wp-image-2669\" title=\"Familiares reciben reconocimiento a Don Ces\u00e1reo Torrej\u00f3n Ramos\" src=\"https:\/\/www.radioactiva.com.pe\/blogs\/wp-content\/uploads\/2012\/11\/reconocimiento-01-300x200.jpg\" alt=\"\" width=\"300\" height=\"200\" \/><\/a><\/p>\n<p>En el marco de las actividades por el 180\u00ba Aniversario de Creaci\u00f3n Pol\u00edtica del departamento de Amazonas y el 10\u00ba Aniversario del Gobierno Regional Amazonas, el Presidente Regional Amazonas, Jos\u00e9 Arista Arbildo, hizo p\u00fablico reconocimiento a tres personajes destacados que son ejemplo para la comunidad amazonense.\u00a0<!--more--><\/p>\n<p>Mediante Resoluci\u00f3n Ejecutiva fue reconocida la se\u00f1orita Eva Elena Vilca G\u00e1lvez de 15 a\u00f1os de edad, de la instituci\u00f3n educativa emblem\u00e1tica Toribio Rodr\u00edguez de Mendoza de San Nicol\u00e1s, en m\u00e9rito a haber ocupado el primer puesto a nivel nacional en los Juegos Deportivos Escolares 2012 en la disciplina de lanzamiento de disco, con el cual logro su pase a los XVIII Juegos Sudamericanos Escolares 2012 a realizarse en la ciudad de Natal, Brasil, en el mes de diciembre.<\/p>\n<p>Vilca G\u00e1lvez, tiene un total de 9 medallas, 5 de oro y 4 de plata en competencias de lanzamiento de disco y en carrera de 180 metros planos, y carrera de 4 por 4 postas, los a\u00f1os 2010, 2011 y 2012.<\/p>\n<p>Asimismo fue reconocido don Ces\u00e1reo Torrej\u00f3n Ramos, procedente de la ciudad de L\u00e1mud, en m\u00e9rito a su habilidad y creatividad al servicio de la producci\u00f3n, quien sin tener estudios secundarios ni superiores construy\u00f3 con habilidad y creatividad un molino de piedra, un aserradero, una trilladora con material de reciclaje, todo a base de tracci\u00f3n hidr\u00e1ulica, lo cual puso al servicio de agricultores y productores de la ciudad de L\u00e1mud y de los pueblos aleda\u00f1os.<\/p>\n<p>En la actualidad, el lugar denominado Molino de Piedra \u201cSan Jos\u00e9\u201d es considerado ya como Eco Museo, tambi\u00e9n declarado Patrimonio Cultural de la Provincia de Luya.<\/p>\n<p>A lo largo de m\u00e1s de 70 a\u00f1os impuls\u00f3 el mejoramiento de la producci\u00f3n agr\u00edcola realizando sembr\u00edos de nuevas variedades de papas incluyendo novedosas t\u00e9cnicas que se extendieron por toda la zona.<\/p>\n<p>De igual manera, el reconocimiento p\u00f3stumo al recordado maestro y escritor chachapoyano Humberto Santill\u00e1n Arista, autor del libro cl\u00e1sico de Castellano, autorizado por el Ministerio de Educaci\u00f3n, que a lo largo de 30 a\u00f1os entre la d\u00e9cada del cincuenta y setenta sirvieron de texto de consulta a varias generaciones escolares peruanos.<\/p>\n<p>Todos ellos recibieron la Resoluci\u00f3n Ejecutiva Regional respectiva y un pergamino como un gesto de gratitud y reconocimiento por la loable y fruct\u00edfera labor a favor del desarrollo de nuestra regi\u00f3n.<\/p>\n","protected":false},"excerpt":{"rendered":"<p>En el marco de las actividades por el 180\u00ba Aniversario de Creaci\u00f3n Pol\u00edtica del departamento de Amazonas y el 10\u00ba Aniversario del Gobierno Regional Amazonas, el Presidente Regional Amazonas, Jos\u00e9 Arista Arbildo, hizo p\u00fablico reconocimiento a tres personajes destacados que [&hellip;]<\/p>\n","protected":false},"author":3,"featured_media":2669,"comment_status":"open","ping_status":"open","sticky":false,"template":"","format":"standard","meta":{"footnotes":""},"categories":[29,5],"tags":[562],"class_list":["post-2668","post","type-post","status-publish","format-standard","has-post-thumbnail","hentry","category-destacamos","category-ultimas-noticias","tag-reconocimiento-personajes-de-amazonas"],"featured_image_urls":{"full":["https:\/\/www.radioactiva.com.pe\/blogs\/wp-content\/uploads\/2012\/11\/reconocimiento-01.jpg",1024,684,false],"thumbnail":["https:\/\/www.radioactiva.com.pe\/blogs\/wp-content\/uploads\/2012\/11\/reconocimiento-01-150x150.jpg",150,150,true],"medium":["https:\/\/www.radioactiva.com.pe\/blogs\/wp-content\/uploads\/2012\/11\/reconocimiento-01-300x200.jpg",300,200,true],"medium_large":["https:\/\/www.radioactiva.com.pe\/blogs\/wp-content\/uploads\/2012\/11\/reconocimiento-01-768x513.jpg",768,513,true],"large":["https:\/\/www.radioactiva.com.pe\/blogs\/wp-content\/uploads\/2012\/11\/reconocimiento-01-1024x684.jpg",1024,684,true],"wpsimplegallery_admin_thumb":["https:\/\/www.radioactiva.com.pe\/blogs\/wp-content\/uploads\/2012\/11\/reconocimiento-01.jpg",109,73,false],"wpsimplegallery_thumb":["https:\/\/www.radioactiva.com.pe\/blogs\/wp-content\/uploads\/2012\/11\/reconocimiento-01.jpg",100,67,false],"1536x1536":["https:\/\/www.radioactiva.com.pe\/blogs\/wp-content\/uploads\/2012\/11\/reconocimiento-01.jpg",1024,684,false],"2048x2048":["https:\/\/www.radioactiva.com.pe\/blogs\/wp-content\/uploads\/2012\/11\/reconocimiento-01.jpg",1024,684,false],"wp_review_large":["https:\/\/www.radioactiva.com.pe\/blogs\/wp-content\/uploads\/2012\/11\/reconocimiento-01.jpg",299,200,false],"wp_review_small":["https:\/\/www.radioactiva.com.pe\/blogs\/wp-content\/uploads\/2012\/11\/reconocimiento-01.jpg",65,43,false],"grandmagazine_blog_classic":["https:\/\/www.radioactiva.com.pe\/blogs\/wp-content\/uploads\/2012\/11\/reconocimiento-01.jpg",1024,684,false],"grandmagazine_blog":["https:\/\/www.radioactiva.com.pe\/blogs\/wp-content\/uploads\/2012\/11\/reconocimiento-01.jpg",600,401,false],"woocommerce_thumbnail":["https:\/\/www.radioactiva.com.pe\/blogs\/wp-content\/uploads\/2012\/11\/reconocimiento-01.jpg",300,200,false],"woocommerce_single":["https:\/\/www.radioactiva.com.pe\/blogs\/wp-content\/uploads\/2012\/11\/reconocimiento-01.jpg",600,401,false],"woocommerce_gallery_thumbnail":["https:\/\/www.radioactiva.com.pe\/blogs\/wp-content\/uploads\/2012\/11\/reconocimiento-01.jpg",100,67,false]},"author_info":{"display_name":"Radioactiva","author_link":"https:\/\/www.radioactiva.com.pe\/blogs\/author\/percytv"},"category_info":"<a href=\"https:\/\/www.radioactiva.com.pe\/blogs\/secciones\/destacamos\" rel=\"category tag\">Destacamos<\/a> <a href=\"https:\/\/www.radioactiva.com.pe\/blogs\/secciones\/ultimas-noticias\" rel=\"category tag\">Noticias<\/a>","tag_info":"Noticias","comment_count":0,"_links":{"self":[{"href":"https:\/\/www.radioactiva.com.pe\/blogs\/wp-json\/wp\/v2\/posts\/2668","targetHints":{"allow":["GET"]}}],"collection":[{"href":"https:\/\/www.radioactiva.com.pe\/blogs\/wp-json\/wp\/v2\/posts"}],"about":[{"href":"https:\/\/www.radioactiva.com.pe\/blogs\/wp-json\/wp\/v2\/types\/post"}],"author":[{"embeddable":true,"href":"https:\/\/www.radioactiva.com.pe\/blogs\/wp-json\/wp\/v2\/users\/3"}],"replies":[{"embeddable":true,"href":"https:\/\/www.radioactiva.com.pe\/blogs\/wp-json\/wp\/v2\/comments?post=2668"}],"version-history":[{"count":0,"href":"https:\/\/www.radioactiva.com.pe\/blogs\/wp-json\/wp\/v2\/posts\/2668\/revisions"}],"wp:featuredmedia":[{"embeddable":true,"href":"https:\/\/www.radioactiva.com.pe\/blogs\/wp-json\/wp\/v2\/media\/2669"}],"wp:attachment":[{"href":"https:\/\/www.radioactiva.com.pe\/blogs\/wp-json\/wp\/v2\/media?parent=2668"}],"wp:term":[{"taxonomy":"category","embeddable":true,"href":"https:\/\/www.radioactiva.com.pe\/blogs\/wp-json\/wp\/v2\/categories?post=2668"},{"taxonomy":"post_tag","embeddable":true,"href":"https:\/\/www.radioactiva.com.pe\/blogs\/wp-json\/wp\/v2\/tags?post=2668"}],"curies":[{"name":"wp","href":"https:\/\/api.w.org\/{rel}","templated":true}]}}