{"id":2646,"date":"2012-11-19T07:44:21","date_gmt":"2012-11-19T12:44:21","guid":{"rendered":"http:\/\/www.radioactiva.com.pe\/blogs\/?p=2646"},"modified":"2012-11-19T09:18:59","modified_gmt":"2012-11-19T14:18:59","slug":"medios-nacionales-informan-sobre-danos-al-capac-nan-en-chachapoyas","status":"publish","type":"post","link":"https:\/\/www.radioactiva.com.pe\/blogs\/medios-nacionales-informan-sobre-danos-al-capac-nan-en-chachapoyas-noticia","title":{"rendered":"Medios nacionales informan sobre da\u00f1os al Capac \u00d1an en Chachapoyas."},"content":{"rendered":"<p>Diversos medios de comunicaci\u00f3n de cobertura nacional han publicado la denuncia hecha por el Lic. Jos\u00e9 Trauco Ramos, Director Regional de Cultura de Amazona quien acus\u00f3 y denuncio ante la primeria fiscal\u00eda provincial de Chachapoyas al alcalde provincial de Chachapoyas,\u00a0 Di\u00f3genes Zavaleta Tenorio, por el da\u00f1o causado al camino inca que\u00a0 de da\u00f1ar &#8211;\u00a0 Capac \u00d1an\u00a0 ubicado en el caser\u00edo El Molino cerca de la ciudad de Chachapoyas capital de Amazonas.<\/p>\n<p><a class=\"highslide\" onclick=\"return vz.expand(this)\" href=\"https:\/\/www.radioactiva.com.pe\/blogs\/wp-content\/uploads\/2012\/11\/camino-inca-2.jpg\"><img loading=\"lazy\" decoding=\"async\" class=\"alignleft size-full wp-image-2647\" title=\"camino inca\" src=\"https:\/\/www.radioactiva.com.pe\/blogs\/wp-content\/uploads\/2012\/11\/camino-inca-2.jpg\" alt=\"\" width=\"284\" height=\"177\" \/><\/a><\/p>\n<p>Trauco Ramos, durante su estad\u00eda en Lima este fin de semana concedi\u00f3 sendas entrevistas a medios de prensa radiales y escritos, RPP, El Comercio, Agencia Andina, La Republica, entre otros, Aqu\u00ed algunas notas:<\/p>\n<p><strong>Diario La Rep\u00fablica.<\/strong><\/p>\n<p>La oportunidad de ponerlo en valor se fue con el primer desmonte de hist\u00f3ricas piedras removidas. Un tramo del Qhapaq \u00d1an, en Amazonas, gran Camino Inca de unos 600 a\u00f1os de antig\u00fcedad, ha sido destruido nada menos que por la propia municipalidad provincial de Chachapoyas, cuyo alcalde es Di\u00f3genes Zavaleta Tenorio.<\/p>\n<p>Se trata de un tramo de 200 metros en el sector conocido como El Molino. All\u00ed, donde antes se afirmaban una serie de lajas de piedras que marcaban el camino, visitado algunas veces por turistas, ahora se puede encontrar solo zanjas, mont\u00edculos de tierra y piedras fuera de su sitio. As\u00ed lo denunci\u00f3 el director regional de Cultura de Amazonas, Jos\u00e9 Trauco Ramos, quien se indigna al recordar con qu\u00e9 objetivo la municipalidad cometi\u00f3 el atropello: construir una trocha carrozable, es decir un camino por donde puedan transitar autom\u00f3viles hasta El Molino.<\/p>\n<p>\u00abLas obras se realizaron en junio sin ofrecer ninguna comunicaci\u00f3n. La direcci\u00f3n regional es la que tiene que dar los permisos para intervenir en estas \u00e1reas. Cuando nos enteramos de lo sucedido enviamos a un arque\u00f3logo para que constate los hechos y la conclusi\u00f3n fue que el da\u00f1o es irreversible\u00bb, se\u00f1ala Trauco Ramos.<\/p>\n<p>Pero existen adem\u00e1s dos razones que alimentan su indignaci\u00f3n. En principio, el camino estaba considerado ya entre las inversiones de la cooperaci\u00f3n japonesa para su puesta en valor. Ahora, a la luz de los hechos, es posible que esto entre en evaluaci\u00f3n.<\/p>\n<p>Por otro lado, el director regional denuncia tambi\u00e9n que la fiscal Lizbeth Su\u00e1rez, de la primera Fiscal\u00eda Provincial de Chachapoyas, dispuso diligencias que no se cumplieron con rigurosidad para terminar archivando el caso, que por supuesto se apel\u00f3 a la espera de que la instancia superior le d\u00e9 la importancia que merece.<\/p>\n<p>&nbsp;<\/p>\n<p><strong>El Comercio<\/strong><\/p>\n<p>Un tramo de 200 metros del sistema vial <a href=\"http:\/\/elcomercio.pe\/tag\/67814\/qhapaq-nan\" target=\"_blank\">Qhapaq \u00d1an<\/a> o Camino Inca, en el sector El Molino, provincia de <a href=\"http:\/\/elcomercio.pe\/tag\/8402\/chachapoyas\" target=\"_blank\">Chachapoyas<\/a>, regi\u00f3n Amazonas, fue destruido para construir una trocha carrozable, inform\u00f3 hoy el director regional de Cultura, Jos\u00e9 Trauco Ramos.<\/p>\n<p>Se\u00f1al\u00f3 que la obra estuvo a cargo del municipio provincial y se realiz\u00f3 sin dar aviso a su despacho, bajo el argumento de que desconoc\u00edan que se trataba de un camino incaico al no existir ning\u00fan tipo de se\u00f1alizaci\u00f3n.<\/p>\n<p>\u201cNo es posible que se desconozca que el Qhapaq \u00d1an atraviesa casi todos los andes y comprende como 400 kil\u00f3metros en Amazonas\u201d, sostuvo a la Agencia Andina.<\/p>\n<p>A\u00f1adi\u00f3 que lo sucedido implica una violaci\u00f3n a la Ley Org\u00e1nica de Municipalidades que se\u00f1ala la obligaci\u00f3n de las comunas de preservar y proteger el patrimonio cultural de su jurisdicci\u00f3n.<\/p>\n<p>Los trabajos en El Molino, a diez minutos de la ciudad de Chachapoyas, se realizaron para facilitar el acceso de los escolares al centro educativo primario Jos\u00e9 Abelardo Qui\u00f1ones.<\/p>\n<p>\u201cEso no lo ponemos en duda pero (la municipalidad) debi\u00f3 avisar a la Direcci\u00f3n Regional de Cultura y contar con un arque\u00f3logo que monitoree la actividad de la gente que realizaba el mejoramiento del tramo. Pod\u00eda haberse hecho un acceso paralelo u otra ruta\u201d, refiri\u00f3.<\/p>\n<p>Detall\u00f3 que este hecho tuvo lugar la primera semana de julio, en la madrugada, y al tomar conocimiento del mismo dispuso una inspecci\u00f3n y evaluaci\u00f3n de los da\u00f1os, por parte del arque\u00f3logo Manuel Malaver Pizarro.<\/p>\n<p><strong>INFORMES PREVIOS<\/strong><br \/>\nEl primer informe se remiti\u00f3 a la Direcci\u00f3n de Arqueolog\u00eda y a la Procuradur\u00eda P\u00fablica del <a href=\"http:\/\/elcomercio.pe\/tag\/7176\/ministerio-de-cultura\" target=\"_blank\">Ministerio de Cultura<\/a>. Esta \u00faltima oficina decidi\u00f3 presentar el 14 de agosto una denuncia penal contra el alcalde Di\u00f3genes Zavaleta Tenorio.<\/p>\n<p>Luego la titular de la Primera Fiscal\u00eda provincial de Chachapoyas, Lizbeth Su\u00e1rez, dispuso una primera inspecci\u00f3n de constataci\u00f3n para el 10 de setiembre, a la que no asisti\u00f3 el alcalde, a pesar de que envi\u00f3 las notificaciones a ambas partes.<\/p>\n<p>Una nueva diligencia fue programada para el 21 de setiembre pero se suspendi\u00f3 por falta de garant\u00edas para el personal del Ministerio de Cultura, porque no se convoc\u00f3 a la Polic\u00eda Nacional.<\/p>\n<p>La \u00faltima diligencia se realiz\u00f3 el 4 de octubre con la presencia del arque\u00f3logo perito del Instituto de Arqueolog\u00eda y Antropolog\u00eda Kuelap, Johnny Rohoy Siccia Garc\u00eda, quien confirm\u00f3 los da\u00f1os irreparables, dijo Trauco.<\/p>\n<p>Sin embargo, seg\u00fan el funcionario, el pasado 6 de noviembre Su\u00e1rez V\u00e1squez dispuso no formalizar ni continuar con la investigaci\u00f3n y archiv\u00f3 el caso.<\/p>\n<p>Previamente, la fiscal solicit\u00f3 al Ministerio de Cultura que demuestre la existencia del Qhapaq \u00d1an, lo cual se corrobor\u00f3 con fotograf\u00edas, v\u00eddeos y los informes de los arque\u00f3logos.<\/p>\n<p><strong>BENEFICIAR AL ALCALDE<\/strong><br \/>\nPese a ello, agreg\u00f3, los considerados de la resoluci\u00f3n fiscal se orientan a justificar al alcalde, aduciendo que si bien existe el patrimonio cultural su actitud es at\u00edpica pero no penal, porque se antepone el bienestar de los alumnos.<\/p>\n<p>Trauco Ramos subray\u00f3 que apelaron la decisi\u00f3n fiscal el 12 de noviembre y esperan que las instancias superiores eval\u00faen todo lo actuado y ordenen la ampliaci\u00f3n de las investigaciones.<\/p>\n<p>&nbsp;<\/p>\n","protected":false},"excerpt":{"rendered":"<p>Diversos medios de comunicaci\u00f3n de cobertura nacional han publicado la denuncia hecha por el Lic. Jos\u00e9 Trauco Ramos, Director Regional de Cultura de Amazona quien acus\u00f3 y denuncio ante la primeria fiscal\u00eda provincial de Chachapoyas al alcalde provincial de Chachapoyas,\u00a0 [&hellip;]<\/p>\n","protected":false},"author":3,"featured_media":2647,"comment_status":"open","ping_status":"open","sticky":false,"template":"","format":"standard","meta":{"footnotes":""},"categories":[29,5],"tags":[92,555,22,557,556],"class_list":["post-2646","post","type-post","status-publish","format-standard","has-post-thumbnail","hentry","category-destacamos","category-ultimas-noticias","tag-alcalde","tag-capac","tag-chachapoyas","tag-jose-trauco","tag-nan"],"featured_image_urls":{"full":["https:\/\/www.radioactiva.com.pe\/blogs\/wp-content\/uploads\/2012\/11\/camino-inca-2.jpg",284,177,false],"thumbnail":["https:\/\/www.radioactiva.com.pe\/blogs\/wp-content\/uploads\/2012\/11\/camino-inca-2-150x150.jpg",150,150,true],"medium":["https:\/\/www.radioactiva.com.pe\/blogs\/wp-content\/uploads\/2012\/11\/camino-inca-2.jpg",284,177,false],"medium_large":["https:\/\/www.radioactiva.com.pe\/blogs\/wp-content\/uploads\/2012\/11\/camino-inca-2.jpg",284,177,false],"large":["https:\/\/www.radioactiva.com.pe\/blogs\/wp-content\/uploads\/2012\/11\/camino-inca-2.jpg",284,177,false],"wpsimplegallery_admin_thumb":["https:\/\/www.radioactiva.com.pe\/blogs\/wp-content\/uploads\/2012\/11\/camino-inca-2.jpg",109,68,false],"wpsimplegallery_thumb":["https:\/\/www.radioactiva.com.pe\/blogs\/wp-content\/uploads\/2012\/11\/camino-inca-2.jpg",100,62,false],"1536x1536":["https:\/\/www.radioactiva.com.pe\/blogs\/wp-content\/uploads\/2012\/11\/camino-inca-2.jpg",284,177,false],"2048x2048":["https:\/\/www.radioactiva.com.pe\/blogs\/wp-content\/uploads\/2012\/11\/camino-inca-2.jpg",284,177,false],"wp_review_large":["https:\/\/www.radioactiva.com.pe\/blogs\/wp-content\/uploads\/2012\/11\/camino-inca-2.jpg",284,177,false],"wp_review_small":["https:\/\/www.radioactiva.com.pe\/blogs\/wp-content\/uploads\/2012\/11\/camino-inca-2.jpg",65,41,false],"grandmagazine_blog_classic":["https:\/\/www.radioactiva.com.pe\/blogs\/wp-content\/uploads\/2012\/11\/camino-inca-2.jpg",284,177,false],"grandmagazine_blog":["https:\/\/www.radioactiva.com.pe\/blogs\/wp-content\/uploads\/2012\/11\/camino-inca-2.jpg",284,177,false],"woocommerce_thumbnail":["https:\/\/www.radioactiva.com.pe\/blogs\/wp-content\/uploads\/2012\/11\/camino-inca-2.jpg",284,177,false],"woocommerce_single":["https:\/\/www.radioactiva.com.pe\/blogs\/wp-content\/uploads\/2012\/11\/camino-inca-2.jpg",284,177,false],"woocommerce_gallery_thumbnail":["https:\/\/www.radioactiva.com.pe\/blogs\/wp-content\/uploads\/2012\/11\/camino-inca-2.jpg",100,62,false]},"author_info":{"display_name":"Radioactiva","author_link":"https:\/\/www.radioactiva.com.pe\/blogs\/author\/percytv"},"category_info":"<a href=\"https:\/\/www.radioactiva.com.pe\/blogs\/secciones\/destacamos\" rel=\"category tag\">Destacamos<\/a> <a href=\"https:\/\/www.radioactiva.com.pe\/blogs\/secciones\/ultimas-noticias\" rel=\"category tag\">Noticias<\/a>","tag_info":"Noticias","comment_count":0,"_links":{"self":[{"href":"https:\/\/www.radioactiva.com.pe\/blogs\/wp-json\/wp\/v2\/posts\/2646","targetHints":{"allow":["GET"]}}],"collection":[{"href":"https:\/\/www.radioactiva.com.pe\/blogs\/wp-json\/wp\/v2\/posts"}],"about":[{"href":"https:\/\/www.radioactiva.com.pe\/blogs\/wp-json\/wp\/v2\/types\/post"}],"author":[{"embeddable":true,"href":"https:\/\/www.radioactiva.com.pe\/blogs\/wp-json\/wp\/v2\/users\/3"}],"replies":[{"embeddable":true,"href":"https:\/\/www.radioactiva.com.pe\/blogs\/wp-json\/wp\/v2\/comments?post=2646"}],"version-history":[{"count":0,"href":"https:\/\/www.radioactiva.com.pe\/blogs\/wp-json\/wp\/v2\/posts\/2646\/revisions"}],"wp:featuredmedia":[{"embeddable":true,"href":"https:\/\/www.radioactiva.com.pe\/blogs\/wp-json\/wp\/v2\/media\/2647"}],"wp:attachment":[{"href":"https:\/\/www.radioactiva.com.pe\/blogs\/wp-json\/wp\/v2\/media?parent=2646"}],"wp:term":[{"taxonomy":"category","embeddable":true,"href":"https:\/\/www.radioactiva.com.pe\/blogs\/wp-json\/wp\/v2\/categories?post=2646"},{"taxonomy":"post_tag","embeddable":true,"href":"https:\/\/www.radioactiva.com.pe\/blogs\/wp-json\/wp\/v2\/tags?post=2646"}],"curies":[{"name":"wp","href":"https:\/\/api.w.org\/{rel}","templated":true}]}}