{"id":2532,"date":"2012-08-10T06:41:58","date_gmt":"2012-08-10T11:41:58","guid":{"rendered":"http:\/\/www.radioactiva.com.pe\/blogs\/?p=2532"},"modified":"2012-08-10T06:41:58","modified_gmt":"2012-08-10T11:41:58","slug":"ii-congreso-nacional-de-fiscales-ambientales-en-chachapoyas","status":"publish","type":"post","link":"https:\/\/www.radioactiva.com.pe\/blogs\/ii-congreso-nacional-de-fiscales-ambientales-en-chachapoyas-noticia","title":{"rendered":"II congreso nacional de fiscales ambientales en Chachapoyas"},"content":{"rendered":"<p>El Ministerio P\u00fablico realizar\u00e1 el II Congreso Nacional de Fiscales Ambientales, en la ciudad de Chachapoyas, el cual contar\u00e1 con la presencia del fiscal dela Naci\u00f3n, Dr. Jos\u00e9 Antonio Pel\u00e1ez Bardales, as\u00ed como diversas personalidades del \u00e1mbito nacional e \u00a0internacional.<\/p>\n<p><a class=\"highslide\" onclick=\"return vz.expand(this)\" href=\"https:\/\/www.radioactiva.com.pe\/blogs\/wp-content\/uploads\/2012\/08\/honoris_causa_pelaez.jpg\"><img loading=\"lazy\" decoding=\"async\" class=\"alignleft size-medium wp-image-2533\" title=\"\" src=\"https:\/\/www.radioactiva.com.pe\/blogs\/wp-content\/uploads\/2012\/08\/honoris_causa_pelaez-300x199.jpg\" alt=\"\" width=\"300\" height=\"199\" \/><\/a><\/p>\n<p>Este evento se desarrollar\u00e1 el d\u00eda domingo 12 de los corrientes en las instalaciones del museo arqueol\u00f3gico de Santa Ana desde las 9:00 de la ma\u00f1ana.<\/p>\n<p>El congreso tiene la finalidad de abordar los avances en la persecuci\u00f3n y prevenci\u00f3n de los delitos ambientales en procura de una explotaci\u00f3n racional de los recursos naturales, en concordancia con los intereses nacionales.<\/p>\n<p>Este nuevo c\u00f3nclave volver\u00e1 a reunir a fiscales especializados en materia ambiental, quienes junto a sus pares de otros pa\u00edses, durante tres d\u00edas, analizar\u00e1n y debatir\u00e1n diversos temas inherentes al ambiente.<\/p>\n<p>Se abordar\u00e1n temas como \u201cJusticia Ambiental y Pol\u00edticas Municipales de Gesti\u00f3n Municipal\u201d, \u201cDelitos ambientales y manejo de residuos s\u00f3lidos en establecimientos de salud\u201d, \u201cDelitos ambientales y recursos h\u00eddricos\u201d, \u201cEducaci\u00f3n y prevenci\u00f3n ambiental\u201d, \u201cEl delito de miner\u00eda ilegal en el Per\u00fa\u201d, \u201cConservaci\u00f3n de los bosques y cambio clim\u00e1tico\u201d, \u201cDelitos forestales en el C\u00f3digo Penal\u201d y \u201cDelitos forestales y de fauna silvestre\u201d, entre otros.<\/p>\n<p>&nbsp;<\/p>\n<p>A este importante foro han sido convocados destacados expositores como el Dr. Hugo Enrique Ca\u00f1iza, director de Medio Ambiente dela Municipalidadde Asunci\u00f3n (Uruguay); Dr. Aquilino V\u00e1squez Garc\u00eda, presidente dela Liga Mundialde Abogados Ambientales (M\u00e9xico); Dr. Luis Esteves Scaloppe, fiscal de Medio Ambiente y Urbanismo del Estado de Mato Grosso (Brasil); Dr. Adri\u00e1n Meza Soza, rector dela Universidad PauloFreire (Nicaragua), entre otros.<\/p>\n","protected":false},"excerpt":{"rendered":"<p>El Ministerio P\u00fablico realizar\u00e1 el II Congreso Nacional de Fiscales Ambientales, en la ciudad de Chachapoyas, el cual contar\u00e1 con la presencia del fiscal dela Naci\u00f3n, Dr. Jos\u00e9 Antonio Pel\u00e1ez Bardales, as\u00ed como diversas personalidades del \u00e1mbito nacional e \u00a0internacional. [&hellip;]<\/p>\n","protected":false},"author":3,"featured_media":2533,"comment_status":"open","ping_status":"open","sticky":false,"template":"","format":"standard","meta":{"footnotes":""},"categories":[29,5],"tags":[],"class_list":["post-2532","post","type-post","status-publish","format-standard","has-post-thumbnail","hentry","category-destacamos","category-ultimas-noticias"],"featured_image_urls":{"full":["https:\/\/www.radioactiva.com.pe\/blogs\/wp-content\/uploads\/2012\/08\/honoris_causa_pelaez.jpg",800,533,false],"thumbnail":["https:\/\/www.radioactiva.com.pe\/blogs\/wp-content\/uploads\/2012\/08\/honoris_causa_pelaez-150x150.jpg",150,150,true],"medium":["https:\/\/www.radioactiva.com.pe\/blogs\/wp-content\/uploads\/2012\/08\/honoris_causa_pelaez-300x200.jpg",300,200,true],"medium_large":["https:\/\/www.radioactiva.com.pe\/blogs\/wp-content\/uploads\/2012\/08\/honoris_causa_pelaez-768x512.jpg",768,512,true],"large":["https:\/\/www.radioactiva.com.pe\/blogs\/wp-content\/uploads\/2012\/08\/honoris_causa_pelaez.jpg",800,533,false],"wpsimplegallery_admin_thumb":["https:\/\/www.radioactiva.com.pe\/blogs\/wp-content\/uploads\/2012\/08\/honoris_causa_pelaez.jpg",109,73,false],"wpsimplegallery_thumb":["https:\/\/www.radioactiva.com.pe\/blogs\/wp-content\/uploads\/2012\/08\/honoris_causa_pelaez.jpg",100,67,false],"1536x1536":["https:\/\/www.radioactiva.com.pe\/blogs\/wp-content\/uploads\/2012\/08\/honoris_causa_pelaez.jpg",800,533,false],"2048x2048":["https:\/\/www.radioactiva.com.pe\/blogs\/wp-content\/uploads\/2012\/08\/honoris_causa_pelaez.jpg",800,533,false],"wp_review_large":["https:\/\/www.radioactiva.com.pe\/blogs\/wp-content\/uploads\/2012\/08\/honoris_causa_pelaez.jpg",300,200,false],"wp_review_small":["https:\/\/www.radioactiva.com.pe\/blogs\/wp-content\/uploads\/2012\/08\/honoris_causa_pelaez.jpg",65,43,false],"grandmagazine_blog_classic":["https:\/\/www.radioactiva.com.pe\/blogs\/wp-content\/uploads\/2012\/08\/honoris_causa_pelaez.jpg",800,533,false],"grandmagazine_blog":["https:\/\/www.radioactiva.com.pe\/blogs\/wp-content\/uploads\/2012\/08\/honoris_causa_pelaez.jpg",600,400,false],"woocommerce_thumbnail":["https:\/\/www.radioactiva.com.pe\/blogs\/wp-content\/uploads\/2012\/08\/honoris_causa_pelaez.jpg",300,200,false],"woocommerce_single":["https:\/\/www.radioactiva.com.pe\/blogs\/wp-content\/uploads\/2012\/08\/honoris_causa_pelaez.jpg",600,400,false],"woocommerce_gallery_thumbnail":["https:\/\/www.radioactiva.com.pe\/blogs\/wp-content\/uploads\/2012\/08\/honoris_causa_pelaez.jpg",100,67,false]},"author_info":{"display_name":"Radioactiva","author_link":"https:\/\/www.radioactiva.com.pe\/blogs\/author\/percytv"},"category_info":"<a href=\"https:\/\/www.radioactiva.com.pe\/blogs\/secciones\/destacamos\" rel=\"category tag\">Destacamos<\/a> <a href=\"https:\/\/www.radioactiva.com.pe\/blogs\/secciones\/ultimas-noticias\" rel=\"category tag\">Noticias<\/a>","tag_info":"Noticias","comment_count":0,"_links":{"self":[{"href":"https:\/\/www.radioactiva.com.pe\/blogs\/wp-json\/wp\/v2\/posts\/2532","targetHints":{"allow":["GET"]}}],"collection":[{"href":"https:\/\/www.radioactiva.com.pe\/blogs\/wp-json\/wp\/v2\/posts"}],"about":[{"href":"https:\/\/www.radioactiva.com.pe\/blogs\/wp-json\/wp\/v2\/types\/post"}],"author":[{"embeddable":true,"href":"https:\/\/www.radioactiva.com.pe\/blogs\/wp-json\/wp\/v2\/users\/3"}],"replies":[{"embeddable":true,"href":"https:\/\/www.radioactiva.com.pe\/blogs\/wp-json\/wp\/v2\/comments?post=2532"}],"version-history":[{"count":0,"href":"https:\/\/www.radioactiva.com.pe\/blogs\/wp-json\/wp\/v2\/posts\/2532\/revisions"}],"wp:featuredmedia":[{"embeddable":true,"href":"https:\/\/www.radioactiva.com.pe\/blogs\/wp-json\/wp\/v2\/media\/2533"}],"wp:attachment":[{"href":"https:\/\/www.radioactiva.com.pe\/blogs\/wp-json\/wp\/v2\/media?parent=2532"}],"wp:term":[{"taxonomy":"category","embeddable":true,"href":"https:\/\/www.radioactiva.com.pe\/blogs\/wp-json\/wp\/v2\/categories?post=2532"},{"taxonomy":"post_tag","embeddable":true,"href":"https:\/\/www.radioactiva.com.pe\/blogs\/wp-json\/wp\/v2\/tags?post=2532"}],"curies":[{"name":"wp","href":"https:\/\/api.w.org\/{rel}","templated":true}]}}