{"id":1944,"date":"2011-11-08T09:21:33","date_gmt":"2011-11-08T14:21:33","guid":{"rendered":"http:\/\/www.radioactiva.com.pe\/blogs\/?p=1944"},"modified":"2011-11-08T09:21:33","modified_gmt":"2011-11-08T14:21:33","slug":"equipo-especial-de-la-pnp-se-encuentra-en-bagua-para-reiniciar-busqueda-de-mayor-bazan","status":"publish","type":"post","link":"https:\/\/www.radioactiva.com.pe\/blogs\/equipo-especial-de-la-pnp-se-encuentra-en-bagua-para-reiniciar-busqueda-de-mayor-bazan-noticia","title":{"rendered":"Equipo especial de la PNP se encuentra en Bagua para reiniciar b\u00fasqueda de mayor Baz\u00e1n"},"content":{"rendered":"<p>Un equipo especial de la Polic\u00eda Nacional lleg\u00f3 a Amazonas para reiniciar la b\u00fasqueda del mayor Felipe Baz\u00e1n, desaparecido durante el denominado \u201cBaguazo\u201d, el 5 de junio de 2009, inform\u00f3 hoy el ministro del Interior, \u00d3scar Vald\u00e9s Dancuart.<!--more--><\/p>\n<div id=\"attachment_1945\" style=\"width: 310px\" class=\"wp-caption alignleft\"><a class=\"highslide\" onclick=\"return vz.expand(this)\" href=\"https:\/\/www.radioactiva.com.pe\/blogs\/wp-content\/uploads\/2011\/11\/ministro-interior-fiscal.jpg\"><img loading=\"lazy\" decoding=\"async\" aria-describedby=\"caption-attachment-1945\" class=\"size-medium wp-image-1945\" title=\"Ministro de Interior anunci\u00f3 presencia de equipo especial de PNP\" src=\"https:\/\/www.radioactiva.com.pe\/blogs\/wp-content\/uploads\/2011\/11\/ministro-interior-fiscal-300x199.jpg\" alt=\"Ministro de Interior anunci\u00f3 presencia de equipo especial de PNP\" width=\"300\" height=\"199\" \/><\/a><p id=\"caption-attachment-1945\" class=\"wp-caption-text\">Ministro de Interior anunci\u00f3 presencia de equipo especial de PNP (Foto: Andina)<\/p><\/div>\n<p>En declaraciones a la prensa se\u00f1al\u00f3: \u201cEsta ma\u00f1ana conformamos un equipo especializado de la Polic\u00eda Nacional, que estar\u00e1 dotado del presupuesto necesario para que se hagan todas las averiguaciones, (&#8230;) para determinar si el mayor (Baz\u00e1n) est\u00e1 vivo o ha sido eliminado\u201d.<\/p>\n<p>Tras precisar que el equipo reiniciar\u00e1 la b\u00fasqueda de Baz\u00e1n en los pr\u00f3ximos dos d\u00edas, una vez que elabore su plan de acci\u00f3n, Vald\u00e9s refiri\u00f3 que se ha establecido un plazo de 30 d\u00edas para culminar con esta labor.<\/p>\n<p>\u201cComo comprender\u00e1n no es lo mismo que se mantenga un cad\u00e1ver en la selva como en la sierra\u00bb, advirti\u00f3 tras indicar que, por ejemplo, las lluvias \u00abentierran todo lo que queda\u201d.<\/p>\n<p>Aclar\u00f3, sin embargo, que su portafolio har\u00e1 un esfuerzo para determinar cu\u00e1l fue el desenlace del mayor Baz\u00e1n y \u201cllevar a la familia un resultado que le permita, por lo menos, tener claro qu\u00e9 pas\u00f3 (&#8230;)\u00bb.<\/p>\n<p>El mayor Felipe Baz\u00e1n desapareci\u00f3 tras la operaci\u00f3n policial de desalojo de nativos en Bagua Grande, capital de la provincia de Utcubamba, Amazonas, que dej\u00f3 m\u00e1s de 30 muertos, entre polic\u00edas y civiles.<\/p>\n<p>Vald\u00e9s brind\u00f3 declaraciones a la prensa este mediod\u00eda luego de informar sobre el trabajo realizado por la Polic\u00eda Nacional y el Ministerio P\u00fablico, que permiti\u00f3 desarticular una organizaci\u00f3n criminal dedicada al lavado de activos, producto del narcotr\u00e1fico.<\/p>\n","protected":false},"excerpt":{"rendered":"<p>Un equipo especial de la Polic\u00eda Nacional lleg\u00f3 a Amazonas para reiniciar la b\u00fasqueda del mayor Felipe Baz\u00e1n, desaparecido durante el denominado \u201cBaguazo\u201d, el 5 de junio de 2009, inform\u00f3 hoy el ministro del Interior, \u00d3scar Vald\u00e9s Dancuart.<\/p>\n","protected":false},"author":1,"featured_media":1945,"comment_status":"open","ping_status":"open","sticky":false,"template":"","format":"standard","meta":{"footnotes":""},"categories":[29,5],"tags":[329,395,150],"class_list":["post-1944","post","type-post","status-publish","format-standard","has-post-thumbnail","hentry","category-destacamos","category-ultimas-noticias","tag-baguazo","tag-ministro-interior","tag-pnp"],"featured_image_urls":{"full":["https:\/\/www.radioactiva.com.pe\/blogs\/wp-content\/uploads\/2011\/11\/ministro-interior-fiscal.jpg",650,433,false],"thumbnail":["https:\/\/www.radioactiva.com.pe\/blogs\/wp-content\/uploads\/2011\/11\/ministro-interior-fiscal-150x150.jpg",150,150,true],"medium":["https:\/\/www.radioactiva.com.pe\/blogs\/wp-content\/uploads\/2011\/11\/ministro-interior-fiscal-300x200.jpg",300,200,true],"medium_large":["https:\/\/www.radioactiva.com.pe\/blogs\/wp-content\/uploads\/2011\/11\/ministro-interior-fiscal.jpg",650,433,false],"large":["https:\/\/www.radioactiva.com.pe\/blogs\/wp-content\/uploads\/2011\/11\/ministro-interior-fiscal.jpg",650,433,false],"wpsimplegallery_admin_thumb":["https:\/\/www.radioactiva.com.pe\/blogs\/wp-content\/uploads\/2011\/11\/ministro-interior-fiscal.jpg",109,73,false],"wpsimplegallery_thumb":["https:\/\/www.radioactiva.com.pe\/blogs\/wp-content\/uploads\/2011\/11\/ministro-interior-fiscal.jpg",100,67,false],"1536x1536":["https:\/\/www.radioactiva.com.pe\/blogs\/wp-content\/uploads\/2011\/11\/ministro-interior-fiscal.jpg",650,433,false],"2048x2048":["https:\/\/www.radioactiva.com.pe\/blogs\/wp-content\/uploads\/2011\/11\/ministro-interior-fiscal.jpg",650,433,false],"wp_review_large":["https:\/\/www.radioactiva.com.pe\/blogs\/wp-content\/uploads\/2011\/11\/ministro-interior-fiscal.jpg",300,200,false],"wp_review_small":["https:\/\/www.radioactiva.com.pe\/blogs\/wp-content\/uploads\/2011\/11\/ministro-interior-fiscal.jpg",65,43,false],"grandmagazine_blog_classic":["https:\/\/www.radioactiva.com.pe\/blogs\/wp-content\/uploads\/2011\/11\/ministro-interior-fiscal.jpg",650,433,false],"grandmagazine_blog":["https:\/\/www.radioactiva.com.pe\/blogs\/wp-content\/uploads\/2011\/11\/ministro-interior-fiscal.jpg",600,400,false],"woocommerce_thumbnail":["https:\/\/www.radioactiva.com.pe\/blogs\/wp-content\/uploads\/2011\/11\/ministro-interior-fiscal.jpg",300,200,false],"woocommerce_single":["https:\/\/www.radioactiva.com.pe\/blogs\/wp-content\/uploads\/2011\/11\/ministro-interior-fiscal.jpg",600,400,false],"woocommerce_gallery_thumbnail":["https:\/\/www.radioactiva.com.pe\/blogs\/wp-content\/uploads\/2011\/11\/ministro-interior-fiscal.jpg",100,67,false]},"author_info":{"display_name":"Radioactiva","author_link":"https:\/\/www.radioactiva.com.pe\/blogs\/author\/admin"},"category_info":"<a href=\"https:\/\/www.radioactiva.com.pe\/blogs\/secciones\/destacamos\" rel=\"category tag\">Destacamos<\/a> <a href=\"https:\/\/www.radioactiva.com.pe\/blogs\/secciones\/ultimas-noticias\" rel=\"category tag\">Noticias<\/a>","tag_info":"Noticias","comment_count":0,"_links":{"self":[{"href":"https:\/\/www.radioactiva.com.pe\/blogs\/wp-json\/wp\/v2\/posts\/1944","targetHints":{"allow":["GET"]}}],"collection":[{"href":"https:\/\/www.radioactiva.com.pe\/blogs\/wp-json\/wp\/v2\/posts"}],"about":[{"href":"https:\/\/www.radioactiva.com.pe\/blogs\/wp-json\/wp\/v2\/types\/post"}],"author":[{"embeddable":true,"href":"https:\/\/www.radioactiva.com.pe\/blogs\/wp-json\/wp\/v2\/users\/1"}],"replies":[{"embeddable":true,"href":"https:\/\/www.radioactiva.com.pe\/blogs\/wp-json\/wp\/v2\/comments?post=1944"}],"version-history":[{"count":0,"href":"https:\/\/www.radioactiva.com.pe\/blogs\/wp-json\/wp\/v2\/posts\/1944\/revisions"}],"wp:featuredmedia":[{"embeddable":true,"href":"https:\/\/www.radioactiva.com.pe\/blogs\/wp-json\/wp\/v2\/media\/1945"}],"wp:attachment":[{"href":"https:\/\/www.radioactiva.com.pe\/blogs\/wp-json\/wp\/v2\/media?parent=1944"}],"wp:term":[{"taxonomy":"category","embeddable":true,"href":"https:\/\/www.radioactiva.com.pe\/blogs\/wp-json\/wp\/v2\/categories?post=1944"},{"taxonomy":"post_tag","embeddable":true,"href":"https:\/\/www.radioactiva.com.pe\/blogs\/wp-json\/wp\/v2\/tags?post=1944"}],"curies":[{"name":"wp","href":"https:\/\/api.w.org\/{rel}","templated":true}]}}