{"id":1054,"date":"2011-01-05T11:33:42","date_gmt":"2011-01-05T16:33:42","guid":{"rendered":"http:\/\/www.radioactiva.com.pe\/blogs\/?p=1054"},"modified":"2011-01-05T11:33:42","modified_gmt":"2011-01-05T16:33:42","slug":"peru-sede-de-otro-gran-evento","status":"publish","type":"post","link":"https:\/\/www.radioactiva.com.pe\/blogs\/peru-sede-de-otro-gran-evento-noticia","title":{"rendered":"PERU: SEDE DE OTRO GRAN EVENTO"},"content":{"rendered":"<div id=\"attachment_1055\" style=\"width: 310px\" class=\"wp-caption alignleft\"><img loading=\"lazy\" decoding=\"async\" aria-describedby=\"caption-attachment-1055\" class=\"size-medium wp-image-1055\" title=\"PERU: SEDE DE OTRO GRAN EVENTO\" src=\"https:\/\/www.radioactiva.com.pe\/blogs\/wp-content\/uploads\/2011\/01\/ASPA_OK-300x198.jpg\" alt=\"PERU: SEDE DE OTRO GRAN EVENTO\" width=\"300\" height=\"198\" \/><p id=\"caption-attachment-1055\" class=\"wp-caption-text\">PERU: SEDE DE OTRO GRAN EVENTO<\/p><\/div>\n<p><em><strong>Por: Dr. Leonardo S\u00e1nchez Colchado<br \/>\nConductor Enfoque Globlal.com<\/strong><\/em><\/p>\n<p>En febrero de 2011, Per\u00fa ser\u00e1 sede de la Tercera Cumbre de jefes de Estado y de Gobierno de Am\u00e9rica del Sur y Pa\u00edses \u00c1rabes, evento que colocar\u00e1 nuevamente a nuestro pa\u00eds en las mejores vitrinas internacionales. Los pa\u00edses \u00e1rabes que conforman este bloque son: Argelia, Arabia Saudita, Bahrein, Qatar, Comores, Yubuti, Egipto, Emiratos \u00c1rabes Unidos, Yemen, Irak, Jordania, Kuwait, L\u00edbano, Libia, Marruecos, Mauritania, Om\u00e1n, Palestina, Siria, Somalia, Sud\u00e1n y T\u00fanez.<\/p>\n<p>De acuerdo con el Centro de Comercio Exterior de la C\u00e1mara de Comercio de Lima, el a\u00f1o pasado el comercio bilateral con los pa\u00edses \u00e1rabes alcanz\u00f3 alrededor de 85 millones de d\u00f3lares. Argelia, Emiratos \u00c1rabes y Qatar se constituyen en los mercados de mayor relaci\u00f3n comercial con el Per\u00fa, pues hacia ellos se destinan nuestras exportaciones compuestas principalmente de minerales, alimentos, vidrios de seguridad para autom\u00f3viles, aeronaves y barcos, neum\u00e1ticos, partes de maquinarias, entre otros. Nuestros principales mercados proveedores son Bahrein, Arabia Saudita y Emiratos \u00c1rabes Unidos, pa\u00edses a los que compramos cables de aluminio, ferromanganeso y otros. Desde Arabia Saudita se importaron productos como polipropileno y polietileno; mientras que de Emiratos \u00c1rabes Unidos adquirimos intercambiadores de calor, recipientes para gas comprimido de fundici\u00f3n de hierro o acero y placas, l\u00e1minas, hojas y tiras de etileno.<!--more--><\/p>\n<p>Recientemente se ha creado la C\u00e1mara Empresarial Multinacional Peruano-\u00c1rabe, la cual se constituye en momentos en que el Per\u00fa ratifica su importancia como uno de los pa\u00edses con mayor potencial de desarrollo econ\u00f3mico y l\u00edder de la recuperaci\u00f3n latinoamericana.<\/p>\n<p>Como se\u00f1ala Fabi\u00e1n Vallas Trujillo (<em>Los retos de la seguridad y la defensa<\/em>) hay que reconocer que el mundo se est\u00e1 moviendo en un contexto de conflicto antes que de cooperaci\u00f3n, sobre todo tras el fin de la Guerra Fr\u00eda. Cuando Samuel Huntington sentenci\u00f3 que \u201clos conflictos en el nuevo ordenamiento mundial no ser\u00e1n principalmente ideol\u00f3gicos ni econ\u00f3micos, sino culturales\u201d, muchos acad\u00e9micos buscaron encontrar el eje del desencuentro entre la llamada civilizaci\u00f3n occidental y la vertiente musulmana.<\/p>\n<p>A sucesos como los atentados terroristas del 11-S, se les suma la intervenci\u00f3n estadounidense a Irak, la continua lucha entre palestinos e israel\u00edes, la guerra contra los talibanes en Afganist\u00e1n, la guerra inconclusa de Chechenia y las constantes confrontaciones entre las comunidades musulmanas. Todo ello consolid\u00f3 la imagen de enfrentamiento entre Occidente y el bloque musulm\u00e1n. Sin embargo, los pa\u00edses sudamericanos y \u00e1rabes se han mantenido al margen de esta confrontaci\u00f3n.<\/p>\n<p>Indica Vallas Trujillo que no hemos vivido \u201caldea global\u201d de Marshall Mc Luhan, sino una globalizaci\u00f3n tremendamente desigual, donde el norte se convirti\u00f3 en un emisor activo y el sur, en un receptor pasivo. S\u00f3lo la aparici\u00f3n de nuevas tecnolog\u00edas y experiencia como la de Al Jazzera han buscado tender puentes Sur-Sur. Por tal motivo, los pueblos \u00e1rabes y sudamericanos todav\u00eda no nos conocemos bien, excepto por los estereotipos que nos ofrece la industria de entretenimiento de Hollywood. Tampoco en nuestras sociedades resaltamos el aporte de la fusi\u00f3n de culturas \u00e1rabe y sudamericana como producto de la inmigraci\u00f3n.<\/p>\n<p>En este dif\u00edcil contexto, tenemos intereses y perspectivas comunes como, por ejemplo, la condici\u00f3n de ser dos regiones con inmensa riqueza energ\u00e9tica, ya que el petr\u00f3leo se encuentra principalmente en 26 yacimientos supergigantes, de los cuales diez de encuentra en Medio Oriente y dos en Am\u00e9rica Latina, es decir, M\u00e9xico y Venezuela. Brasil podr\u00eda ser incluido en esta lista, por sus recientes hallazgos de petr\u00f3leo. Adem\u00e1s, Sudam\u00e9rica es potencia gas\u00edfera con Bolivia a la cabeza, as\u00ed como Colombia, Ecuador, Venezuela, Brasil y Per\u00fa.<\/p>\n<p>Otro tema en el que est\u00e1n de acuerdo los dos bloques es la necesidad de una profunda reforma del Consejo de Seguridad de las Naciones Unidas, pues las potencias occidentales han conservado una presencia desproporcionada en dicho consejo y en otros organismos internacionales, al mantener un gran poder pol\u00edtico, econ\u00f3mico y militar. Desde el fin de la Guerra Fr\u00eda, se ha discutido una reforma de la ONU para convertirla en un organismo realmente representativo a escala mundial. Tanto el bloque \u00e1rabe como la comunidad sudamericana han sido colocados al margen de este proceso y, los cambios esperados se han ido postergando indefinidamente.<\/p>\n<p>Por otro lado, el problema palestino genera solidaridad en su demanda de un Estado soberano, pero a\u00fan hay divisi\u00f3n en cuanto a c\u00f3mo ayudar a ese pueblo a consolidarse como naci\u00f3n. Mientras la mayor parte de los pa\u00edses desea un bloque que ayude a la integraci\u00f3n pol\u00edtica y social, otros prefieren llevar la organizaci\u00f3n al terreno de la confrontaci\u00f3n.<\/p>\n<p>El internacionalista Farid Kahhat en reciente entrevista se\u00f1al\u00f3 que alrededor del 90 por ciento de los \u00e1rabes, por lengua y cultura, profesa la religi\u00f3n musulmana. Adem\u00e1s, el <em>Cor\u00e1n<\/em>, el libro sagrado del Islam, fue escrito originalmente en \u00e1rabe, la lengua de la revelaci\u00f3n para los musulmanes. Ser \u00e1rabe no implica ser necesariamente musulm\u00e1n, pues se puede hablar \u00e1rabe y profesar cualquier religi\u00f3n como cristiano, jud\u00edo o musulm\u00e1n. La mayor cantidad de musulmanes en el mundo no son \u00e1rabes ni viven en el Medio Oriente, como podr\u00eda creerse.<\/p>\n<p>Adem\u00e1s, en el caso espec\u00edfico de los palestinos, que son una parte importante de los inmigrantes \u00e1rabes en Am\u00e9rica Latina, debido a la ocupaci\u00f3n israel\u00ed, no tienen un pa\u00eds al cual volver y para ellos nuestro continente es su \u00fanico hogar.<\/p>\n<p>La gente que conoce lo \u00e1rabe s\u00f3lo por los medios, tiene una visi\u00f3n equivocada de ellos, pues mucho de la cobertura medi\u00e1tica en pa\u00edses como el Per\u00fa proviene de fuentes occidentales\u00a0 que, a partir del 11 de septiembre de 2001, adoptan una visi\u00f3n m\u00e1s bien equivocada, lo que evidentemente es injusto.<\/p>\n<p>En nuestro pa\u00eds hay unos 12 mil peruanos de origen \u00e1rabe, de los cuales los palestinos son m\u00e1s del 70 por ciento del total. La comunidad libanesa es m\u00e1s peque\u00f1a y los sirios son apenas unas familias. Hay ejemplos como el de la colombiana Shakira que vinculan las culturas sudamericana y \u00e1rabe, ya que ella, cuyos ancestros son de origen liban\u00e9s, canta en espa\u00f1ol pero mantiene el ritmo y los coros en \u00e1rabe y \u2013por lo tanto- es muy popular en Medio Oriente. En Hollywood, Salma Hayek es considerada la encarnaci\u00f3n de la belleza latina, pero es hija de liban\u00e9s. El genotipo latino y el \u00e1rabe, en general, son bastantes parecidos, contra lo que se suele pensar, se\u00f1ala Farid Kahhat.<\/p>\n<p>A favor de la corriente que Samuel Huntington impuls\u00f3 en el verano de 1993 y con el a\u00f1adido de una contraproducente \u201cguerra contra el terror\u201d, se ha ido consolidando un escenario internacional que define al Islam como el nuevo enemigo a batir. As\u00ed, se ha procurado revestir a ese concepto con todos los ropajes de la peor especie, desde antidemocr\u00e1tico hasta directamente terrorista, pasando por machista, violento y retr\u00f3grado con el fin de identificarlo como una amenaza de orden global que pondr\u00eda en peligro nuestra propia supervivencia y civilizaci\u00f3n.<\/p>\n<p>Tambi\u00e9n conviene destacar la interesada confusi\u00f3n de quienes promueven que aislamiento pol\u00edtico y terrorismo internacional son la misma cosa. Quienes as\u00ed act\u00faan buscan generar la impresi\u00f3n de que los m\u00e1s de 1,700 millones de musulmanes que hay en el planeta son terroristas en potencia y deben ser controlados como enemigos. Por el contrario, ellos contribuyen en forma muy positiva al mantenimiento de nuestros sistemas productivos\u00a0 y son, hoy por hoy, un buen negocio en la medida en que reportan a cada uno de los Estados en los que residen mucho m\u00e1s de lo que reciben de \u00e9stos.<\/p>\n<p>Uno de los centros de investigaci\u00f3n del Foro <em>Pew<\/em> ha presentado un estudio sobre el n\u00famero y la distribuci\u00f3n de la poblaci\u00f3n musulmana en el mundo. Como era previsible, \u00e9sta ha aumentado con el tiempo a 1,700 millones. El tema no es un asunto que en nuestro pa\u00eds no toque de manera directa, ya que en el Per\u00fa s\u00f3lo hay unos mil musulmanes, de los cuales 400 est\u00e1n en Lima y el resto est\u00e1n dispersos sobre todo en el sur; adem\u00e1s solo existen mezquitas en Lima y Tacna. En Ecuador y Bolivia son unos dos mil, en Chile unos cuatro mil, en Colombia 14 mil, en Brasil caso 200 mil y en Argentina unos 800 mil.<\/p>\n<p>Como podemos apreciar son muchas cosas \u2013sobre todo culturales- los que nos unen a los \u00e1rabes, quienes son personas que han contribuido al desarrollo de las sociedades donde se han afincado; son pacifistas y muy solidarios, tienen muy arraigado en sentido de unidad familiar y afectivo con el entorno amical.<\/p>\n<p>Pero uno de los temas que consideramos debe ser objeto de amplio y serio debate es el conflicto palestino-israel\u00ed, que lleva m\u00e1s treinta a\u00f1os sin soluci\u00f3n y, sin que la comunidad internacional ponga inter\u00e9s en este tema. Nosotros hacemos un llamado a ambos bloques para que hagan una propuesta viable ante el Consejo de Seguridad de las Naciones Unidas y los gobiernos de las potencias mundiales para que pongan fin a este conflicto y de esa manera nuestros hermanos palestinos por fin encuentren la paz y una vida digna.<\/p>\n<p>Por otro lado, el agua representa un recurso en peligro para ambos bloques, sobre todo para los pa\u00edses \u00e1rabes cuyos gobiernos han comenzado a trazar una serie de estrategias para mitigar los efectos del cambio clim\u00e1tico, tal como se hace actualmente en Am\u00e9rica del Sur. En vista de que el norte de \u00c1frica y Medio Oriente constituyen una de las regiones m\u00e1s secas del Globo, los estudios t\u00e9cnicos no dudan en advertir que esta zona enfrentar\u00e1 una severa escasez de agua dentro de cinco a\u00f1os. A partir del 2015, si la crisis clim\u00e1tica contin\u00faa su curso, los \u00e1rabes tendr\u00e1n que sobrevivir con menos de 500 metros c\u00fabicos de agua por a\u00f1o, cuando el promedio mundial actual se sit\u00faa en seis mil metros c\u00fabicos por persona, seg\u00fan cifras proporcionadas por el Foro \u00c1rabe para el Medio Ambiente y el Desarrollo.<\/p>\n<p>A ello se suma el hecho de que la poblaci\u00f3n \u00e1rabe llegar\u00e1 a casi 600 millones hacia mediados de siglo, duplicando su actual nivel de 360 millones de habitantes en estos pa\u00edses. Por lo tanto, la situaci\u00f3n demanda de respuestas urgentes.<\/p>\n","protected":false},"excerpt":{"rendered":"<p>Por: Dr. Leonardo S\u00e1nchez Colchado Conductor Enfoque Globlal.com En febrero de 2011, Per\u00fa ser\u00e1 sede de la Tercera Cumbre de jefes de Estado y de Gobierno de Am\u00e9rica del Sur y Pa\u00edses \u00c1rabes, evento que colocar\u00e1 nuevamente a nuestro pa\u00eds [&hellip;]<\/p>\n","protected":false},"author":1,"featured_media":0,"comment_status":"open","ping_status":"open","sticky":false,"template":"","format":"standard","meta":{"footnotes":""},"categories":[1],"tags":[241],"class_list":["post-1054","post","type-post","status-publish","format-standard","hentry","category-opinion","tag-peru-sede-de-otro-gran-evento"],"featured_image_urls":{"full":"","thumbnail":"","medium":"","medium_large":"","large":"","wpsimplegallery_admin_thumb":"","wpsimplegallery_thumb":"","1536x1536":"","2048x2048":"","wp_review_large":"","wp_review_small":"","grandmagazine_blog_classic":"","grandmagazine_blog":"","woocommerce_thumbnail":"","woocommerce_single":"","woocommerce_gallery_thumbnail":""},"author_info":{"display_name":"Radioactiva","author_link":"https:\/\/www.radioactiva.com.pe\/blogs\/author\/admin"},"category_info":"<a href=\"https:\/\/www.radioactiva.com.pe\/blogs\/secciones\/opinion\" rel=\"category tag\">Opini\u00f3n<\/a>","tag_info":"Opini\u00f3n","comment_count":0,"_links":{"self":[{"href":"https:\/\/www.radioactiva.com.pe\/blogs\/wp-json\/wp\/v2\/posts\/1054","targetHints":{"allow":["GET"]}}],"collection":[{"href":"https:\/\/www.radioactiva.com.pe\/blogs\/wp-json\/wp\/v2\/posts"}],"about":[{"href":"https:\/\/www.radioactiva.com.pe\/blogs\/wp-json\/wp\/v2\/types\/post"}],"author":[{"embeddable":true,"href":"https:\/\/www.radioactiva.com.pe\/blogs\/wp-json\/wp\/v2\/users\/1"}],"replies":[{"embeddable":true,"href":"https:\/\/www.radioactiva.com.pe\/blogs\/wp-json\/wp\/v2\/comments?post=1054"}],"version-history":[{"count":0,"href":"https:\/\/www.radioactiva.com.pe\/blogs\/wp-json\/wp\/v2\/posts\/1054\/revisions"}],"wp:attachment":[{"href":"https:\/\/www.radioactiva.com.pe\/blogs\/wp-json\/wp\/v2\/media?parent=1054"}],"wp:term":[{"taxonomy":"category","embeddable":true,"href":"https:\/\/www.radioactiva.com.pe\/blogs\/wp-json\/wp\/v2\/categories?post=1054"},{"taxonomy":"post_tag","embeddable":true,"href":"https:\/\/www.radioactiva.com.pe\/blogs\/wp-json\/wp\/v2\/tags?post=1054"}],"curies":[{"name":"wp","href":"https:\/\/api.w.org\/{rel}","templated":true}]}}